{"id":123633,"date":"2025-09-18T19:09:06","date_gmt":"2025-09-18T19:09:06","guid":{"rendered":"https:\/\/www.europesays.com\/es\/123633\/"},"modified":"2025-09-18T19:09:06","modified_gmt":"2025-09-18T19:09:06","slug":"el-equipo-viene-con-ganas-y-fuerza","status":"publish","type":"post","link":"https:\/\/www.europesays.com\/es\/123633\/","title":{"rendered":"El equipo viene con ganas y fuerza"},"content":{"rendered":"<p class=\"ft-text\">El BM Caja Rural Zamora ha empezado la Liga con una victoria ante Maravillas y haciendo gala de su papel de favorito para estar en la zona alta. Uno de los pilares del vestuario, Guille Garc\u00eda, reconoc\u00eda que el equipo \u00abviene con fuerza y ganas\u00bb en este inicio de campeonato, aunque tambi\u00e9n admiti\u00f3 el partido de la primera jornada, m\u00e1s all\u00e1 del triunfo, no fue todo lo vistoso que se pod\u00eda esperar. \u00abSe cumpli\u00f3 con el objetivo y sumamos los dos puntos, pero s\u00ed faltaron cosas\u00bb. En concreto, el jugador habl\u00f3 de \u00abfalta de concentraci\u00f3n y adaptaci\u00f3n a la pista\u00bb. \u00abQuiz\u00e1, tambi\u00e9n, pecamos algo de soberbios al pensar que iba a ser m\u00e1s sencillo, pero es verdad que despu\u00e9s los equipos aprietan\u00bb, indic\u00f3 el jugador.<\/p>\n<p class=\"ft-text\">Con esta lecci\u00f3n aprendida, los Guerreros de Viriato afrontan el primer partido en casa, en el que se ver\u00e1n las caras con Astillero que viene de ganar haciendo gala de un gran potencial anotador, llegando a los 41 goles. \u00abEs verdad que hubo muchos goles en ambas porter\u00edas, pero 41 son muchos goles. Es un equipo dif\u00edcil con jugadores que saben lo que hacen\u00bb y entre los que destaca Rub\u00e9n Carbajal. \u00abTenemos que tener los pies en el suelo, la cabeza concentrada e ir d\u00eda a d\u00eda\u00bb.<\/p>\n<p>\u00abA mitad de temporada estar\u00e9 al 200%\u00bb<\/p>\n<p class=\"ft-text\">Guille, en su intervenci\u00f3n, tambi\u00e9n habl\u00f3 de su situaci\u00f3n personal y, aunque confes\u00f3 que cada a\u00f1o le va costando m\u00e1s y va perdiendo la explosividad, tiene claro que \u00abde aqu\u00ed a mediados de temporada, estar\u00e9 al 200%\u00bb, lo que sin duda ser\u00e1 perfecto para el equipo.<\/p>\n<p class=\"ft-text\">De cara a este encuentro, y a falta de una sesi\u00f3n para perfilar detalles, F\u00e9lix Moj\u00f3n cuenta con solo dos bajas para el estreno de la plantilla ante su afici\u00f3n en partido de liga. El t\u00e9cnico sufrir\u00e1 las bajas de N\u00e9stor y Felipe mientras que el resto se encuentra a buen nivel para ofrecer a los suyos un gran espect\u00e1culo.<\/p>\n","protected":false},"excerpt":{"rendered":"El BM Caja Rural Zamora ha empezado la Liga con una victoria ante Maravillas y haciendo gala de&hellip;\n","protected":false},"author":2,"featured_media":123634,"comment_status":"","ping_status":"","sticky":false,"template":"","format":"standard","meta":{"footnotes":""},"categories":[278],"tags":[3437,376,383,8221,8222,168,25,24,3142,5815,14054,375,378,23,167],"class_list":{"0":"post-123633","1":"post","2":"type-post","3":"status-publish","4":"format-standard","5":"has-post-thumbnail","7":"category-balonmano","8":"tag-aficion","9":"tag-balonmano","10":"tag-bm","11":"tag-caja","12":"tag-caja-rural-zamora","13":"tag-deportes","14":"tag-es","15":"tag-espana","16":"tag-garcia","17":"tag-goles","18":"tag-guille","19":"tag-handball","20":"tag-jugador","21":"tag-spain","22":"tag-sports"},"share_on_mastodon":{"url":"","error":""},"_links":{"self":[{"href":"https:\/\/www.europesays.com\/es\/wp-json\/wp\/v2\/posts\/123633","targetHints":{"allow":["GET"]}}],"collection":[{"href":"https:\/\/www.europesays.com\/es\/wp-json\/wp\/v2\/posts"}],"about":[{"href":"https:\/\/www.europesays.com\/es\/wp-json\/wp\/v2\/types\/post"}],"author":[{"embeddable":true,"href":"https:\/\/www.europesays.com\/es\/wp-json\/wp\/v2\/users\/2"}],"replies":[{"embeddable":true,"href":"https:\/\/www.europesays.com\/es\/wp-json\/wp\/v2\/comments?post=123633"}],"version-history":[{"count":0,"href":"https:\/\/www.europesays.com\/es\/wp-json\/wp\/v2\/posts\/123633\/revisions"}],"wp:featuredmedia":[{"embeddable":true,"href":"https:\/\/www.europesays.com\/es\/wp-json\/wp\/v2\/media\/123634"}],"wp:attachment":[{"href":"https:\/\/www.europesays.com\/es\/wp-json\/wp\/v2\/media?parent=123633"}],"wp:term":[{"taxonomy":"category","embeddable":true,"href":"https:\/\/www.europesays.com\/es\/wp-json\/wp\/v2\/categories?post=123633"},{"taxonomy":"post_tag","embeddable":true,"href":"https:\/\/www.europesays.com\/es\/wp-json\/wp\/v2\/tags?post=123633"}],"curies":[{"name":"wp","href":"https:\/\/api.w.org\/{rel}","templated":true}]}}