{"id":123637,"date":"2025-09-18T19:14:10","date_gmt":"2025-09-18T19:14:10","guid":{"rendered":"https:\/\/www.europesays.com\/es\/123637\/"},"modified":"2025-09-18T19:14:10","modified_gmt":"2025-09-18T19:14:10","slug":"la-bici-mas-especial-de-la-carrera-de-nino-schurter","status":"publish","type":"post","link":"https:\/\/www.europesays.com\/es\/123637\/","title":{"rendered":"la bici m\u00e1s especial de la carrera de Nino Schurter"},"content":{"rendered":"<p>Lenzerheide vivir\u00e1 un momento hist\u00f3rico con la \u00faltima participaci\u00f3n de Nino Schurter en una Copa del Mundo. El suizo, considerado el mejor biker de todos los tiempos, se despidir\u00e1 all\u00ed, en su casa y rodeado por su afici\u00f3n, y adem\u00e1s lo har\u00e1 con una bici muy especial. <strong>Esta SCOTT Spark RC X N1NO Special Edition es un aut\u00e9ntico \u201ctrono sobre ruedas\u201d.<\/strong><\/p>\n<p><img class=\" lazyload\" border=\"0\" alt=\"SCOTT Spark RC X N1NO: la bici m\u00e1s especial de la carrera de Nino Schurter\" width=\"6000\" height=\"4500\"  data-\/><\/p>\n<p>Nino Schurter ha disfrutado a lo largo de su carrera de muchas personalizaci\u00f3n \u00fanicas en su SCOTT Spark y la marca ha querido rendirle homenaje una vez m\u00e1s con un dise\u00f1o \u00fanico y personalizado al extremo. Yanick Gyger, el mec\u00e1nico de Schurter defin\u00eda as\u00ed esta Spark:\u00a0\u201cTener el honor de montar esta edici\u00f3n especial de Nino para su \u00faltima Copa del Mundo en Lenzerheide fue un momento inolvidable para m\u00ed. Sinceramente, es uno de los mejores dise\u00f1os que he podido montar.\u201d<\/p>\n<p><img border=\"0\" width=\"6000\" height=\"4000\" class=\" lazyload\"  data- alt=\"SCOTT Spark RC X N1NO: la bici m\u00e1s especial de la carrera de Nino Schurter\"\/><\/p>\n<p><img border=\"0\" width=\"1200\" height=\"800\" class=\" lazyload\"  data- alt=\"SCOTT Spark RC X N1NO: la bici m\u00e1s especial de la carrera de Nino Schurter\"\/>&#13;<br \/>\nEn el tubo vertical se puede leer:\u00a0Greatest Of All Time, sin duda Nino es el GOAT del XCO&#13;<\/p>\n<p><img class=\" lazyload\" border=\"0\" alt=\"SCOTT Spark RC X N1NO: la bici m\u00e1s especial de la carrera de Nino Schurter\" width=\"1200\" height=\"800\"  data-\/>&#13;<br \/>\n&#13;<\/p>\n<p>Los eslabones de la cadena se han personalizado y se puede leer N1NO y GOAT entre otras inscripciones, una aut\u00e9ncia obra de orfebrer\u00eda<\/p>\n<p>&#13;<br \/>\n&#13;<\/p>\n<p><img border=\"0\" width=\"6000\" height=\"4500\" class=\" lazyload\"  data- alt=\"SCOTT Spark RC X N1NO: la bici m\u00e1s especial de la carrera de Nino Schurter\"\/>&#13;<br \/>\nLas bielas y la jaula de las roldanas se han pintado de rojo a juego con el resto del cuadro&#13;<\/p>\n<p>El cuadro de carbono HMX SL est\u00e1 inspirado en los colores suizos y luce un dise\u00f1o espectacular en blanco y rojo con salpicaduras de pintura que simbolizan la velocidad y la lucha constante por la victoria. El cuadro est\u00e1 lleno de detalles, con zonas en \u00abrojo lavado\u00bb que dejan entrever lo que hay debajo, y, por supuesto, las franjas arco\u00edris, que Schurter ha vestido m\u00e1s que ning\u00fan otro ciclista. En el tubo del sill\u00edn, una inscripci\u00f3n lo resume todo: Greatest Of All Time.<\/p>\n<p><img class=\" lazyload\" border=\"0\" alt=\"SCOTT Spark RC X N1NO: la bici m\u00e1s especial de la carrera de Nino Schurter\" width=\"6000\" height=\"4000\"  data-\/>&#13;<br \/>\nLos detalles sutiles de la pintura est\u00e1n por todo el cuadro&#13;<\/p>\n<p><img class=\" lazyload\" border=\"0\" alt=\"SCOTT Spark RC X N1NO: la bici m\u00e1s especial de la carrera de Nino Schurter\" width=\"6000\" height=\"4000\"  data-\/>&#13;<br \/>\nRadios en rojo y detalle en las llantas del mismo color&#13;<\/p>\n<p>Adem\u00e1s, sobre el amortiguador trasero se muestra un collage con algunos de los hitos de su carrera, mientras que componentes de SRAM, RockShox, Syncros, HT y MAXXIS completan un montaje customizado al extremo. Pro ejemplo, las bielas SRAM lucen completamente rojas y en la cadena, en cada eslab\u00f3n se puede leer Nino y GOAT. Una configuraci\u00f3n sin duda a la altura de la leyenda.<\/p>\n<p>Los componentes tambi\u00e9n han sido personalizados, como las ruedas con detalles y radios en rojo para la trasera y blancos delante, o los frenos SRAM Motive Ultimate completamente blancos con una franja arco\u00edris en manetas y pinzas.<\/p>\n<p><img class=\" lazyload\" border=\"0\" alt=\"SCOTT Spark RC X N1NO: la bici m\u00e1s especial de la carrera de Nino Schurter\" width=\"6000\" height=\"4500\"  data-\/>&#13;<br \/>\nLas pinzas en blanco, a juego con la horquilla, con el detalle del arco\u00edris&#13;<\/p>\n<p><img class=\" lazyload\" border=\"0\" alt=\"SCOTT Spark RC X N1NO: la bici m\u00e1s especial de la carrera de Nino Schurter\" width=\"6000\" height=\"4000\"  data-\/>&#13;<br \/>\nLas manetas de freno en blanco a juego con las pinzas&#13;<\/p>\n<p><img class=\" lazyload\" border=\"0\" alt=\"SCOTT Spark RC X N1NO: la bici m\u00e1s especial de la carrera de Nino Schurter\" width=\"6000\" height=\"4000\"  data-\/>&#13;<br \/>\nEl casco de Nino a juego con su \u00faltima Spark en la Copa del Mundo&#13;<\/p>\n<p><img class=\" lazyload\" border=\"0\" alt=\"SCOTT Spark RC X N1NO: la bici m\u00e1s especial de la carrera de Nino Schurter\" width=\"6000\" height=\"4000\"  data-\/>&#13;<br \/>\nUna llanta con detalles rojos y la de delante con detalles y radios en blanco&#13;<\/p>\n<p><img class=\" lazyload\" border=\"0\" alt=\"SCOTT Spark RC X N1NO: la bici m\u00e1s especial de la carrera de Nino Schurter\" width=\"6000\" height=\"4000\"  data-\/><\/p>\n<p>Montaje completo de la SCOTT Spark RC X N1NO<\/p>\n<ul>&#13;<\/p>\n<li>Cuadro: SCOTT Spark RC Carbon HMX SL Custom (talla M)<\/li>\n<p>&#13;<\/p>\n<li>Horquilla: RockShox SID Ultimate Flight Attendant, 120 mm<\/li>\n<p>&#13;<\/p>\n<li>Amortiguador: RockShox SIDLuxe Flight Attendant, 120 mm<\/li>\n<p>&#13;<\/p>\n<li>Transmisi\u00f3n: SRAM BlackBox Eagle Transmission con bielas XX SL GOAT y potenci\u00f3metro<\/li>\n<p>&#13;<\/p>\n<li>Frenos: SRAM Motive Ultimate<\/li>\n<p>&#13;<\/p>\n<li>Ruedas: Syncros Silverton 1.0s<\/li>\n<p>&#13;<\/p>\n<li>Cubiertas: Maxxis Aspen ST 29&#215;2.40WT (prototipo)<\/li>\n<p>&#13;<\/p>\n<li>Tija: RockShox Reverb AXS<\/li>\n<p>&#13;<\/p>\n<li>Cockpit: Syncros Fraser iC SL WC integrado<\/li>\n<p>&#13;<\/p>\n<li>Pedales: HT Leopard M2T custom<\/li>\n<p>&#13;<\/p>\n<li>Ciclocomputador: Garmin Edge 840<\/li>\n<p>&#13;\n<\/ul>\n","protected":false},"excerpt":{"rendered":"Lenzerheide vivir\u00e1 un momento hist\u00f3rico con la \u00faltima participaci\u00f3n de Nino Schurter en una Copa del Mundo. El&hellip;\n","protected":false},"author":2,"featured_media":123638,"comment_status":"","ping_status":"","sticky":false,"template":"","format":"standard","meta":{"footnotes":""},"categories":[273],"tags":[313,312,168,25,24,23,167],"class_list":{"0":"post-123637","1":"post","2":"type-post","3":"status-publish","4":"format-standard","5":"has-post-thumbnail","7":"category-ciclismo","8":"tag-ciclismo","9":"tag-cycling","10":"tag-deportes","11":"tag-es","12":"tag-espana","13":"tag-spain","14":"tag-sports"},"share_on_mastodon":{"url":"","error":""},"_links":{"self":[{"href":"https:\/\/www.europesays.com\/es\/wp-json\/wp\/v2\/posts\/123637","targetHints":{"allow":["GET"]}}],"collection":[{"href":"https:\/\/www.europesays.com\/es\/wp-json\/wp\/v2\/posts"}],"about":[{"href":"https:\/\/www.europesays.com\/es\/wp-json\/wp\/v2\/types\/post"}],"author":[{"embeddable":true,"href":"https:\/\/www.europesays.com\/es\/wp-json\/wp\/v2\/users\/2"}],"replies":[{"embeddable":true,"href":"https:\/\/www.europesays.com\/es\/wp-json\/wp\/v2\/comments?post=123637"}],"version-history":[{"count":0,"href":"https:\/\/www.europesays.com\/es\/wp-json\/wp\/v2\/posts\/123637\/revisions"}],"wp:featuredmedia":[{"embeddable":true,"href":"https:\/\/www.europesays.com\/es\/wp-json\/wp\/v2\/media\/123638"}],"wp:attachment":[{"href":"https:\/\/www.europesays.com\/es\/wp-json\/wp\/v2\/media?parent=123637"}],"wp:term":[{"taxonomy":"category","embeddable":true,"href":"https:\/\/www.europesays.com\/es\/wp-json\/wp\/v2\/categories?post=123637"},{"taxonomy":"post_tag","embeddable":true,"href":"https:\/\/www.europesays.com\/es\/wp-json\/wp\/v2\/tags?post=123637"}],"curies":[{"name":"wp","href":"https:\/\/api.w.org\/{rel}","templated":true}]}}