{"id":123639,"date":"2025-09-18T19:15:08","date_gmt":"2025-09-18T19:15:08","guid":{"rendered":"https:\/\/www.europesays.com\/es\/123639\/"},"modified":"2025-09-18T19:15:08","modified_gmt":"2025-09-18T19:15:08","slug":"lawson-admite-que-su-principal-objetivo-este-ano-es-asegurarse-un-asiento-para-f1-2026-noticia-de-f1","status":"publish","type":"post","link":"https:\/\/www.europesays.com\/es\/123639\/","title":{"rendered":"Lawson admite que su principal objetivo este a\u00f1o es asegurarse un asiento para F1 2026 &#8211; Noticia de F1"},"content":{"rendered":"<p>De cara a la parte final de la temporada 2025, <strong>Liam Lawson<\/strong> sabe que tiene que ganarse su lugar en el equipo <strong>Racing Bulls <\/strong>para el a\u00f1o que viene en la <strong>F\u00f3rmula 1<\/strong> y el neozeland\u00e9s admiti\u00f3 que es el objetivo de cara al resto del a\u00f1o.<\/p>\n<p>\ud83d\udfe5\u00a0<strong>\u00a1Todas las novedades te esperan en el canal de\u00a0<\/strong><a href=\"https:\/\/www.youtube.com\/@GrandePremioES\" rel=\"nofollow noopener\" target=\"_blank\">YouTube<\/a><strong>\u00a0de Grande Pr\u00eamio en Espa\u00f1ol!<\/strong>\u00a0\ud83d\udfe8<\/p>\n<p>Hay que recordar que Liam hab\u00eda firmado como piloto de <strong>Red Bull<\/strong> a comienzos de este a\u00f1o, pero fue \u201cdescendido\u201d despu\u00e9s de solo dos carreras. Una buena racha de puntos antes del parte de verano lo coloc\u00f3 en otra posici\u00f3n, pero le cost\u00f3 volver a la zona puntuable en las carreras de <strong>Zandvoort<\/strong> y <strong>Monza<\/strong>.<\/p>\n<p><strong>\u00abComo piloto, lo principal es estar en la F\u00f3rmula 1, as\u00ed que estamos centrados en asegurar un asiento, y sinceramente, ese es mi objetivo ahora mismo. En cuanto a los dem\u00e1s equipos, creo que pr\u00e1cticamente todos ya tienen un puesto asegurado o tienen una idea clara de lo que har\u00e1n el a\u00f1o que viene\u00bb<\/strong>, declar\u00f3 Lawson durante una rueda de prensa de pilotos antes del inicio del fin de semana en <strong>Bak\u00fa <\/strong>para el <strong>GP de Azerbaiy\u00e1n<\/strong>.<\/p>\n<p><strong>\u00abActualmente estoy en conversaciones con Red Bull e intentando asegurarme un puesto donde estoy ahora. Adem\u00e1s, como dije, creo que estamos en un punto en el que la mayor\u00eda de ellos est\u00e1n pr\u00e1cticamente decididos\u00bb<\/strong>, concluy\u00f3 Lawson.<\/p>\n<p>Se cree que, de cara a la<strong> F1 2026<\/strong>, Red Bull colocar\u00eda a<strong> Isack Hadjar<\/strong> en lugar de <strong>Yuki Tsunoda<\/strong> como compa\u00f1ero de <strong>Max Verstappen<\/strong>, seg\u00fan la revista alemana Auto Motor und Sport. Liam lucha por mantenerse en el equipo de <strong>Faenza <\/strong>ante la posible llegada de <strong>Arvid Lindblad<\/strong>.<\/p>\n<p>\u23e9\u00a0<strong>\u00a1Seguinos en redes por\u00a0<\/strong><a href=\"https:\/\/twitter.com\/grandepremioES\" rel=\"nofollow noopener\" target=\"_blank\">Twitter\u00a0<\/a><strong>e\u00a0<\/strong><a href=\"https:\/\/www.instagram.com\/grandepremioes\/\" rel=\"nofollow noopener\" target=\"_blank\">Instagram!<br \/><\/a>\u23e9\u00a0<strong>Adem\u00e1s, tenemos nuestro\u00a0<\/strong><a href=\"https:\/\/whatsapp.com\/channel\/0029VaDZ5zb0gcfDxuwxBM05\" rel=\"nofollow noopener\" target=\"_blank\">canal de Whatsapp<\/a><strong>\u00a0con toda la informaci\u00f3n al instante<\/strong>\u00a0\ud83c\udfc1<\/p>\n<p>La F\u00f3rmula 1 vuelve del 19 al 21 de septiembre con el Gran Premio de Azerbaiy\u00e1n, la 17.\u00aa prueba de la temporada 2025. Cobertura de GRANDE PREMIO en Espa\u00f1ol.<\/p>\n<p>      <script async src=\"https:\/\/platform.twitter.com\/widgets.js\" charset=\"utf-8\"><\/script><script async src=\"\/\/www.instagram.com\/embed.js\"><\/script><\/p>\n","protected":false},"excerpt":{"rendered":"De cara a la parte final de la temporada 2025, Liam Lawson sabe que tiene que ganarse su&hellip;\n","protected":false},"author":2,"featured_media":123640,"comment_status":"","ping_status":"","sticky":false,"template":"","format":"standard","meta":{"footnotes":""},"categories":[270],"tags":[168,25,24,306,271,272,23,167],"class_list":{"0":"post-123639","1":"post","2":"type-post","3":"status-publish","4":"format-standard","5":"has-post-thumbnail","7":"category-formula-1","8":"tag-deportes","9":"tag-es","10":"tag-espana","11":"tag-f1","12":"tag-formula-1","13":"tag-formula1","14":"tag-spain","15":"tag-sports"},"share_on_mastodon":{"url":"","error":""},"_links":{"self":[{"href":"https:\/\/www.europesays.com\/es\/wp-json\/wp\/v2\/posts\/123639","targetHints":{"allow":["GET"]}}],"collection":[{"href":"https:\/\/www.europesays.com\/es\/wp-json\/wp\/v2\/posts"}],"about":[{"href":"https:\/\/www.europesays.com\/es\/wp-json\/wp\/v2\/types\/post"}],"author":[{"embeddable":true,"href":"https:\/\/www.europesays.com\/es\/wp-json\/wp\/v2\/users\/2"}],"replies":[{"embeddable":true,"href":"https:\/\/www.europesays.com\/es\/wp-json\/wp\/v2\/comments?post=123639"}],"version-history":[{"count":0,"href":"https:\/\/www.europesays.com\/es\/wp-json\/wp\/v2\/posts\/123639\/revisions"}],"wp:featuredmedia":[{"embeddable":true,"href":"https:\/\/www.europesays.com\/es\/wp-json\/wp\/v2\/media\/123640"}],"wp:attachment":[{"href":"https:\/\/www.europesays.com\/es\/wp-json\/wp\/v2\/media?parent=123639"}],"wp:term":[{"taxonomy":"category","embeddable":true,"href":"https:\/\/www.europesays.com\/es\/wp-json\/wp\/v2\/categories?post=123639"},{"taxonomy":"post_tag","embeddable":true,"href":"https:\/\/www.europesays.com\/es\/wp-json\/wp\/v2\/tags?post=123639"}],"curies":[{"name":"wp","href":"https:\/\/api.w.org\/{rel}","templated":true}]}}