{"id":123649,"date":"2025-09-18T19:20:34","date_gmt":"2025-09-18T19:20:34","guid":{"rendered":"https:\/\/www.europesays.com\/es\/123649\/"},"modified":"2025-09-18T19:20:34","modified_gmt":"2025-09-18T19:20:34","slug":"fil-guayaquil-2025-agenda-completa-para-el-jueves-18-de-septiembre-libros-entretenimiento","status":"publish","type":"post","link":"https:\/\/www.europesays.com\/es\/123649\/","title":{"rendered":"FIL Guayaquil 2025: Agenda completa para el jueves 18 de septiembre | Libros | Entretenimiento"},"content":{"rendered":"<p class=\"prose-text\">La Feria Internacional del Libro de Guayaquil contin\u00faa este jueves 18 con una jornada llena de charlas, talleres y presentaciones para todos los p\u00fablicos. <\/p>\n<p class=\"text-left prose-text\">Estas son las actividades del <b>segundo d\u00eda de feria<\/b>, ordenadas por horario:<\/p>\n<p>Ma\u00f1ana<\/p>\n<p class=\"text-left prose-text\"><b>09:00 a 11:00<\/b> <\/p>\n<ul class=\"prose-list\">\n<li>Cineclub: El universo de Duna \u2013 Carlos Sotomayor, Naty Cuadrado, Eduardo Espinoza (Sala 1)<\/li>\n<\/ul>\n<p class=\"text-left prose-text\"><b>10:00 a 11:00<\/b> <\/p>\n<ul class=\"prose-list\">\n<li>Taller: Creaci\u00f3n del cuento corto Story Spark and Book Craft \u2013 Mariuxi Arpi (Sala 4)<\/li>\n<li>Coloquio: Fomento a la lectura en mi aula \u2013 Catalina Cardona, El Mundo de los Libros (Sala 3)<\/li>\n<\/ul>\n<p class=\"text-left prose-text\"><b>10:00 a 12:00<\/b> <\/p>\n<ul class=\"prose-list\">\n<li>Taller \u201cLa isla de los cuentos y los cangrejos\u201d \u2013 Bel\u00e9n Varela, Museo de Arte Antropol\u00f3gico y Contempor\u00e1neo (Sala A)<\/li>\n<\/ul>\n<p class=\"text-left prose-text\"><b>11: 00 a 12:00<\/b> <\/p>\n<ul class=\"prose-list\">\n<li>Taller: La magia de la fotograf\u00eda \u2013 Jorge Diego Massuco, Universidad Cat\u00f3lica de Santiago de Guayaquil (Sala 4)<\/li>\n<li>Taller de marca personal \u201cMarca joven: define tu huella\u201d \u2013 Gisella Rodr\u00edguez (Sala 3)<\/li>\n<li>Taller Lengua Suelta: Desmontando mitos medi\u00e1ticos para pensar sin moldes \u2013 Tatiana Land\u00edn, M\u00f3nica Murga, Jessenia Chal\u00e9n, Universidad Cat\u00f3lica de Santiago de Guayaquil (Sala 5)<\/li>\n<li>Charla: El z\u00e1ngano que se atrevi\u00f3 a ser l\u00edder \u2013 Carlos Luis Andrade (Sala 1)<\/li>\n<\/ul>\n<p class=\"text-left prose-text\"><b>12:00 a 13:00<\/b> <\/p>\n<ul class=\"prose-list\">\n<li>La Biblia y la familia \u2013 Juan Bonilla, Iglesia Bautista Emanuel (Sala A)<\/li>\n<li>Charla: Las adaptaciones de Hans Christian Andersen \u2013 J\u00e9ssica Brito, Eduardo Espinoza, Butaca Paradiso \u2013 Cinespacio (Sala 1)<\/li>\n<\/ul>\n<p>Tarde<\/p>\n<p class=\"text-left prose-text\"><b>16:00 a 17:00<\/b> <\/p>\n<ul class=\"prose-list\">\n<li>Novelistas y cronistas mujeres latinoamericanas \u2013 Yanna Hadatty (Sala 5) <\/li>\n<li>Escribir, publicar y viajar: Oportunidades para autores y editoriales ecuatorianas \u2013 Carlos Mangia, Jonathan C\u00e1rdenas, Ministerio de Cultura y Patrimonio, C\u00e1mara Ecuatoriana del Libro (Sala 3)<\/li>\n<\/ul>\n<p class=\"text-left prose-text\"><b>17:00 a 18:00<\/b> <\/p>\n<ul class=\"prose-list\">\n<li>1er Concurso Marat\u00f3n de Historietas \u201cJuan Pueblo\u201d \u2013 Mauricio Gil, Mono C\u00f3mics (Sala 4)<\/li>\n<li>Presentaci\u00f3n de la colecci\u00f3n Deltas \u2013 Santiago Toral, Mariella Manrique, Andrea It\u00farburu; modera Diana Pacheco y Tina Zerega, Brazo de Mar Editorial (Sala 3)<\/li>\n<li>Narrativa y geograf\u00edas reales e imaginarias \u2013 Margarita Cu\u00e9llar, Santiago Cevallos, Gabriela Ponce (Sala 5)<\/li>\n<\/ul>\n<p>Noche<\/p>\n<p class=\"text-left prose-text\"><b>18:00 a 19:00<\/b> <\/p>\n<ul class=\"prose-list\">\n<li>La Biblia y la pol\u00edtica \u2013 Nelson Zavala, Iglesia Bautista Emanuel (Sala 4)<\/li>\n<li>Lanzamiento del libro \u201cEl asesino del tronco\u201d \u2013 Marisol Pons, Catalina Cardona, Editorial Planeta (Sala 1)<\/li>\n<li>Mrs. Dalloway: una lectura de hoy, a prop\u00f3sito del centenario de la obra \u2013 David Aguirre, Livina Santos, Evelyn Pacheco (Sala 5) <\/li>\n<li>Presentaci\u00f3n del libro \u201cApuestas cr\u00edticas\u201d \u2013 Cecilia Ansaldo, Ra\u00fal Serrano, Crist\u00f3bal Zapata, Universidad de Cuenca Casa Editora (Sala 4)<\/li>\n<\/ul>\n<p class=\"text-left prose-text\"><b>19:00 a 20:00<\/b> <\/p>\n<ul class=\"prose-list\">\n<li>Coloquio sobre la obra de Gloria Susana Esquivel \u2013 Entrevista: Ver\u00f3nica Coello (Sala 5)<\/li>\n<\/ul>\n<p class=\"text-left prose-text\"><b>20:00 a 21:00<\/b> <\/p>\n<ul class=\"prose-list\">\n<li>Coloquio con H\u00e9ctor Abad Faciolince: vida, literatura y legado \u2013 Entrevista: Marisol Pons, Mr. Books (Sala 1)<\/li>\n<\/ul>\n<p class=\"text-left prose-text\">Con esta variada programaci\u00f3n, la FIL Guayaquil 2025 ofrece un d\u00eda para disfrutar de literatura, cine, fotograf\u00eda, historietas y debates culturales en todos sus espacios.<b> La entrada por d\u00eda tiene un valor de $ 4. (E)<\/b><\/p>\n","protected":false},"excerpt":{"rendered":"La Feria Internacional del Libro de Guayaquil contin\u00faa este jueves 18 con una jornada llena de charlas, talleres&hellip;\n","protected":false},"author":2,"featured_media":123650,"comment_status":"","ping_status":"","sticky":false,"template":"","format":"standard","meta":{"footnotes":""},"categories":[172],"tags":[224,146,147,25,24,225,23],"class_list":{"0":"post-123649","1":"post","2":"type-post","3":"status-publish","4":"format-standard","5":"has-post-thumbnail","7":"category-libros","8":"tag-books","9":"tag-entertainment","10":"tag-entretenimiento","11":"tag-es","12":"tag-espana","13":"tag-libros","14":"tag-spain"},"share_on_mastodon":{"url":"","error":""},"_links":{"self":[{"href":"https:\/\/www.europesays.com\/es\/wp-json\/wp\/v2\/posts\/123649","targetHints":{"allow":["GET"]}}],"collection":[{"href":"https:\/\/www.europesays.com\/es\/wp-json\/wp\/v2\/posts"}],"about":[{"href":"https:\/\/www.europesays.com\/es\/wp-json\/wp\/v2\/types\/post"}],"author":[{"embeddable":true,"href":"https:\/\/www.europesays.com\/es\/wp-json\/wp\/v2\/users\/2"}],"replies":[{"embeddable":true,"href":"https:\/\/www.europesays.com\/es\/wp-json\/wp\/v2\/comments?post=123649"}],"version-history":[{"count":0,"href":"https:\/\/www.europesays.com\/es\/wp-json\/wp\/v2\/posts\/123649\/revisions"}],"wp:featuredmedia":[{"embeddable":true,"href":"https:\/\/www.europesays.com\/es\/wp-json\/wp\/v2\/media\/123650"}],"wp:attachment":[{"href":"https:\/\/www.europesays.com\/es\/wp-json\/wp\/v2\/media?parent=123649"}],"wp:term":[{"taxonomy":"category","embeddable":true,"href":"https:\/\/www.europesays.com\/es\/wp-json\/wp\/v2\/categories?post=123649"},{"taxonomy":"post_tag","embeddable":true,"href":"https:\/\/www.europesays.com\/es\/wp-json\/wp\/v2\/tags?post=123649"}],"curies":[{"name":"wp","href":"https:\/\/api.w.org\/{rel}","templated":true}]}}