{"id":123655,"date":"2025-09-18T19:25:20","date_gmt":"2025-09-18T19:25:20","guid":{"rendered":"https:\/\/www.europesays.com\/es\/123655\/"},"modified":"2025-09-18T19:25:20","modified_gmt":"2025-09-18T19:25:20","slug":"la-apnea-del-sueno-copa-el-50-de-las-consultas-de-neumologia","status":"publish","type":"post","link":"https:\/\/www.europesays.com\/es\/123655\/","title":{"rendered":"La apnea del sue\u00f1o copa el 50% de las consultas de Neumolog\u00eda"},"content":{"rendered":"<p>\n                                                 Carlos Egea, neum\u00f3logo y coordinador del A\u00f1o Separ 2025\/26 de los Trastornos Respiratorios del Sue\u00f1o                                            <\/p>\n<p>                                                La <a href=\"https:\/\/www.redaccionmedica.com\/recursos-salud\/diccionario-enfermedades\/sindrome-apnea-obstructiva-sueno\" title=\"Diccionario de enfermedades | Redacci\u00f3n M\u00e9dica\" rel=\"nofollow noopener\" target=\"_blank\">apnea obstructiva del sue\u00f1o<\/a> (AOS) es una de las afecciones cr\u00f3nicas m\u00e1s recurrentes en las consultas de Neumolog\u00eda, aproximadamente el 50 por ciento. A pesar de que en Espa\u00f1a m\u00e1s de 600.000 personas reciben tratamiento, tanto la evidencia cient\u00edfica de los estudios m\u00e1s recientes como la experiencia en las consultas indican que <strong>esta enfermedad est\u00e1 infradiagnosticada<\/strong>. Adem\u00e1s de crecer entre un 8 y un 10 por ciento anualmente, la tendencia es que cada vez m\u00e1s se <strong>diagnostica en mujeres<\/strong>.<\/p>\n<p>En este sentido, Alejandra Roncero, neum\u00f3loga y directora del Programa de Investigaci\u00f3n en Sue\u00f1o de Separ, indica que, en Espa\u00f1a, \u00abse calcula que en torno a dos millones de personas padecen apnea del sue\u00f1o sin diagnosticar, ya que ciertos s\u00edntomas t\u00edpicos como ronquidos, apneas observadas en la noche, <strong>despertares frecuentes o sensaci\u00f3n de mal descanso se han normalizado\u00bb.\u00a0<\/strong><\/p>\n<p>&#13;<br \/>\n\tAumento de casos en los pr\u00f3ximos a\u00f1os\u00a0<br \/>\n<br \/>\nUn estudio recientemente publicado por The Lancet arroja que en Estados Unidos habr\u00e1\u00a0<strong>un 35 por ciento m\u00e1s de pacientes adultos diagnosticados<\/strong> con AOS para 2050. Pronostica, adem\u00e1s, un <strong>aumento relativo mayor en mujeres<\/strong>: se espera que los casos entre mujeres crezcan alrededor de un 65 po ciento alcanzando unos 30,4 millones, mientras que entre hombres el incremento relativo ser\u00eda de aproximadamente un 19 por ciento.<\/p>\n<p>Extrapolando estas cifras con la realidad espa\u00f1ola, podr\u00eda ser razonable decir que, dado que hay tendencias demogr\u00e1ficas similares (envejecimiento, aumento del \u00edndice de masa corporal, etc.), <strong>Espa\u00f1a tambi\u00e9n vea un aumento en el diagn\u00f3stico de AOS, muy especialmente en mujeres.<\/strong><\/p>\n<p>La alteraci\u00f3n de la estructura del sue\u00f1o debido a la apnea de sue\u00f1o provoca en los pacientes un descanso inefectivo, que afecta su calidad de vida en aspectos muy diversos. Por un lado, la falta de descanso provoca <strong>somnolencia diurna, fatiga,\u00a0irritabilidad<\/strong> en el paciente que trastorna su vida social y as\u00ed mismo puede ser causa de<strong> accidentes laborales, dom\u00e9sticos o de tr\u00e1fico<\/strong>.<br \/>&#13;<br \/>\n\u00a0<br \/>&#13;<br \/>\nPor otro lado, las <strong>pausas respiratorias o apneas<\/strong> conllevan una <strong>bajada de los niveles de ox\u00edgeno en sangre y en otros \u00f3rganos denominadas hipoxias<\/strong>. Estudios llevados a cabo por miembros de Separ relacionan las hipoxias con enfermedades cardiovasculares como la <strong>hipertensi\u00f3n arterial, la trombosis cerebral<\/strong>, la angina de pecho o el infarto de miocardio y tambi\u00e9n con una mayor incidencia de c\u00e1ncer.<\/p>\n<p>&#13;<br \/>\n\tApnea del sue\u00f1o y c\u00e1ncer\u00a0<br \/>\n\u00a0<br \/>\nDiversos estudios del Programa de Investigaci\u00f3n en Sue\u00f1o de Separ han encontrado que la AOS es un factor de riesgo para el desarrollo de hipertensi\u00f3n arterial, en particular en los casos de hipertensi\u00f3n resistente. Asimismo, diferentes estudios de dicho Programa <strong>relacionan apnea del sue\u00f1o y c\u00e1ncer<\/strong>. \u00abA trav\u00e9s de los resultados obtenidos en nuestros estudios se observa que padecer una apnea del sue\u00f1o grave podr\u00eda estar relacionado con una<strong> mayor probabilidad de tener un c\u00e1ncer<\/strong> de cualquier tipo o de que si ya se padece uno se extienda con mayor rapidez\u00bb, explica Roncero.<\/p>\n<p>Los resultados demuestran que \u00abel marcador de gravedad de apnea del sue\u00f1o m\u00e1s relacionado con el c\u00e1ncer es la <strong>hipoxia nocturna<\/strong> (la presencia de niveles bajos de ox\u00edgeno en la sangre asociados a las pausas respiratorias)\u00bb.<br \/>&#13;<br \/>\n\u00a0<br \/>&#13;<br \/>\n\u00abLas consecuencias de padecer AOS son importantes: esta enfermedad provoca descensos de la saturaci\u00f3n de ox\u00edgeno, cambios de<strong> presi\u00f3n intrator\u00e1cica y micro despertares<\/strong>, que generan <strong>somnolencia diurna excesiva, trastornos cognitivos conductuales, respiratorios, cardiovasculares, metab\u00f3licos o inflamatorios,<\/strong> lo que impacta significativamente en la salud de los pacientes, en sus familias y en la sociedad en general\u00bb, detalla la profesional.\u00a0<\/p>\n<p>&#13;<br \/>\n\tS\u00edntomas de la apnea del sue\u00f1o\u00a0<br \/>\n<br \/>\nSe considera la apnea de sue\u00f1o cuando las paradas respiratorias en un adulto se producen al menos<strong> 15 veces en una hora<\/strong>. \u00abCon esta consideraci\u00f3n, el porcentaje de varones adultos afectados llega al 40 por ciento y en torno al 20 por ciento de las mujeres, convirtiendo la apnea del sue\u00f1o en un problema de salud grave\u00bb, expone Carlos Egea, neum\u00f3logo y coordinador del A\u00f1o Separ 2025\/26 de los Trastornos Respiratorios del Sue\u00f1o.<\/p>\n<p>El paciente tipo suele ser un var\u00f3n con <strong>sobrepeso, roncador y mayor de 65 a\u00f1os<\/strong>. Sin embargo, <strong>la apnea del sue\u00f1o afecta a las mujeres especialmente a partir de la menopausia y suelen tener s\u00edntomas diferentes<\/strong>, de ah\u00ed que haya <strong>mayor infradiagn\u00f3stico en este g\u00e9nero<\/strong>. Los factores de riesgo de la apnea del sue\u00f1o son el <strong>sobrepeso, alteraciones anat\u00f3micas y la edad<\/strong>, adem\u00e1s hay factores agravantes como el tabaco, el consumo de alcohol en las horas vespertinas, los sedantes y los tranquilizantes.<br \/>&#13;<br \/>\n\u00a0<br \/>&#13;<br \/>\nLa causa debe encontrarse en la <strong>alteraci\u00f3n de la v\u00eda a\u00e9rea<\/strong>, especialmente la faringe, que se estrecha e incluso se cierra no dejando pasar el aire. Este fen\u00f3meno se produce por la debilidad o excesiva relajaci\u00f3n de la musculatura, alteraciones anat\u00f3micas, <strong>factores hereditarios u otras causas desconocidas.<\/strong><br \/>&#13;<br \/>\n\u00a0&#13;\n<\/p>\n<p>&#13;<br \/>\n\tA\u00f1o Separ\u00a0<br \/>\n<br \/>\nDurante todo el a\u00f1o, pero especialmente este a\u00f1o que la sociedad celebra el<strong> A\u00f1o Separ 2025\/26 de los trastornos Respiratorios del Sue\u00f1o y en el D\u00eda Nacional de la Apnea del Sue\u00f1o<\/strong>, trabaja decididamente para informar y concienciar a la poblaci\u00f3n sobre la relevancia de esta enfermedad y contribuir para que tanto los profesionales sanitarios como las instituciones <strong>puedan diagnosticar y tratar a los pacientes, especialmente a las mujeres.<\/strong><\/p>\n<p>El\u00a0domingo, 21 de septiembre, se celebra el <strong>D\u00eda Nacional de la Apnea del Sue\u00f1o<\/strong>, una efem\u00e9ride instituida por Separ\u00a0en conmemoraci\u00f3n de la creaci\u00f3n del <strong>Programa Integral de Investigaci\u00f3n de Sue\u00f1o de esta sociedad cient\u00edfica.<\/strong>                                            <\/p>\n<p>\n                                            Las informaciones publicadas en Redacci\u00f3n M\u00e9dica contienen afirmaciones, datos y declaraciones procedentes de instituciones oficiales y profesionales sanitarios. No obstante, ante cualquier duda relacionada con su salud, consulte con su especialista sanitario correspondiente.\n                                        <\/p>\n","protected":false},"excerpt":{"rendered":"Carlos Egea, neum\u00f3logo y coordinador del A\u00f1o Separ 2025\/26 de los Trastornos Respiratorios del Sue\u00f1o La apnea obstructiva&hellip;\n","protected":false},"author":2,"featured_media":123656,"comment_status":"","ping_status":"","sticky":false,"template":"","format":"standard","meta":{"footnotes":""},"categories":[92],"tags":[25,24,165,166,23],"class_list":{"0":"post-123655","1":"post","2":"type-post","3":"status-publish","4":"format-standard","5":"has-post-thumbnail","7":"category-salud","8":"tag-es","9":"tag-espana","10":"tag-health","11":"tag-salud","12":"tag-spain"},"share_on_mastodon":{"url":"","error":""},"_links":{"self":[{"href":"https:\/\/www.europesays.com\/es\/wp-json\/wp\/v2\/posts\/123655","targetHints":{"allow":["GET"]}}],"collection":[{"href":"https:\/\/www.europesays.com\/es\/wp-json\/wp\/v2\/posts"}],"about":[{"href":"https:\/\/www.europesays.com\/es\/wp-json\/wp\/v2\/types\/post"}],"author":[{"embeddable":true,"href":"https:\/\/www.europesays.com\/es\/wp-json\/wp\/v2\/users\/2"}],"replies":[{"embeddable":true,"href":"https:\/\/www.europesays.com\/es\/wp-json\/wp\/v2\/comments?post=123655"}],"version-history":[{"count":0,"href":"https:\/\/www.europesays.com\/es\/wp-json\/wp\/v2\/posts\/123655\/revisions"}],"wp:featuredmedia":[{"embeddable":true,"href":"https:\/\/www.europesays.com\/es\/wp-json\/wp\/v2\/media\/123656"}],"wp:attachment":[{"href":"https:\/\/www.europesays.com\/es\/wp-json\/wp\/v2\/media?parent=123655"}],"wp:term":[{"taxonomy":"category","embeddable":true,"href":"https:\/\/www.europesays.com\/es\/wp-json\/wp\/v2\/categories?post=123655"},{"taxonomy":"post_tag","embeddable":true,"href":"https:\/\/www.europesays.com\/es\/wp-json\/wp\/v2\/tags?post=123655"}],"curies":[{"name":"wp","href":"https:\/\/api.w.org\/{rel}","templated":true}]}}