{"id":123660,"date":"2025-09-18T19:28:27","date_gmt":"2025-09-18T19:28:27","guid":{"rendered":"https:\/\/www.europesays.com\/es\/123660\/"},"modified":"2025-09-18T19:28:27","modified_gmt":"2025-09-18T19:28:27","slug":"la-reserva-federal-de-ee-uu-vota-por-primera-vez-en-este-ano-a-favor-de-reducir-las-tasas-de-interes","status":"publish","type":"post","link":"https:\/\/www.europesays.com\/es\/123660\/","title":{"rendered":"La Reserva Federal de EE.UU. vota por primera vez en este a\u00f1o a favor de reducir las tasas de inter\u00e9s"},"content":{"rendered":"<p>Titular18 Sep. 2025<\/p>\n<p>La Reserva Federal de Estados Unidos ha votado por primera vez este a\u00f1o a favor de reducir en un 25% las tasas de inter\u00e9s. Esto se produce al tiempo que el presidente Trump ha tratado de despedir a la gobernadora de la Fed Lisa Cook y ha intentado en repetidas ocasiones presionar a la Reserva Federal para que baje las tasas de inter\u00e9s. El presidente del Consejo de Asesores Econ\u00f3micos de la Casa Blanca, Stephen Miran, prest\u00f3 juramento como gobernador de la Reserva Federal pocos minutos antes de que se celebrara la reuni\u00f3n sobre las tasas de inter\u00e9s. Miran vot\u00f3 a favor de reducir las tasas de inter\u00e9s.<\/p>\n","protected":false},"excerpt":{"rendered":"Titular18 Sep. 2025 La Reserva Federal de Estados Unidos ha votado por primera vez este a\u00f1o a favor&hellip;\n","protected":false},"author":2,"featured_media":123661,"comment_status":"","ping_status":"","sticky":false,"template":"","format":"standard","meta":{"footnotes":""},"categories":[80],"tags":[82,95,94,25,24,23],"class_list":{"0":"post-123660","1":"post","2":"type-post","3":"status-publish","4":"format-standard","5":"has-post-thumbnail","7":"category-economia","8":"tag-business","9":"tag-economia","10":"tag-economy","11":"tag-es","12":"tag-espana","13":"tag-spain"},"share_on_mastodon":{"url":"","error":""},"_links":{"self":[{"href":"https:\/\/www.europesays.com\/es\/wp-json\/wp\/v2\/posts\/123660","targetHints":{"allow":["GET"]}}],"collection":[{"href":"https:\/\/www.europesays.com\/es\/wp-json\/wp\/v2\/posts"}],"about":[{"href":"https:\/\/www.europesays.com\/es\/wp-json\/wp\/v2\/types\/post"}],"author":[{"embeddable":true,"href":"https:\/\/www.europesays.com\/es\/wp-json\/wp\/v2\/users\/2"}],"replies":[{"embeddable":true,"href":"https:\/\/www.europesays.com\/es\/wp-json\/wp\/v2\/comments?post=123660"}],"version-history":[{"count":0,"href":"https:\/\/www.europesays.com\/es\/wp-json\/wp\/v2\/posts\/123660\/revisions"}],"wp:featuredmedia":[{"embeddable":true,"href":"https:\/\/www.europesays.com\/es\/wp-json\/wp\/v2\/media\/123661"}],"wp:attachment":[{"href":"https:\/\/www.europesays.com\/es\/wp-json\/wp\/v2\/media?parent=123660"}],"wp:term":[{"taxonomy":"category","embeddable":true,"href":"https:\/\/www.europesays.com\/es\/wp-json\/wp\/v2\/categories?post=123660"},{"taxonomy":"post_tag","embeddable":true,"href":"https:\/\/www.europesays.com\/es\/wp-json\/wp\/v2\/tags?post=123660"}],"curies":[{"name":"wp","href":"https:\/\/api.w.org\/{rel}","templated":true}]}}