{"id":123662,"date":"2025-09-18T19:29:09","date_gmt":"2025-09-18T19:29:09","guid":{"rendered":"https:\/\/www.europesays.com\/es\/123662\/"},"modified":"2025-09-18T19:29:09","modified_gmt":"2025-09-18T19:29:09","slug":"2-muertos-tras-ataque-en-frontera-de-jordania-y-cisjordania-dw-18-09-2025","status":"publish","type":"post","link":"https:\/\/www.europesays.com\/es\/123662\/","title":{"rendered":"2 muertos tras ataque en frontera de Jordania y Cisjordania \u2013 DW \u2013 18\/09\/2025"},"content":{"rendered":"<p>Jordania abri\u00f3 este jueves (18.09.2025) una investigaci\u00f3n sobre el tiroteo ocurrido durante la tarde al otro lado del Puente Rey Hussein, que conecta con el cruce fronterizo de Allenby, que conduce a <a class=\"internal-link\" href=\"https:\/\/www.dw.com\/es\/cisjordania\/t-42115134\" rel=\"nofollow noopener\" target=\"_blank\">Cisjordania<\/a>, en el que murieron dos israel\u00edes, de 20 y 60 a\u00f1os, tras ser tiroteados por el conductor de un cami\u00f3n que <a class=\"internal-link\" href=\"https:\/\/www.dw.com\/es\/m\u00e1s-de-100-ong-denuncian-bloqueo-israel\u00ed-de-ayuda-para-gaza\/a-73631333\" rel=\"nofollow noopener\" target=\"_blank\">transportaba ayuda humanitaria para Gaza<\/a>, seg\u00fan la versi\u00f3n del Ej\u00e9rcito israel\u00ed.<\/p>\n<p>El Ministerio de Asuntos Exteriores del reino hachemita conden\u00f3 el ataque, as\u00ed como \u00abtodos los actos de violencia y rechaza todas las acciones ilegales que amenazan los intereses y la entrega de ayuda humanitaria a la Franja de Gaza\u00bb.<\/p>\n<p>Vigilancia a conductores<\/p>\n<p>Tras el ataque, efectuado presuntamente por un hombre que hace tres meses comenz\u00f3 a trabajar como conductor de los camiones que <a class=\"internal-link\" href=\"https:\/\/www.dw.com\/es\/onu-advierte-que-m\u00e1s-de-1700-personas-han-muerto-buscando-ayuda-en-gaza-desde-finales-de-mayo\/a-73660156\" rel=\"nofollow noopener\" target=\"_blank\">transportan ayuda humanitaria al enclave palestino<\/a>, las autoridades jordanas comenzaron a monitorizar las condiciones de los conductores que cruzaron hoy el puente con el fin de garantizar su regreso inmediato.<\/p>\n<p>\u00abVeintid\u00f3s camiones jordanos con ayuda cruzaron hoy el puente hacia <a class=\"internal-link\" href=\"https:\/\/www.dw.com\/es\/franja-de-gaza\/t-67111647\" rel=\"nofollow noopener\" target=\"_blank\">Gaza<\/a> como parte de los procedimientos acordados. Estos procedimientos han permitido el movimiento de 8.664 camiones de ayuda en 201 convoyes desde el inicio de la agresi\u00f3n israel\u00ed contra Gaza\u00bb, detall\u00f3 el comunicado entregado por las autoridades.<\/p>\n<p>(efe, afp\/mn)<\/p>\n<p>\u00a0<\/p>\n","protected":false},"excerpt":{"rendered":"Jordania abri\u00f3 este jueves (18.09.2025) una investigaci\u00f3n sobre el tiroteo ocurrido durante la tarde al otro lado del&hellip;\n","protected":false},"author":2,"featured_media":123663,"comment_status":"","ping_status":"","sticky":false,"template":"","format":"standard","meta":{"footnotes":""},"categories":[42],"tags":[17,18,13,14,11,61,62,63,64,19,20,9,10,15,16,12,21,22,65,66,67],"class_list":{"0":"post-123662","1":"post","2":"type-post","3":"status-publish","4":"format-standard","5":"has-post-thumbnail","7":"category-internacional","8":"tag-breaking-news","9":"tag-breakingnews","10":"tag-featured-news","11":"tag-featurednews","12":"tag-headlines","13":"tag-internacional","14":"tag-international","15":"tag-international-news","16":"tag-internationalnews","17":"tag-latest-news","18":"tag-latestnews","19":"tag-news","20":"tag-noticias","21":"tag-noticias-destacadas","22":"tag-noticiasdestacadas","23":"tag-titulares","24":"tag-ultimas-noticias","25":"tag-ultimasnoticias","26":"tag-world","27":"tag-world-news","28":"tag-worldnews"},"share_on_mastodon":{"url":"","error":""},"_links":{"self":[{"href":"https:\/\/www.europesays.com\/es\/wp-json\/wp\/v2\/posts\/123662","targetHints":{"allow":["GET"]}}],"collection":[{"href":"https:\/\/www.europesays.com\/es\/wp-json\/wp\/v2\/posts"}],"about":[{"href":"https:\/\/www.europesays.com\/es\/wp-json\/wp\/v2\/types\/post"}],"author":[{"embeddable":true,"href":"https:\/\/www.europesays.com\/es\/wp-json\/wp\/v2\/users\/2"}],"replies":[{"embeddable":true,"href":"https:\/\/www.europesays.com\/es\/wp-json\/wp\/v2\/comments?post=123662"}],"version-history":[{"count":0,"href":"https:\/\/www.europesays.com\/es\/wp-json\/wp\/v2\/posts\/123662\/revisions"}],"wp:featuredmedia":[{"embeddable":true,"href":"https:\/\/www.europesays.com\/es\/wp-json\/wp\/v2\/media\/123663"}],"wp:attachment":[{"href":"https:\/\/www.europesays.com\/es\/wp-json\/wp\/v2\/media?parent=123662"}],"wp:term":[{"taxonomy":"category","embeddable":true,"href":"https:\/\/www.europesays.com\/es\/wp-json\/wp\/v2\/categories?post=123662"},{"taxonomy":"post_tag","embeddable":true,"href":"https:\/\/www.europesays.com\/es\/wp-json\/wp\/v2\/tags?post=123662"}],"curies":[{"name":"wp","href":"https:\/\/api.w.org\/{rel}","templated":true}]}}