{"id":123673,"date":"2025-09-18T19:42:05","date_gmt":"2025-09-18T19:42:05","guid":{"rendered":"https:\/\/www.europesays.com\/es\/123673\/"},"modified":"2025-09-18T19:42:05","modified_gmt":"2025-09-18T19:42:05","slug":"la-f1-tendra-varios-cambios-para-la-temporada-2026-noticias","status":"publish","type":"post","link":"https:\/\/www.europesays.com\/es\/123673\/","title":{"rendered":"La F1 tendr\u00e1 varios cambios para la temporada 2026 &#8211; Noticias"},"content":{"rendered":"<p>La F\u00f3rmula 1 cambiar\u00e1 de manera radical en 2026 con un nuevo reglamento que reducir\u00e1 el tama\u00f1o de los autos, modificar\u00e1 la aerodin\u00e1mica y transformar\u00e1 la motorizaci\u00f3n hacia un esquema mitad combusti\u00f3n y mitad el\u00e9ctrico.<\/p>\n<p>El objetivo es mayor eficiencia, menor consumo y velocidades punta cercanas a los 400 km\/h. El cambio obliga a todas las escuder\u00edas a concentrarse en esa temporada y abre expectativas para <strong>Alpine, que adem\u00e1s espera resolver la continuidad de Franco Colapinto.<\/strong><\/p>\n<p>La principal novedad ser\u00e1 la aerodin\u00e1mica activa: <strong>el piloto podr\u00e1 accionar a voluntad los alerones delantero y trasero para reducir la resistencia y ganar velocidad en recta.<\/strong><\/p>\n<p>La maniobra dejar\u00e1 de ser un recurso para los sobrepasos y pasar\u00e1 a ser una herramienta de eficiencia. Paralelamente, los autos ser\u00e1n <strong>10 cent\u00edmetros m\u00e1s angostos, 20 m\u00e1s cortos y 30 kilos m\u00e1s livianos, con neum\u00e1ticos m\u00e1s estrechos y un cinco por ciento menos de adherencia.<\/strong> La estimaci\u00f3n es que giren un segundo m\u00e1s lentos por vuelta.<\/p>\n<p>En cuanto al motor, el equilibrio ser\u00e1 50\/50 entre combusti\u00f3n y energ\u00eda el\u00e9ctrica. <strong>El V6 turbo aportar\u00e1 500 caballos y el MGU-K, que triplica su capacidad, entregar\u00e1 otros 500 caballos el\u00e9ctricos.<\/strong><\/p>\n<p>El MGU-H desaparecer\u00e1 y en su lugar se incorporar\u00e1 un sistema tipo \u201cpush-to-pass\u201d, que dar\u00e1 un extra de bater\u00eda al piloto que est\u00e9 a menos de un segundo del auto de adelante.<\/p>\n<p>Los an\u00e1lisis iniciales anticipan que <strong>Mercedes podr\u00eda tener la ventaja en el desarrollo del nuevo motor, como sucedi\u00f3 en el inicio de la era h\u00edbrida.<\/strong> Aston Martin conf\u00eda en su sociedad con Honda y el aporte de Adrian Newey, mientras que Alpine apuesta al motor Mercedes y al 30 por ciento extra de tiempo en el t\u00fanel de viento, beneficio derivado de ser el peor equipo del campeonato actual.<\/p>\n<p>La continuidad de Colapinto todav\u00eda no est\u00e1 confirmada, aunque desde la escuder\u00eda transmiten se\u00f1ales favorables para que integre la dupla con Pierre Gasly en 2026. <strong>Las inc\u00f3gnitas comenzar\u00e1n a despejarse con las pruebas de Barcelona y Bahr\u00e9in, pero la verdadera medida llegar\u00e1 reci\u00e9n en el GP de Australia, el 7 de marzo de 2026.<\/strong><\/p>\n<p>Lectura r\u00e1pida<\/p>\n<p><strong>\u00bfQu\u00e9 cambios se implementar\u00e1n en la F1 en 2026?<\/strong> Se cambiar\u00e1 el tama\u00f1o de los autos, la aerodin\u00e1mica y se adoptar\u00e1 un motor h\u00edbrido. <strong>\u00bfQui\u00e9n se beneficiar\u00e1 con estos cambios?<\/strong> Se espera que <strong>Mercedes<\/strong> tenga ventajas en el desarrollo del nuevo motor. <strong>\u00bfCu\u00e1ndo se realizar\u00e1n las primeras pruebas?<\/strong> Las pruebas iniciales ser\u00e1n en <strong>Barcelona y Bahr\u00e9in<\/strong>. <strong>\u00bfQu\u00e9 mejoras motivan estas modificaciones?<\/strong> Se busca mayor eficiencia y menor consumo de combustible. <strong>\u00bfCu\u00e1ndo ser\u00e1 el primer gran premio de la nueva temporada?<\/strong> El GP de <strong>Australia<\/strong> se correr\u00e1 el 7 de marzo de 2026.<\/p>\n","protected":false},"excerpt":{"rendered":"La F\u00f3rmula 1 cambiar\u00e1 de manera radical en 2026 con un nuevo reglamento que reducir\u00e1 el tama\u00f1o de&hellip;\n","protected":false},"author":2,"featured_media":123674,"comment_status":"","ping_status":"","sticky":false,"template":"","format":"standard","meta":{"footnotes":""},"categories":[270],"tags":[3076,1763,3463,168,25,24,306,271,272,20687,23,167],"class_list":{"0":"post-123673","1":"post","2":"type-post","3":"status-publish","4":"format-standard","5":"has-post-thumbnail","7":"category-formula-1","8":"tag-3076","9":"tag-automovilismo","10":"tag-cambios","11":"tag-deportes","12":"tag-es","13":"tag-espana","14":"tag-f1","15":"tag-formula-1","16":"tag-formula1","17":"tag-reglamento","18":"tag-spain","19":"tag-sports"},"share_on_mastodon":{"url":"","error":""},"_links":{"self":[{"href":"https:\/\/www.europesays.com\/es\/wp-json\/wp\/v2\/posts\/123673","targetHints":{"allow":["GET"]}}],"collection":[{"href":"https:\/\/www.europesays.com\/es\/wp-json\/wp\/v2\/posts"}],"about":[{"href":"https:\/\/www.europesays.com\/es\/wp-json\/wp\/v2\/types\/post"}],"author":[{"embeddable":true,"href":"https:\/\/www.europesays.com\/es\/wp-json\/wp\/v2\/users\/2"}],"replies":[{"embeddable":true,"href":"https:\/\/www.europesays.com\/es\/wp-json\/wp\/v2\/comments?post=123673"}],"version-history":[{"count":0,"href":"https:\/\/www.europesays.com\/es\/wp-json\/wp\/v2\/posts\/123673\/revisions"}],"wp:featuredmedia":[{"embeddable":true,"href":"https:\/\/www.europesays.com\/es\/wp-json\/wp\/v2\/media\/123674"}],"wp:attachment":[{"href":"https:\/\/www.europesays.com\/es\/wp-json\/wp\/v2\/media?parent=123673"}],"wp:term":[{"taxonomy":"category","embeddable":true,"href":"https:\/\/www.europesays.com\/es\/wp-json\/wp\/v2\/categories?post=123673"},{"taxonomy":"post_tag","embeddable":true,"href":"https:\/\/www.europesays.com\/es\/wp-json\/wp\/v2\/tags?post=123673"}],"curies":[{"name":"wp","href":"https:\/\/api.w.org\/{rel}","templated":true}]}}