{"id":123690,"date":"2025-09-18T19:54:08","date_gmt":"2025-09-18T19:54:08","guid":{"rendered":"https:\/\/www.europesays.com\/es\/123690\/"},"modified":"2025-09-18T19:54:08","modified_gmt":"2025-09-18T19:54:08","slug":"asi-se-diferencian-los-nuevos-modelos","status":"publish","type":"post","link":"https:\/\/www.europesays.com\/es\/123690\/","title":{"rendered":"as\u00ed se diferencian los nuevos modelos"},"content":{"rendered":"<p>Mark Zuckerberg dice que <a class=\"text-outboundlink\" href=\"https:\/\/www.xataka.com\/realidad-virtual-aumentada\/mark-zuckerberg-cree-que-2030-no-sacaremos-smartphone-bolsillo-haremos-casi-todo-gafas\" data-vars-post-title=\"Mark Zuckerberg cree que en 2030 no sacaremos tanto el smartphone del bolsillo: haremos casi todo desde las gafas \" data-vars-post-url=\"https:\/\/www.xataka.com\/realidad-virtual-aumentada\/mark-zuckerberg-cree-que-2030-no-sacaremos-smartphone-bolsillo-haremos-casi-todo-gafas\" rel=\"nofollow noopener\" target=\"_blank\">dentro de cinco a\u00f1os usaremos m\u00e1s las gafas inteligentes<\/a> y menos el smartphone. No sabemos si ser\u00e1 as\u00ed, pero lo que s\u00ed sabemos es que <strong>Meta quiere ser la l\u00edder en esta categor\u00eda de wearables<\/strong> y acaban de dejarlo a\u00fan m\u00e1s claro con nuevos modelos de gafas inteligentes, tres para ser exactos. As\u00ed queda el cat\u00e1logo de gafas con IA de Meta.<\/p>\n<p>Meta Ray-Ban Display<\/p>\n<p>                   <img class=\"\" height=\"456\" width=\"964\" loading=\"lazy\" decoding=\"async\"  fetchpriority=\"high\"  src=\"https:\/\/www.europesays.com\/es\/wp-content\/uploads\/2025\/09\/1758225247_945_450_1000.jpeg\" alt=\"Catalogo Gafas Meta 04\"\/><\/p>\n<p>Son el modelo m\u00e1s avanzado del cat\u00e1logo y soluciona una de las carencias que ven\u00edan arrastrando las gafas inteligentes, a\u00f1aden informaci\u00f3n visual. Las nuevas <a class=\"text-outboundlink\" href=\"https:\/\/www.xataka.com\/wearables\/meta-ray-ban-display-caracteristicas-precio-ficha-tecnica\" data-vars-post-title=\"Meta Ray-Ban Display: antes llevar gafas era una molesta necesidad. Ahora ser\u00e1 un superpoder\" data-vars-post-url=\"https:\/\/www.xataka.com\/wearables\/meta-ray-ban-display-caracteristicas-precio-ficha-tecnica\" rel=\"nofollow noopener\" target=\"_blank\">Meta Ray-Ban Display<\/a> son<strong> las primeras que tienen una pantalla interior <\/strong>que s\u00f3lo t\u00fa puedes ver. En la pantalla, que est\u00e1 en la lente derecha, se proyecta informaci\u00f3n como mapas si est\u00e1s siguiendo una ruta, una videollamada, previsualizar las fotos que hagamos con las gafas e incluso para traducci\u00f3n en tiempo real.\u00a0<\/p>\n<p>Ah\u00ed no queda todo, las Meta Ray-Ban Display <strong>tambi\u00e9n vienen con lo que Meta llama \u00abpulsera neural\u00bb<\/strong>. Funcionan mediante electromiograf\u00eda y son capaces de traducir la actividad muscular en acciones concretas. Por ejemplo, si hacemos el gesto de pinza con el pulgar y el \u00edndice ser\u00e1 como hacer click con el rat\u00f3n, mientras que si usamos el pulgar y el coraz\u00f3n la acci\u00f3n ser\u00e1 volver atr\u00e1s.<\/p>\n<p>    <a href=\"https:\/\/www.xataka.com\/privacidad\/futuro-donde-todos-llevemos-gafas-inteligentes-suena-bien-que-lleva-persona-que-te-va-a-depilar-entrepierna\" class=\"pivot-outboundlink\" data-vars-post-title=\"Una mujer fue al trabajo con las Ray-Ban Meta. Todo bien excepto porque su trabajo es hacer depilaciones brasile\u00f1as\" rel=\"nofollow noopener\" target=\"_blank\"><br \/>\n     <img loading=\"lazy\" decoding=\"async\" alt=\"Una mujer fue al trabajo con las Ray-Ban Meta. Todo bien excepto porque su trabajo es hacer depilaciones brasile\u00f1as\" width=\"375\" height=\"142\" src=\"https:\/\/www.europesays.com\/es\/wp-content\/uploads\/2025\/09\/1758225247_654_375_142.jpeg\"\/><br \/>\n    <\/a><\/p>\n<p>Por el momento las nuevas gafas con pantalla de Meta <strong>solamente se van a vender en Estados Unidos,<\/strong> donde costar\u00e1n 799 d\u00f3lares y llegar\u00e1n en unidades muy limitadas. Se espera que lleguen a m\u00e1s pa\u00edses a principios de 2026, aunque de momento no sabemos si Espa\u00f1a estar\u00e1 entre los pa\u00edses elegidos.\u00a0<\/p>\n<p>Ray-Ban Meta 2\u00aa generaci\u00f3n<\/p>\n<p>                   <img class=\"\" height=\"844\" width=\"1500\" loading=\"lazy\" decoding=\"async\"  fetchpriority=\"high\"  src=\"https:\/\/www.europesays.com\/es\/wp-content\/uploads\/2025\/09\/1758225247_686_450_1000.jpeg\" alt=\"Catalogo Gafas Meta\"\/><\/p>\n<p>Son las sucesoras de las <a class=\"text-outboundlink\" href=\"https:\/\/www.xataka.com\/wearables\/ray-ban-meta-primeras-gafas-inteligentes-que-han-conseguido-impresionarme-principio-algo\" data-vars-post-title=\"Las Ray-Ban Meta son las primeras gafas inteligentes que han conseguido impresionarme. Son el principio de algo m\u00e1s\" data-vars-post-url=\"https:\/\/www.xataka.com\/wearables\/ray-ban-meta-primeras-gafas-inteligentes-que-han-conseguido-impresionarme-principio-algo\" rel=\"nofollow noopener\" target=\"_blank\">Ray-Ban Meta<\/a> originales.\u00a0En cuanto al dise\u00f1o, la primera generaci\u00f3n estaba disponible en los modelos Wayfarer y Skyler, pero la nueva llega tambi\u00e9n en el modelo Headliner.\u00a0\u00a0<\/p>\n<p>La segunda generaci\u00f3n mejora algunas caracter\u00edsticas clave como la c\u00e1mara, que ahora <strong>es capaz de grabar en 3K<\/strong> y su bater\u00eda dura el doble. Seg\u00fan meta, hasta 8 horas de duraci\u00f3n con una sola carga.\u00a0<\/p>\n<p>Solamente son dos mejoras, pero su impacto en el precio es bastante notable. Mientras que la primera generaci\u00f3n ten\u00eda un precio de partida de 329 euros, la nueva asciende a <strong>419 euros.\u00a0<\/strong><\/p>\n<p>Oakley Meta Vanguard<\/p>\n<p>                   <img class=\"\" height=\"847\" width=\"1500\" loading=\"lazy\" decoding=\"async\"  fetchpriority=\"high\"  src=\"https:\/\/www.europesays.com\/es\/wp-content\/uploads\/2025\/09\/1758225248_519_450_1000.jpeg\" alt=\"Catalogo Gafas Meta 03\"\/><\/p>\n<p>Son las sucesoras de las <a class=\"text-outboundlink\" href=\"https:\/\/www.xataka.com\/analisis\/oakley-meta-analisis-caracteristicas-precio-especificaciones\" data-vars-post-title=\"Dos semanas con las Oakley Meta. T\u00e9cnicamente impresionantes, pero en tierra de nadie\" data-vars-post-url=\"https:\/\/www.xataka.com\/analisis\/oakley-meta-analisis-caracteristicas-precio-especificaciones\" rel=\"nofollow noopener\" target=\"_blank\">Oakley Meta HSTN<\/a>, un modelo con aspiraciones deportivas, pero un dise\u00f1o demasiado &#8216;lifestyle&#8217; que las dejaba en tierra de nadie. Las nuevas <a class=\"text-outboundlink\" href=\"https:\/\/www.xataka.com\/wearables\/oakley-meta-vanguard-han-encontrado-nuevo-nicho-mercado-para-gafas-conectadas-deporte-extremo-tiene-mucho-sentido\" data-vars-post-title=\"Hemos probado las Oakley Meta Vanguard: Meta ha encontrado en el deporte extremo un nuevo nicho de mercado para sus gafas\" data-vars-post-url=\"https:\/\/www.xataka.com\/wearables\/oakley-meta-vanguard-han-encontrado-nuevo-nicho-mercado-para-gafas-conectadas-deporte-extremo-tiene-mucho-sentido\" rel=\"nofollow noopener\" target=\"_blank\">Oakley Meta Vanguard<\/a> apuestan por un look mucho m\u00e1s agresivo y un <strong>dise\u00f1o deportivo que se adapta al rostro.<\/strong> Se pueden elegir distintos colores, lo malo es que no ofrecen la opci\u00f3n de usar lentes graduadas.<\/p>\n<p>Cuenta con una c\u00e1mara panor\u00e1mica de 12 megap\u00edxeles y graba v\u00eddeo 3K a 30 fotogramas por segundo o FullHD a 60 fotogramas por segundo. Los altavoces situados en las patillas tambi\u00e9n se han mejorado y Meta afirma que <strong>se han optimizado para que los podamos o\u00edr bien aunque haya viento. <\/strong>La bater\u00eda alcanza 9 horas de duraci\u00f3n y adem\u00e1s tienen un estuche de carga que puede extender la autonom\u00eda hasta 36 horas.<\/p>\n<p>M\u00e1s all\u00e1 del dise\u00f1o, las gafas tambi\u00e9n cuentan con funciones orientadas a la pr\u00e1ctica deportiva como la <strong>integraci\u00f3n con Strava y Garmin.<\/strong> Tambi\u00e9n se pueden conectar a Salud de Apple y en Android para obtener res\u00famenes de los entrenamientos directamente en la app de Meta AI. Si adem\u00e1s tienes un reloj Garmin, le puedes preguntar a las gafas detalles sobre el entrenamiento, como por ejemplo cu\u00e1l es tu frecuencia card\u00edaca.<\/p>\n<p>El precio es bastante m\u00e1s elevado, concretamente <strong>549 euros<\/strong> frente a los 439 euros que cuestan las Oakley Meta HSTN.<\/p>\n<p>Especificaciones de las gafas inteligentes de Meta<\/p>\n<p>Por \u00faltimo os dejamos una tabla con las especificaciones clave de los modelos de gafas con IA que Meta tiene en su cat\u00e1logo, incluyendo los que ya conoc\u00edamos. Para las Ray-Ban Meta de primera y segunda generaci\u00f3n hemos tomado como referencia para dimensiones y peso el modelo Wayfarer.<\/p>\n<tr>\n<p>ray-ban meta 1\u00aa gen\u00a0<\/p>\n<p>ray-ban meta 2\u00aa gen\u00a0<\/p>\n<p>meta ray-ban display<\/p>\n<p>oakley meta hstn<\/p>\n<p>oakley meta vanguard<\/p>\n<\/tr>\n<tr>\n<p>peso<\/p>\n<td class=\"align-left\">\n<p>Gafas: 48g est\u00e1ndar, 50g grande<\/p>\n<p>Estuche: 133g<\/p>\n<\/td>\n<td class=\"align-left\">\n<p>Gafas: 51g est\u00e1ndar, 53g grande<\/p>\n<p>Estuche: 133g<\/p>\n<\/td>\n<td class=\"align-left\">\n<p>Gafas: 69g est\u00e1ndar, 70g grande<\/p>\n<p>Pulsera: 42g<\/p>\n<p>Estuche: 169g<\/p>\n<\/td>\n<td class=\"align-left\">\n<p>Gafas: 53g<\/p>\n<p>Estuche: 213g<\/p>\n<\/td>\n<td class=\"align-left\">\n<p>Gafas:67g<\/p>\n<p>Estuche: 258g<\/p>\n<\/td>\n<\/tr>\n<tr>\n<p>cristales SOPORTADOS<\/p>\n<td class=\"align-left\">\n<p>Para sol en varios tonos<\/p>\n<p>Transitions (se oscurecen solas)<\/p>\n<p>Transparentes<\/p>\n<p>Lentes graduadas\u00a0<\/p>\n<\/td>\n<td class=\"align-left\">\n<p>Para sol en varios tonos<\/p>\n<p>Transitions (se oscurecen solas)<\/p>\n<p>Transparentes<\/p>\n<p>Lentes graduadas<\/p>\n<\/td>\n<td class=\"align-left\">\n<p>Para sol en varios tonos<\/p>\n<p>Transitions (se oscurecen solas)<\/p>\n<p>Transparentes<\/p>\n<p>Lentes graduadas<\/p>\n<\/td>\n<td class=\"align-left\">\n<p>Prizm (de espejo)<\/p>\n<p>Transitions (se oscurecen solas)<\/p>\n<p>Transparentes<\/p>\n<p>Lentes graduadas<\/p>\n<\/td>\n<td class=\"align-left\">\n<p>Prizm (de espejo)<\/p>\n<\/td>\n<\/tr>\n<tr>\n<p>AUDIO<\/p>\n<td class=\"align-left\">\n<p>Doble altavoz (76,1dB)<\/p>\n<p>Cinco micr\u00f3fonos<\/p>\n<\/td>\n<td class=\"align-left\">\n<p>Doble altavoz (76,1dB)<\/p>\n<p>Cinco micr\u00f3fonos<\/p>\n<\/td>\n<td class=\"align-left\">\n<p>Doble altavoz (76,1dB)<\/p>\n<p>Seis micr\u00f3fonos<\/p>\n<\/td>\n<td class=\"align-left\">\n<p>Doble altavoz (76,1dB)<\/p>\n<p>Cinco micr\u00f3fonos<\/p>\n<\/td>\n<td class=\"align-left\">\n<p>Doble altavoz (82,1dB)<\/p>\n<p>Cinco micr\u00f3fonos<\/p>\n<\/td>\n<\/tr>\n<tr>\n<p>c\u00e1mara<\/p>\n<td class=\"align-left\">\n<p>12MP ultra angular<\/p>\n<p>V\u00eddeo FullHD 30fps<\/p>\n<\/td>\n<td class=\"align-left\">\n<p>12MP ultra angular<\/p>\n<p>V\u00eddeo 3K 30fps, FullHD 60fps<\/p>\n<\/td>\n<td class=\"align-left\">\n<p>12MP ultra angular<\/p>\n<p>V\u00eddeo FullHD 30fps<\/p>\n<\/td>\n<td class=\"align-left\">\n<p>12MP ultra angular<\/p>\n<p>2203\u00a0\u00d7\u00a02938\u00a0p\u00edxeles a 30fps<\/p>\n<\/td>\n<td class=\"align-left\">\n<\/td>\n<\/tr>\n<tr>\n<p>AUTONOM\u00cdA<\/p>\n<td class=\"align-left\">\n<p>4 horas<\/p>\n<p>36 horas con estuche de carga<\/p>\n<\/td>\n<td class=\"align-left\">\n<p>8 horas<\/p>\n<p>48 horas con estuche de carga<\/p>\n<\/td>\n<td class=\"align-left\">\n<p>6 horas<\/p>\n<p>24 horas con estuche de carga<\/p>\n<p>Neural band hasta 18 horas<\/p>\n<\/td>\n<td class=\"align-left\">\n<p>8 horas<\/p>\n<p>48 horas con estuche de carga<\/p>\n<\/td>\n<td class=\"align-left\">\n<p>9 horas<\/p>\n<p>36 horas con estuche de carga<\/p>\n<\/td>\n<\/tr>\n<tr>\n<p>MEMORIA<\/p>\n<td class=\"align-left\">\n<p>32 GB<\/p>\n<\/td>\n<td class=\"align-left\">\n<p>32 GB<\/p>\n<\/td>\n<td class=\"align-left\">\n<p>32 GB<\/p>\n<\/td>\n<td class=\"align-left\">\n<p>32 GB<\/p>\n<\/td>\n<td class=\"align-left\">\n<p>32GB<\/p>\n<\/td>\n<\/tr>\n<tr>\n<p>otros<\/p>\n<td class=\"align-left\">\n<p>Resistencia IPx4<\/p>\n<\/td>\n<td class=\"align-left\">\n<p>Resistencia IPx4<\/p>\n<\/td>\n<td class=\"align-left\">\n<p>Resistencia IPx4<\/p>\n<p>Pantalla monocular, 600&#215;600 px, 90 Hz<\/p>\n<p>Pulsera neural con gestos mediante EGM<\/p>\n<\/td>\n<td class=\"align-left\">\n<p>Resistencia IPx4<\/p>\n<\/td>\n<td class=\"align-left\">\n<p>Resistencia IP67<\/p>\n<p>Compatible con Strava y Garmin<\/p>\n<\/td>\n<\/tr>\n<tr>\n<p>precio<\/p>\n<td class=\"align-left\">\n<p>Desde 329 euros<\/p>\n<\/td>\n<td class=\"align-left\">\n<p>Desde 419 euros<\/p>\n<\/td>\n<td class=\"align-left\">\n<p>Desde 700 d\u00f3lares, s\u00f3lo USA<\/p>\n<\/td>\n<td class=\"align-left\">\n<p>Desde 439 euros<\/p>\n<\/td>\n<td class=\"align-left\">\n<p>Desde 549 euros<\/p>\n<\/td>\n<\/tr>\n<p>Im\u00e1genes | Meta<\/p>\n<p>En Xataka | <a class=\"text-outboundlink\" href=\"https:\/\/www.xataka.com\/realidad-virtual-aumentada\/este-quien-quien-gafas-conectadas-china-demuestra-que-meta-google-apple-van-a-tener-muy-dificil\" data-vars-post-title=\"Tras los m\u00f3viles, los coches, los robots y la IA, llega la pr\u00f3xima gran avalancha tecnol\u00f3gica de China: las gafas\" data-vars-post-url=\"https:\/\/www.xataka.com\/realidad-virtual-aumentada\/este-quien-quien-gafas-conectadas-china-demuestra-que-meta-google-apple-van-a-tener-muy-dificil\" rel=\"nofollow noopener\" target=\"_blank\">Tras los m\u00f3viles, los coches, los robots y la IA, llega la pr\u00f3xima gran avalancha tecnol\u00f3gica de China: las gafas<\/a><\/p>\n","protected":false},"excerpt":{"rendered":"Mark Zuckerberg dice que dentro de cinco a\u00f1os usaremos m\u00e1s las gafas inteligentes y menos el smartphone. No&hellip;\n","protected":false},"author":2,"featured_media":123691,"comment_status":"","ping_status":"","sticky":false,"template":"","format":"standard","meta":{"footnotes":""},"categories":[81],"tags":[119,123,124,25,24,117,121,122,23,118,120],"class_list":{"0":"post-123690","1":"post","2":"type-post","3":"status-publish","4":"format-standard","5":"has-post-thumbnail","7":"category-ciencia-y-tecnologia","8":"tag-ciencia","9":"tag-ciencia-y-tecnologia","10":"tag-cienciaytecnologia","11":"tag-es","12":"tag-espana","13":"tag-science","14":"tag-science-and-technology","15":"tag-scienceandtechnology","16":"tag-spain","17":"tag-technology","18":"tag-tecnologia"},"share_on_mastodon":{"url":"","error":""},"_links":{"self":[{"href":"https:\/\/www.europesays.com\/es\/wp-json\/wp\/v2\/posts\/123690","targetHints":{"allow":["GET"]}}],"collection":[{"href":"https:\/\/www.europesays.com\/es\/wp-json\/wp\/v2\/posts"}],"about":[{"href":"https:\/\/www.europesays.com\/es\/wp-json\/wp\/v2\/types\/post"}],"author":[{"embeddable":true,"href":"https:\/\/www.europesays.com\/es\/wp-json\/wp\/v2\/users\/2"}],"replies":[{"embeddable":true,"href":"https:\/\/www.europesays.com\/es\/wp-json\/wp\/v2\/comments?post=123690"}],"version-history":[{"count":0,"href":"https:\/\/www.europesays.com\/es\/wp-json\/wp\/v2\/posts\/123690\/revisions"}],"wp:featuredmedia":[{"embeddable":true,"href":"https:\/\/www.europesays.com\/es\/wp-json\/wp\/v2\/media\/123691"}],"wp:attachment":[{"href":"https:\/\/www.europesays.com\/es\/wp-json\/wp\/v2\/media?parent=123690"}],"wp:term":[{"taxonomy":"category","embeddable":true,"href":"https:\/\/www.europesays.com\/es\/wp-json\/wp\/v2\/categories?post=123690"},{"taxonomy":"post_tag","embeddable":true,"href":"https:\/\/www.europesays.com\/es\/wp-json\/wp\/v2\/tags?post=123690"}],"curies":[{"name":"wp","href":"https:\/\/api.w.org\/{rel}","templated":true}]}}