{"id":123708,"date":"2025-09-18T20:05:11","date_gmt":"2025-09-18T20:05:11","guid":{"rendered":"https:\/\/www.europesays.com\/es\/123708\/"},"modified":"2025-09-18T20:05:11","modified_gmt":"2025-09-18T20:05:11","slug":"colapinto-tranquilo-y-enfocado-de-cara-al-gp-de-azerbaiyan-deportes","status":"publish","type":"post","link":"https:\/\/www.europesays.com\/es\/123708\/","title":{"rendered":"Colapinto, tranquilo y enfocado de cara al GP de Azerbaiy\u00e1n &#8211; Deportes"},"content":{"rendered":"<p>Este viernes comienza el Gran Premio de Azerbaiy\u00e1n, una de las \u00faltimas carreras del a\u00f1o en las que Franco Colapinto podr\u00eda asegurar su butaca para la temporada 2026. Sin embargo, el piloto argentino se mostr\u00f3 despreocupado por la presi\u00f3n externa.\u00a0<\/p>\n<p><strong>\u201cNo se puede controlar lo que pasa alrededor. Ese ruido externo no me est\u00e1 influyendo mucho. Hay que saber controlarlo\u201d, afirm\u00f3 el pilarense.<\/strong><\/p>\n<p>Colapinto reconoci\u00f3 en un mano a mano con ESPN durante el media day de la F1, que existen muchas expectativas sobre su desempe\u00f1o y que las cr\u00edticas aparecen cuando las cosas no salen como se espera: \u201cHay muchas expectativas y gente que quiera que me vaya bien y cuando no sale, hay cr\u00edticas. Estamos intentando hacer lo m\u00e1ximo para mejorar\u201d.<\/p>\n<p><strong>En cuanto a su continuidad y la situaci\u00f3n de Alpine, Colapinto se mostr\u00f3 sincero: \u201cNo estamos en la posici\u00f3n que queremos, no sumamos puntos y estamos \u00faltimos, no es un buen a\u00f1o. Pero en lo personal lo importante es seguir mejorando con el auto y ser m\u00e1s consistente y lo estoy encontrando de a poco\u201d.\u00a0<\/strong><\/p>\n<p>Colapinto tambi\u00e9n record\u00f3 su experiencia positiva del a\u00f1o pasado en Bak\u00fa, donde sum\u00f3 sus primeros puntos en la F\u00f3rmula 1 con Williams: \u201cFue muy positivo andar tan bien el a\u00f1o pasado en un circuito como Bak\u00fa, de los m\u00e1s complicados del calendario, fue muy bueno para mi futuro. Contento de estar de vuelta ac\u00e1, hay que ver qu\u00e9 pasa este fin de semana. Ser\u00e1 m\u00e1s dif\u00edcil que el a\u00f1o pasado en cuanto a performance por la larga recta. Nuestro auto no es el mejor y en un callejero con muchos baches, el coche es muy duro y no los copia bien. Trataremos de encontrar los detalles y maximizar las oportunidades que aparezcan\u201d, concluy\u00f3.<\/p>\n","protected":false},"excerpt":{"rendered":"Este viernes comienza el Gran Premio de Azerbaiy\u00e1n, una de las \u00faltimas carreras del a\u00f1o en las que&hellip;\n","protected":false},"author":2,"featured_media":123709,"comment_status":"","ping_status":"","sticky":false,"template":"","format":"standard","meta":{"footnotes":""},"categories":[270],"tags":[2304,168,25,24,306,271,272,23,167,40501],"class_list":{"0":"post-123708","1":"post","2":"type-post","3":"status-publish","4":"format-standard","5":"has-post-thumbnail","7":"category-formula-1","8":"tag-colapinto","9":"tag-deportes","10":"tag-es","11":"tag-espana","12":"tag-f1","13":"tag-formula-1","14":"tag-formula1","15":"tag-spain","16":"tag-sports","17":"tag-tranquilo-y-enfocado-de-cara-al-gp-de-azerbaiyan"},"share_on_mastodon":{"url":"","error":""},"_links":{"self":[{"href":"https:\/\/www.europesays.com\/es\/wp-json\/wp\/v2\/posts\/123708","targetHints":{"allow":["GET"]}}],"collection":[{"href":"https:\/\/www.europesays.com\/es\/wp-json\/wp\/v2\/posts"}],"about":[{"href":"https:\/\/www.europesays.com\/es\/wp-json\/wp\/v2\/types\/post"}],"author":[{"embeddable":true,"href":"https:\/\/www.europesays.com\/es\/wp-json\/wp\/v2\/users\/2"}],"replies":[{"embeddable":true,"href":"https:\/\/www.europesays.com\/es\/wp-json\/wp\/v2\/comments?post=123708"}],"version-history":[{"count":0,"href":"https:\/\/www.europesays.com\/es\/wp-json\/wp\/v2\/posts\/123708\/revisions"}],"wp:featuredmedia":[{"embeddable":true,"href":"https:\/\/www.europesays.com\/es\/wp-json\/wp\/v2\/media\/123709"}],"wp:attachment":[{"href":"https:\/\/www.europesays.com\/es\/wp-json\/wp\/v2\/media?parent=123708"}],"wp:term":[{"taxonomy":"category","embeddable":true,"href":"https:\/\/www.europesays.com\/es\/wp-json\/wp\/v2\/categories?post=123708"},{"taxonomy":"post_tag","embeddable":true,"href":"https:\/\/www.europesays.com\/es\/wp-json\/wp\/v2\/tags?post=123708"}],"curies":[{"name":"wp","href":"https:\/\/api.w.org\/{rel}","templated":true}]}}