{"id":123756,"date":"2025-09-18T20:38:10","date_gmt":"2025-09-18T20:38:10","guid":{"rendered":"https:\/\/www.europesays.com\/es\/123756\/"},"modified":"2025-09-18T20:38:10","modified_gmt":"2025-09-18T20:38:10","slug":"la-actualizacion-de-los-criterios-mcdonald-facilitaran-diagnosticos-mas-tempranos-y-certeros-esclerosis-multiple-espana","status":"publish","type":"post","link":"https:\/\/www.europesays.com\/es\/123756\/","title":{"rendered":"La actualizaci\u00f3n de los criterios McDonald facilitar\u00e1n diagn\u00f3sticos m\u00e1s tempranos y certeros \u2022 Esclerosis m\u00faltiple Espa\u00f1a"},"content":{"rendered":"<p><strong>Ana Torredemer<\/strong>, presidenta de Esclerosis M\u00faltiple Espa\u00f1a, ha comentado a este respecto que \u201ces una grand\u00edsima noticia para las personas con Esclerosis M\u00faltiple. Unas directrices que permitir\u00e1n el diagn\u00f3stico con m\u00e1s celeridad y precisi\u00f3n, algo que a todas luces resultar\u00e1 vital para comenzar de forma m\u00e1s temprana el posible tratamiento. Adem\u00e1s, los nuevos criterios que se implementar\u00e1n resultan m\u00e1s accesibles, asequibles y, sobre todo, menos invasivos\u201d.<\/p>\n<p>\t\t\t\t\t\t\t\t\\\\n\\\\t\\\\t\\\\t\\\\t\\\\n\\\\t\\\\t\\\\t\\\\t\\\\t\\\\t\\\\t\\\\t\\\\t\\\\t\\\\t\\\\t\\\\t\\\\t\\\\t\\\\t\\\\t\\\\n\\\\t\\\\t\\\\t\\\\t\\\\t\\\\t\\\\t\\\\t\\\\t\\\\t\\\\t\\\\t\\\\t\\\\t\\\\t\\\\t\\\\n\\\\t\\\\t\\\\t\\\\t\\\\n\\\\t\\\\t\\\\t\\\\t\\\u00bb,\\\u00bbbody\\\u00bb:\\\u00bb\\\\t\\\\t\\\\t\\\\t\\\\n\\\\t\\\\t\\\\t\\\\t\\\\n\\\\t\\\\t\\\\t\\\\t\\\\t\\\\t\\\\t\\\\t\\\u00bb,\\\u00bbfooter\\\u00bb:\\\u00bb\\\u00bb},\\\u00bbstrict\\\u00bb:{\\\u00bbheader\\\u00bb:\\\u00bb\\\u00bb,\\\u00bbbody\\\u00bb:\\\u00bb\\\u00bb,\\\u00bbfooter\\\u00bb:\\\u00bb\\\u00bb},\\\u00bbadvanced\\\u00bb:{\\\u00bbheader\\\u00bb:\\\u00bb\\\u00bb,\\\u00bbbody\\\u00bb:\\\u00bb\\\u00bb,\\\u00bbfooter\\\u00bb:\\\u00bb\\\u00bb}}\u00bb,\u00bbgdpr_scor\u00bb:\u00bbtrue\u00bb,\u00bbwp_lang\u00bb:\u00bb\u00bb,\u00bbwp_consent_api\u00bb:\u00bbfalse\u00bb,\u00bbgdpr_nonce\u00bb:\u00bbe60be9868f\u00bb};<br \/>\n\/* ]]> *\/<\/p>\n","protected":false},"excerpt":{"rendered":"Ana Torredemer, presidenta de Esclerosis M\u00faltiple Espa\u00f1a, ha comentado a este respecto que \u201ces una grand\u00edsima noticia para&hellip;\n","protected":false},"author":2,"featured_media":123757,"comment_status":"","ping_status":"","sticky":false,"template":"","format":"standard","meta":{"footnotes":""},"categories":[92],"tags":[40507,7291,7175,40508,25,24,165,166,23],"class_list":{"0":"post-123756","1":"post","2":"type-post","3":"status-publish","4":"format-standard","5":"has-post-thumbnail","7":"category-salud","8":"tag-criterios-mcdonald","9":"tag-diagnostico","10":"tag-directrices","11":"tag-em","12":"tag-es","13":"tag-espana","14":"tag-health","15":"tag-salud","16":"tag-spain"},"share_on_mastodon":{"url":"","error":""},"_links":{"self":[{"href":"https:\/\/www.europesays.com\/es\/wp-json\/wp\/v2\/posts\/123756","targetHints":{"allow":["GET"]}}],"collection":[{"href":"https:\/\/www.europesays.com\/es\/wp-json\/wp\/v2\/posts"}],"about":[{"href":"https:\/\/www.europesays.com\/es\/wp-json\/wp\/v2\/types\/post"}],"author":[{"embeddable":true,"href":"https:\/\/www.europesays.com\/es\/wp-json\/wp\/v2\/users\/2"}],"replies":[{"embeddable":true,"href":"https:\/\/www.europesays.com\/es\/wp-json\/wp\/v2\/comments?post=123756"}],"version-history":[{"count":0,"href":"https:\/\/www.europesays.com\/es\/wp-json\/wp\/v2\/posts\/123756\/revisions"}],"wp:featuredmedia":[{"embeddable":true,"href":"https:\/\/www.europesays.com\/es\/wp-json\/wp\/v2\/media\/123757"}],"wp:attachment":[{"href":"https:\/\/www.europesays.com\/es\/wp-json\/wp\/v2\/media?parent=123756"}],"wp:term":[{"taxonomy":"category","embeddable":true,"href":"https:\/\/www.europesays.com\/es\/wp-json\/wp\/v2\/categories?post=123756"},{"taxonomy":"post_tag","embeddable":true,"href":"https:\/\/www.europesays.com\/es\/wp-json\/wp\/v2\/tags?post=123756"}],"curies":[{"name":"wp","href":"https:\/\/api.w.org\/{rel}","templated":true}]}}