{"id":123806,"date":"2025-09-18T21:08:13","date_gmt":"2025-09-18T21:08:13","guid":{"rendered":"https:\/\/www.europesays.com\/es\/123806\/"},"modified":"2025-09-18T21:08:13","modified_gmt":"2025-09-18T21:08:13","slug":"charly-perez-sufre-una-lesion-en-la-musculatura-del-soleo-nuestro-deporte","status":"publish","type":"post","link":"https:\/\/www.europesays.com\/es\/123806\/","title":{"rendered":"Charly P\u00e9rez sufre una lesi\u00f3n en la musculatura del s\u00f3leo | Nuestro deporte"},"content":{"rendered":"<p>El estreno liguero\u00a0con <a href=\"https:\/\/www.cartv.es\/aragondeporte\/nuestro-deporte\/el-bada-huesca-cae-en-su-primer-partido-de-la-temporada-35-25-24578\" target=\"_blank\" rel=\"nofollow noopener\"><strong>derrota ante el Recoletas Atl\u00e9tico Valladolid<\/strong><\/a> del pasado fin de semana dej\u00f3 adem\u00e1s algunas secuelas. <strong>Charly P\u00e9rez\u00a0sufri\u00f3 una lesi\u00f3n en su pierna derecha<\/strong> y las pruebas m\u00e9dicas a las que se ha sometido el jugador han confirmado\u00a0que el extremo <strong>sufre una lesi\u00f3n en la musculatura del s\u00f3leo<\/strong>.<\/p>\n<p><strong>Esta dolencia le mantendr\u00e1 al margen del grupo durante los pr\u00f3ximos d\u00edas. <\/strong>Seg\u00fan ha informado el club, la evoluci\u00f3n de la recuperaci\u00f3n del jugador marcar\u00e1 los plazos para su vuelta a la pista.<\/p>\n<p>Si quieres estar al d\u00eda de toda la actualidad deportiva, s\u00edguenos en redes sociales: <a href=\"https:\/\/www.instagram.com\/aragondeporte\/\" target=\"_blank\" rel=\"noindex nofollow noopener\">Instagram<\/a>, <a href=\"https:\/\/www.facebook.com\/aragondeporte\/\" target=\"_blank\" rel=\"noindex nofollow noopener\">Facebook<\/a>, <a href=\"https:\/\/x.com\/ardeportes\" target=\"_blank\" rel=\"noindex nofollow\">X<\/a> y tambi\u00e9n en el canal de <a href=\"https:\/\/whatsapp.com\/channel\/0029Vb8JrUy6rsQrHNE2y41l\" target=\"_blank\" rel=\"noindex nofollow noopener\">WhatsApp<\/a>.<\/p>\n<p>            <script async src=\"\/\/www.instagram.com\/embed.js\"><\/script><\/p>\n","protected":false},"excerpt":{"rendered":"El estreno liguero\u00a0con derrota ante el Recoletas Atl\u00e9tico Valladolid del pasado fin de semana dej\u00f3 adem\u00e1s algunas secuelas.&hellip;\n","protected":false},"author":2,"featured_media":123807,"comment_status":"","ping_status":"","sticky":false,"template":"","format":"standard","meta":{"footnotes":""},"categories":[278],"tags":[4499,4502,376,4501,4110,634,168,25,24,375,4500,1448,23,167,214],"class_list":{"0":"post-123806","1":"post","2":"type-post","3":"status-publish","4":"format-standard","5":"has-post-thumbnail","7":"category-balonmano","8":"tag-aragon","9":"tag-aragonesa","10":"tag-balonmano","11":"tag-cartv","12":"tag-corporacion","13":"tag-deporte","14":"tag-deportes","15":"tag-es","16":"tag-espana","17":"tag-handball","18":"tag-publica","19":"tag-radio","20":"tag-spain","21":"tag-sports","22":"tag-tv"},"share_on_mastodon":{"url":"","error":""},"_links":{"self":[{"href":"https:\/\/www.europesays.com\/es\/wp-json\/wp\/v2\/posts\/123806","targetHints":{"allow":["GET"]}}],"collection":[{"href":"https:\/\/www.europesays.com\/es\/wp-json\/wp\/v2\/posts"}],"about":[{"href":"https:\/\/www.europesays.com\/es\/wp-json\/wp\/v2\/types\/post"}],"author":[{"embeddable":true,"href":"https:\/\/www.europesays.com\/es\/wp-json\/wp\/v2\/users\/2"}],"replies":[{"embeddable":true,"href":"https:\/\/www.europesays.com\/es\/wp-json\/wp\/v2\/comments?post=123806"}],"version-history":[{"count":0,"href":"https:\/\/www.europesays.com\/es\/wp-json\/wp\/v2\/posts\/123806\/revisions"}],"wp:featuredmedia":[{"embeddable":true,"href":"https:\/\/www.europesays.com\/es\/wp-json\/wp\/v2\/media\/123807"}],"wp:attachment":[{"href":"https:\/\/www.europesays.com\/es\/wp-json\/wp\/v2\/media?parent=123806"}],"wp:term":[{"taxonomy":"category","embeddable":true,"href":"https:\/\/www.europesays.com\/es\/wp-json\/wp\/v2\/categories?post=123806"},{"taxonomy":"post_tag","embeddable":true,"href":"https:\/\/www.europesays.com\/es\/wp-json\/wp\/v2\/tags?post=123806"}],"curies":[{"name":"wp","href":"https:\/\/api.w.org\/{rel}","templated":true}]}}