{"id":123810,"date":"2025-09-18T21:13:09","date_gmt":"2025-09-18T21:13:09","guid":{"rendered":"https:\/\/www.europesays.com\/es\/123810\/"},"modified":"2025-09-18T21:13:09","modified_gmt":"2025-09-18T21:13:09","slug":"la-ambulancia-se-dio-la-vuelta-sin-auxiliarlo","status":"publish","type":"post","link":"https:\/\/www.europesays.com\/es\/123810\/","title":{"rendered":"La ambulancia se dio la vuelta sin auxiliarlo"},"content":{"rendered":"<p class=\"paragraph\" id=\"paragraph_1\">La voz de Luc\u00eda -nombre ficticio- se quiebra en algunos momentos de su entrevista con EL ESPA\u00d1OL, a pesar de que no conoc\u00eda de nada a\u00a0<a href=\"https:\/\/www.elespanol.com\/reportajes\/20250916\/hijos-antonio-ciclista-nadie-ayudo-caer-murcia-alicante-dejaron-morir-raya-imaginaria\/1003743925040_0.html?utm_cmp_rs=linksinline\" rel=\"nofollow noopener\" target=\"_blank\">Antonio <\/a>Morales Ayala. Pero<strong> ella alert\u00f3 al 112 de que este\u00a0bombero jubilado, aficionado al ciclismo, hab\u00eda sufrido una ca\u00edda<\/strong>, y a\u00fan sigue sin encajar que lo tuvo consciente a su lado, durante 47 minutazos, pero\u00a0ese mismo d\u00eda, recibi\u00f3 la visita de la Polic\u00eda Local de Orihuela para tomarle declaraci\u00f3n porque Antonio hab\u00eda muerto y estaban investigando la gesti\u00f3n de esta emergencia en el l\u00edmite fronterizo de Murcia con la Comunidad Valenciana.<\/p>\n<p class=\"paragraph\" id=\"paragraph_2\">\u00ab<strong>Me qued\u00e9 blanca cuando la Polic\u00eda Local lleg\u00f3 a mi trabajo<\/strong> a tomarme declaraci\u00f3n. No me esperaba que ese hombre muriese\u00bb, seg\u00fan admite Luc\u00eda, nombre falso para proteger la identidad de la testigo clave en la investigaci\u00f3n del aviso realizado al 112, el pasado mi\u00e9rcoles, a ra\u00edz de la ca\u00edda que Antonio sufri\u00f3 en la Vereda del Reino y donde se moviliz\u00f3 una ambulancia de\u00a0Orihuela, a pesar de que hab\u00eda una m\u00e1s cerca en Beniel.<\/p>\n<p class=\"paragraph\" id=\"paragraph_3\">\u00abYo me encontraba en la oficina donde trabajo, y de repente, <strong>una mujer mayor llam\u00f3 a la puerta de la empresa para alertar de que hab\u00eda salido a caminar y se encontr\u00f3 a un ciclista accidentado<\/strong>\u00ab, seg\u00fan relata esta testigo de la Polic\u00eda Local de Orihuela. \u00abCuando sal\u00ed, el hombre estaba arrodillado en el suelo, le pregunt\u00e9 qu\u00e9 tal estaba y no me contest\u00f3. Me mir\u00f3 con mala cara y llam\u00e9 corriendo al 112\u00bb.\u00a0<\/p>\n<p class=\"paragraph\" id=\"paragraph_4\">El reloj marcaba las <strong>diez de la ma\u00f1ana del mi\u00e9rcoles 10 de septiembre<\/strong>, cuando esta mujer cumpli\u00f3 con el deber que tiene cualquier ciudadano de prestar auxilio en caso de emergencia con alg\u00fan herido.<\/p>\n<p class=\"paragraph\" id=\"paragraph_5\">\u00ab<strong>Intent\u00e9 hacer todo lo que pude<\/strong>\u00ab, recalca sobre su labor socorriendo a Antonio, tras estrellarse contra un poste de la luz, por culpa de un bache de la Vereda del Reino que se cruz\u00f3 en el camino de este cabo jubilado del parque de bomberos del Infante, y a sus 70 a\u00f1os, destacado miembro de la Pe\u00f1a Ciclista La P\u00e1jara de Puente Tocinos.<\/p>\n<p><img decoding=\"async\" alt=\"El difunto Antonio (1i), junto a miembros de la Pe\u00f1a Ciclista La P\u00e1jara de Puente Tocinos que presidi\u00f3 durante una d\u00e9cada.\" data-imgm=\"true\" height=\"180\" loading=\"lazy\"  src=\"https:\/\/www.europesays.com\/es\/wp-content\/uploads\/2025\/09\/1003743928685_258765226_1024x576.jpg\"  width=\"320\"\/><\/p>\n<p>                                                            El difunto Antonio (1i), junto a miembros de la Pe\u00f1a Ciclista La P\u00e1jara de Puente Tocinos que presidi\u00f3 durante una d\u00e9cada.<\/p>\n<p>                    Cedida<\/p>\n<p class=\"paragraph\" id=\"paragraph_6\"><strong>&#8211; \u00bfQu\u00e9 le explic\u00f3 al 112 en su llamada?<\/strong><\/p>\n<p class=\"paragraph\" id=\"paragraph_7\">&#8211; Les dije que necesitaba una ambulancia urgentemente porque estaba en la Vereda del Rollo y hab\u00eda un ciclista que era un hombre mayor que se hab\u00eda ca\u00eddo y no se encontraba bien. Estaba un poco mareado. Les ped\u00ed por favor que enviaran una ambulancia de Beniel porque estaba m\u00e1s cerca y eso creo que se lo dije en varias ocasiones. Vivo cerca de mi lugar de trabajo y nac\u00ed en Beniel, as\u00ed que conozco los recursos m\u00e9dicos que hay.\u00a0<\/p>\n<p class=\"paragraph\" id=\"paragraph_8\"><strong>&#8211; \u00bfQu\u00e9 le contestaron desde la sala del Tel\u00e9fono \u00danico de Emergencias<\/strong><strong>?<\/strong><\/p>\n<p class=\"paragraph\" id=\"paragraph_9\">&#8211; Me dijeron que me iban a mandar la de Orihuela y me pas\u00e9 al otro lado de la carretera para que enviasen la de Beniel porque s\u00e9 que el 112 te geolocaliza cuando llamas. Les dije que estaba en la Regi\u00f3n de Murcia y que la ambulancia de Beniel estaba m\u00e1s cerca. Me contestaron que Sanidad era la que decid\u00eda: &#8216;Eso ya lo veremos nosotros&#8217;. &#8216;Ahora lo veremos&#8217;. Justo cuando iba a volver a llamar [al 112] porque ya hab\u00edan pasado cinco minutos, lleg\u00f3 r\u00e1pido la Polic\u00eda Local de Orihuela y me qued\u00e9 m\u00e1s tranquila por la presencia de agentes de la autoridad.\u00a0<\/p>\n<p class=\"paragraph\" id=\"paragraph_10\">Nada m\u00e1s lejos de la realidad. Desde el momento en el que se moviliz\u00f3 una ambulancia de Orihuela en vez de una de Beniel, por priorizar los l\u00edmites fronterizos entre comunidades aut\u00f3nomas frente a la asistencia \u00e1gil a un herido,<strong>\u00a0se inici\u00f3 una supuesta cadena de errores que se sald\u00f3 con la muerte de Antonio Morales Ayala<\/strong>: padre de una<a href=\"https:\/\/www.elespanol.com\/invertia\/mis-finanzas\/20241126\/familia-numerosa-enhorabuena-ayudas-concede-hacienda\/903910003_0.html?utm_cmp_rs=linksinline\" rel=\"nofollow noopener\" target=\"_blank\"> familia numerosa<\/a> y apasionado del ciclismo, deporte que practicaba a diario, para estar en forma para jugar con sus ocho nietos.<\/p>\n<p class=\"paragraph\" id=\"paragraph_11\">De hecho, Ra\u00fal y Antonio, dos de los tres hijos del difunto, <strong>ya han anunciado que ejercer\u00e1n acciones legales para depurar responsabilidades<\/strong> por la muerte de este cabo jubilado del Servicio de Extinci\u00f3n de Incendios del Ayuntamiento de Murcia, cuyo deceso tuvo lugar a las 12.30 horas de ese mismo mi\u00e9rcoles, tras ingresar en el <a href=\"https:\/\/www.elespanol.com\/alicante\/vivir\/salud\/20250122\/sanitarios-estallan-saturacion-hospital-vega-baja-insostenible-atiende-pasillos\/918408240_0.html?utm_cmp_rs=linksinline\" rel=\"nofollow noopener\" target=\"_blank\">Hospital Vega Baja<\/a>.<\/p>\n<p><img decoding=\"async\" alt=\"Unos conos delimitan el bache que pis\u00f3 Antonio con su bicicleta y a unos metros, unas flores delatan la presencia del poste de la luz contra el que se choc\u00f3 este bombero jubilado en la Vereda del Reino.\" data-imgm=\"true\" height=\"180\" loading=\"lazy\"  src=\"https:\/\/www.europesays.com\/es\/wp-content\/uploads\/2025\/09\/1003743928802_258767370_1024x576.jpg\"  width=\"320\"\/><\/p>\n<p>                                                            Unos conos delimitan el bache que pis\u00f3 Antonio con su bicicleta y a unos metros, unas flores delatan la presencia del poste de la luz contra el que se choc\u00f3 este bombero jubilado en la Vereda del Reino.<\/p>\n<p>                    Cedidas<\/p>\n<p class=\"paragraph\" id=\"paragraph_12\"><strong>&#8211; \u00bfQu\u00e9 ocurri\u00f3 tras la llegada de la Polic\u00eda Local?<\/strong><\/p>\n<p class=\"paragraph\" id=\"paragraph_13\">&#8211; Como la ambulancia no ven\u00eda, los agentes llamaron otra vez, creo que por un tel\u00e9fono interno de Emergencias. Entonces, les dijeron que no encontraban el sitio del accidente y se estaban dando la vuelta hacia su base en Orihuela.<\/p>\n<p class=\"paragraph\" id=\"paragraph_14\"><strong>&#8211; \u00bfLa ambulancia de Orihuela que moviliz\u00f3 el 112 se dio la vuelta sin auxiliar a un ciclista accidentado?<\/strong><\/p>\n<p class=\"paragraph\" id=\"paragraph_15\">&#8211; S\u00ed. La Polic\u00eda Local los llam\u00f3 y les pregunt\u00f3 d\u00f3nde estaban. La ambulancia hab\u00eda llegado a Beniel, pero no encontr\u00f3 el sitio y se hab\u00eda marchado, creo que iba por los tubos del Trasvase Tajo-Segura o por la pedan\u00eda de Desamparados. Vamos que no estaban a cinco minutos, ten\u00edan que volver a dar la vuelta y un agente deb\u00eda ir a buscarlos para conducirlos hasta el lugar de la ca\u00edda.<\/p>\n<p class=\"paragraph\" id=\"paragraph_16\">No entiendo por qu\u00e9 la ambulancia\u00a0no llam\u00f3 a la Polic\u00eda Local para preguntar d\u00f3nde estaba la vereda, en lugar de marcharse.\u00a0Los dos polic\u00edas se quedaron locos, se quedaron muertos. Les dijeron: &#8216;\u00bfC\u00f3mo que vais de vuelta a la base?&#8217; &#8216;Ten\u00e9is que venir&#8217; Entonces, uno de los polic\u00edas sali\u00f3 con el coche patrulla para buscar al conductor de la ambulancia, y el otro se qued\u00f3 con el herido, conmigo, y con un compa\u00f1ero m\u00edo del trabajo que tambi\u00e9n hab\u00eda salido para ayudar.<\/p>\n<p class=\"paragraph\" id=\"paragraph_17\"><strong>&#8211; \u00bfCu\u00e1nto se demor\u00f3 la asistencia al ciclista accidentado?<\/strong><\/p>\n<p class=\"paragraph\" id=\"paragraph_18\">&#8211;\u00a0La ambulancia tard\u00f3 47 minutos en venir porque al llegar, por curiosidad, cog\u00ed mi m\u00f3vil para ver la hora a la que hab\u00eda llamado al 112. Mir\u00e9 el registro de llamadas y reflejaba que hab\u00edan transcurrido 47 minutos desde que llam\u00e9 a Emergencias.<\/p>\n<p class=\"paragraph\" id=\"paragraph_19\">Luc\u00eda, nombre falso para proteger la identidad de la testigo de este caso que va camino de los juzgados, tambi\u00e9n apunta que durante la espera a la asistencia sanitaria, incluso hubo tiempo de que un hombre que paseaba por la zona, se acercara hasta Antonio porque casualmente eran conocidos. \u00abPasaron varias personas ofreciendo ayuda y <strong>el ciclista reconoci\u00f3 a un amigo suyo y le pidi\u00f3 que se llevara su bici a su casa para luego devolv\u00e9rsela<\/strong>\u00ab.<\/p>\n<p class=\"paragraph\" id=\"paragraph_20\">Tal favor se cumpli\u00f3, pero por desgracia, su due\u00f1o, un bombero jubilado, nunca m\u00e1s volver\u00e1 a &#8216;cabalgar&#8217; a lomos de una bici con la que hab\u00eda salido <strong>para hacer una ruta sencilla<\/strong>: desde Puente Tocinos hasta Orihuela y de vuelta a casa con su querida esposa, Josefa.<\/p>\n<p><img decoding=\"async\" alt=\"Antonio, durante su etapa como cabo del Servicio de Extinci\u00f3n de Incendios (SEIS) del Ayuntamiento Murcia.\" data-imgm=\"true\" height=\"180\" loading=\"lazy\"  src=\"https:\/\/www.europesays.com\/es\/wp-content\/uploads\/2025\/09\/1003743929411_258782196_1024x576.jpg\"  width=\"320\"\/><\/p>\n<p>                                                            Antonio, durante su etapa como cabo del Servicio de Extinci\u00f3n de Incendios (SEIS) del Ayuntamiento Murcia.<\/p>\n<p>                    Cedida<\/p>\n<p class=\"paragraph\" id=\"paragraph_21\"><strong>&#8211; \u00bfC\u00f3mo se encontraba el ciclista durante semejante espera?<\/strong><\/p>\n<p class=\"paragraph\" id=\"paragraph_22\">&#8211;\u00a0El hombre estaba aturdido por el golpe y los rasgu\u00f1os. Dec\u00eda que le dol\u00edan mucho las costillas y el hombro. Pero nunca habr\u00eda pesado que acabar\u00eda muriendo. Le estuve dando sombra con una toalla porque hac\u00eda calor y le estuve animando: &#8216;No te preocupes, que esto enseguida pasa que viene la ambulancia de camino&#8217;.<\/p>\n<p class=\"paragraph\" id=\"paragraph_23\">De vez en cuando, yo le preguntaba cosas, c\u00f3mo se llamaba, qu\u00e9 le hab\u00eda pasado o de d\u00f3nde era, para comprobar que estaba orientado y evitar que se durmiera. El hombre estaba consciente, pero me contestaba lo que pod\u00eda porque imagino que estaba un poco en shock por el dolor del golpe. \u00c9l se fue\u00a0bien en la ambulancia, aunque al final le costaba respirar un poco.<\/p>\n<p class=\"paragraph\" id=\"paragraph_24\">Cuando lleg\u00f3 la ambulancia, le quitaron el casco, le preguntaron qu\u00e9 le dol\u00eda y se lo llevaron r\u00e1pido, tras subirlo en la camilla con la ayuda de la Polic\u00eda porque le dol\u00edan las costillas. Ese hombre no se quej\u00f3 porque era bombero, pero seguro que por dentro no entend\u00eda por qu\u00e9 tardaron tanto.<\/p>\n<p class=\"paragraph\" id=\"paragraph_25\"><strong>&#8211; \u00bfUsted c\u00f3mo vivi\u00f3 esa espera?\u00a0\u00a0<\/strong><\/p>\n<p class=\"paragraph\" id=\"paragraph_26\">&#8211; Yo me preguntaba: \u00bfC\u00f3mo que Sanidad decide la ambulancia que va si Beniel est\u00e1 al lado? \u00bfPor qu\u00e9 me tienes que mandar una que est\u00e1 a 40 minutos? Yo no discut\u00ed con la mujer que me atendi\u00f3 en el 112 porque no soy una persona de discutir, pero me he quedado con una espina clavada.\u00a0<\/p>\n<p class=\"paragraph\" id=\"paragraph_27\">Me enter\u00e9 de que hab\u00eda fallecido porque tras volver a mi puesto de trabajo, esa mismo mi\u00e9rcoles, regres\u00f3 la Polic\u00eda Local de Orihuela para tomarme declaraci\u00f3n. No me esperaba para nada lo que ocurri\u00f3. La vida son momentos y segundos.<\/p>\n<p class=\"paragraph\" id=\"paragraph_28\"><strong>En el caso de Antonio esos segundos se convirtieron en una losa de 47 minutos<\/strong>, tirado sobre el asfalto de la Vereda del Reino, como se la conoce en Beniel, y la Vereda del Rollo, como la llaman en Orihuela: un brazal de\u00a03 kil\u00f3metros de longitud que hist\u00f3ricamente divide la huerta murciana de la provincia alicantina.<\/p>\n<p>                                                            Los bomberos de Murcia rindieron un sentido homenaje a Antonio durante su entierro.<\/p>\n<p class=\"paragraph\" id=\"paragraph_29\">Luc\u00eda confiesa que<strong> no puede evitar sentir \u00abremordimientos\u00bb<\/strong> desde que se enter\u00f3 de la muerte de Antonio, a pesar de que cumpli\u00f3 con su obligaci\u00f3n del deber de socorro que marca la ley, lo que demuestra el buen coraz\u00f3n de esta mujer. \u00abA lo mejor tendr\u00edamos que haber subido al hombre en nuestro coche\u00bb, apunta apenada, por la muerte del que era un superabuelo para sus nietos, a la vista de que su pasi\u00f3n por el ciclismo se impon\u00eda a los 70 a\u00f1os de su DNI.<\/p>\n<p class=\"paragraph\" id=\"paragraph_30\">Ra\u00fal y Antonio, dos de los hijos del fallecido, emprender\u00e1n acciones legales por la gesti\u00f3n de esta emergencia porque <strong>consideran que hubo \u00abuna cadena de errores\u00bb<\/strong> en la atenci\u00f3n a su padre:\u00a0le asignaron el recurso sanitario m\u00e1s alejado del lugar donde sufri\u00f3 la ca\u00edda, a pesar de que hab\u00eda una ambulancia a 3 minutos en Beniel; el ch\u00f3fer se perdi\u00f3; no movilizaron una unidad con m\u00e9dico, solo iba un conductor y un t\u00e9cnico; y en el Hospital Vega Baja entr\u00f3 en parada y le hicieron un masaje card\u00edaco manual, pero no se le aplic\u00f3 un desfibrilador.<\/p>\n<p class=\"paragraph\" id=\"paragraph_31\">La Polic\u00eda Local de Orihuela est\u00e1 instruyendo <strong>un atestado por homicidio imprudente<\/strong>, seg\u00fan han anunciado los hijos de Antonio. De modo que la familia contratar\u00e1 a un abogado para pedir la grabaci\u00f3n de la llamada al 112 que hizo esta testigo entrevistada por EL ESPA\u00d1OL, as\u00ed como una copia de las comunicaciones internas de Emergencias, de las c\u00e1maras de seguridad del hospital y del historial cl\u00ednico del fallecido.\u00a0\u00a0<\/p>\n<p class=\"paragraph\" id=\"paragraph_32\"><strong>&#8211; \u00bfCree que Antonio se habr\u00eda salvado si movilizan la ambulancia de Beniel?<\/strong><\/p>\n<p class=\"paragraph\" id=\"paragraph_33\"><strong>&#8211; Luc\u00eda:<\/strong> Eso son cuestiones m\u00e9dicas y no lo s\u00e9. Quiz\u00e1, si hubiese llegado antes la ambulancia, s\u00ed que se habr\u00eda salvado. La ambulancia deber\u00eda haber llevado un m\u00e9dico. No entiendo qu\u00e9 clase de leyes nos amparan. Tendr\u00eda que acudir siempre la ambulancia m\u00e1s cercana.<\/p>\n","protected":false},"excerpt":{"rendered":"La voz de Luc\u00eda -nombre ficticio- se quiebra en algunos momentos de su entrevista con EL ESPA\u00d1OL, a&hellip;\n","protected":false},"author":2,"featured_media":123811,"comment_status":"","ping_status":"","sticky":false,"template":"","format":"standard","meta":{"footnotes":""},"categories":[273],"tags":[40522,4343,313,312,168,40521,4978,25,24,21981,23765,4286,1811,23,167,40523],"class_list":{"0":"post-123810","1":"post","2":"type-post","3":"status-publish","4":"format-standard","5":"has-post-thumbnail","7":"category-ciclismo","8":"tag-beniel","9":"tag-bomberos","10":"tag-ciclismo","11":"tag-cycling","12":"tag-deportes","13":"tag-dni","14":"tag-emergencias","15":"tag-es","16":"tag-espana","17":"tag-familias-numerosas","18":"tag-orihuela","19":"tag-reportajes","20":"tag-sanidad","21":"tag-spain","22":"tag-sports","23":"tag-trasvase-tajo-segura"},"share_on_mastodon":{"url":"","error":""},"_links":{"self":[{"href":"https:\/\/www.europesays.com\/es\/wp-json\/wp\/v2\/posts\/123810","targetHints":{"allow":["GET"]}}],"collection":[{"href":"https:\/\/www.europesays.com\/es\/wp-json\/wp\/v2\/posts"}],"about":[{"href":"https:\/\/www.europesays.com\/es\/wp-json\/wp\/v2\/types\/post"}],"author":[{"embeddable":true,"href":"https:\/\/www.europesays.com\/es\/wp-json\/wp\/v2\/users\/2"}],"replies":[{"embeddable":true,"href":"https:\/\/www.europesays.com\/es\/wp-json\/wp\/v2\/comments?post=123810"}],"version-history":[{"count":0,"href":"https:\/\/www.europesays.com\/es\/wp-json\/wp\/v2\/posts\/123810\/revisions"}],"wp:featuredmedia":[{"embeddable":true,"href":"https:\/\/www.europesays.com\/es\/wp-json\/wp\/v2\/media\/123811"}],"wp:attachment":[{"href":"https:\/\/www.europesays.com\/es\/wp-json\/wp\/v2\/media?parent=123810"}],"wp:term":[{"taxonomy":"category","embeddable":true,"href":"https:\/\/www.europesays.com\/es\/wp-json\/wp\/v2\/categories?post=123810"},{"taxonomy":"post_tag","embeddable":true,"href":"https:\/\/www.europesays.com\/es\/wp-json\/wp\/v2\/tags?post=123810"}],"curies":[{"name":"wp","href":"https:\/\/api.w.org\/{rel}","templated":true}]}}