{"id":123812,"date":"2025-09-18T21:14:18","date_gmt":"2025-09-18T21:14:18","guid":{"rendered":"https:\/\/www.europesays.com\/es\/123812\/"},"modified":"2025-09-18T21:14:18","modified_gmt":"2025-09-18T21:14:18","slug":"un-piloto-de-formula-1-esta-al-borde-de-quedarse-sin-puntos-en-el-carnet-por-conducir-demasiado-agresivo","status":"publish","type":"post","link":"https:\/\/www.europesays.com\/es\/123812\/","title":{"rendered":"un piloto de F\u00f3rmula 1 est\u00e1 al borde de quedarse sin puntos en el carnet por conducir demasiado agresivo"},"content":{"rendered":"<p>Un piloto de F\u00f3rmula 1 est\u00e1 a punto de quedarse sin su carnet para pilotar. Se trata de <strong>Oliver Bearman, el corredor novato de Haas que ahora mismo est\u00e1 al borde del abismo<\/strong>. En la \u00faltima carrera, en Monza, se choc\u00f3 contra Carlos Sainz, por lo que le quitaron dos puntos m\u00e1s de la s\u00faper licencia. Y ya solo le quedan dos m\u00e1s antes de perderla.<\/p>\n<p>En la F\u00f3rmula 1 <strong>todos los pilotos tienen una s\u00faper licencia y en ella doce puntos<\/strong>. Si los pierdes todos en menos de un a\u00f1o, te quedas una carrera sin correr. Ya<a rel=\"noopener, noreferrer nofollow\" href=\"https:\/\/www.motorpasion.com\/formula1\/primera-vez-historia-piloto-f1-se-ha-quedado-puntos-carnet-a-fernando-alonso-le-parece-exagerado-su-castigo\" target=\"_blank\">\u00a0le ocurri\u00f3 la temporada pasada a Kevin Magnussen<\/a>, y ahora Bearman est\u00e1 al borde de seguir sus pasos. Aunque no es el \u00fanico muy amenazado de la actual parrilla.<\/p>\n<p>Bearman ha perdido diez de sus doce puntos, y a\u00fan le quedan cuatro carreras en riesgo<\/p>\n<p>Ha vuelto a pasar. Un piloto de F\u00f3rmula 1 est\u00e1 en serio riesgo de quedarse sin su s\u00faper licencia. Ahora el damnificado es <strong>Oliver Bearman, novato brit\u00e1nico al que solo le quedan dos puntos en el carnet<\/strong> y deber\u00e1 gestionarlos durante las pr\u00f3ximas cuatro carreras. Si vuelve a meterse en un l\u00edo, es muy probable que lo manden a casa.<\/p>\n<p>    <a href=\"https:\/\/www.motorpasion.com\/seguridad\/checo-se-ha-pasado-seis-anos-troleando-a-policia-f1-schumacher-carretera-ahora-le-han-pillado-le-ha-salido-barato\" rel=\"nofollow noopener\" target=\"_blank\"><br \/>\n     <img loading=\"lazy\" decoding=\"async\" alt=\"Un checo se ha pasado seis a\u00f1os troleando a la polic\u00eda con un 'F1' de Schumacher por la carretera. Ahora le han pillado y hasta le ha salido barato\" width=\"375\" height=\"142\" src=\"https:\/\/www.europesays.com\/es\/wp-content\/uploads\/2025\/09\/1758230058_214_375_142.jpeg\"\/><br \/>\n    <\/a><\/p>\n<p>Bearman se llev\u00f3 por delante a Sainz en Monza, <a rel=\"noopener, noreferrer nofollow\" href=\"https:\/\/www.motorpasion.com\/formula1\/no-entiendo-que-esta-haciendo-ex-campeon-f1-ha-explotado-carlos-sainz-pide-sanciones-para\" target=\"_blank\">un accidente pol\u00e9mico<\/a> pero que se ha saldado con castigo para el ingl\u00e9s. Ah\u00ed ha perdido dos puntos, que se unen a<strong> los cuatro que perdi\u00f3 por estrellarse con bandera roja<\/strong> en Silverstone, los dos que perdi\u00f3 en M\u00f3naco por adelantar con bandera roja y los otros dos que le quitaron en Brasil el a\u00f1o pasado por chocarse con Franco Colapinto.<\/p>\n<p>En la F\u00f3rmula 1 cada piloto tiene doce puntos y no puede perderlos todos en un a\u00f1o. Cuando se cumplen 365 d\u00edas de un incidente penalizado, el piloto recupera los puntos que perdi\u00f3 entonces. El problema es que <strong>Bearman no recupera puntos hasta el 3 de noviembre<\/strong>. Es decir, le quedan cuatro carreras y una sprint por delante en riesgo.<\/p>\n<p>                  <img class=\"\" height=\"738\" width=\"1080\" loading=\"lazy\" decoding=\"async\"  fetchpriority=\"high\"  src=\"https:\/\/www.europesays.com\/es\/wp-content\/uploads\/2025\/09\/1758230058_67_450_1000.jpeg\" alt=\"Bearman Monza F1 2025\"\/><\/p>\n<p>Concretamente, Bearman correr\u00e1 en la cuerda floja en Bak\u00fa, Singapur, Austin (donde hay carrera sprint) y M\u00e9xico. Cuatro Grandes Premios sabiendo que el m\u00e1s m\u00ednimo l\u00edo le deja una carrera en casa. Claro que <strong>no est\u00e1 mucho mejor Max Verstappen<\/strong>, a quien le quedan solo tres puntos en el carnet y no recupera ninguno hasta el 27 de octubre.<\/p>\n<p>Se da la curiosa circunstancia de que cuando el a\u00f1o pasado Magnussen se perdi\u00f3 una carrera por este motivo, fue precisamente Bearman, por entonces piloto de F\u00f3rmula 2, quien le sustituy\u00f3. Si el ingl\u00e9s llega a perderse una carrera este a\u00f1o, <strong>todos los ojos apuntan a Ryo Hirakawa<\/strong>, japon\u00e9s de 31 a\u00f1os <a rel=\"noopener, noreferrer nofollow\" href=\"https:\/\/www.motorpasion.com\/formula1\/toyota-fue-gran-fiasco-historia-f1-ahora-han-anunciado-que-vuelven-al-mundial-para-limpiar-su-imagen\" target=\"_blank\">protegido de Toyota<\/a>, ganador de las 24 Horas de Le Mans y que ya ha hecho libres con Haas.<\/p>\n<p>Veremos <strong>si Bearman es capaz de soportar la presi\u00f3n<\/strong> y mantener los dos puntos que le quedan en la s\u00faper licencia hasta el final de la temporada.<\/p>\n<p>Im\u00e1genes | Haas F1<\/p>\n<p>En Motorpasi\u00f3n | <a rel=\"noopener, noreferrer nofollow\" href=\"https:\/\/www.motorpasion.com\/formula1\/fia-ha-decidido-coches-f1-volveran-a-llevar-motores-v8-ahora-solo-falta-que-audi-honda-no-se-enfaden\" target=\"_blank\">La FIA ya ha decidido: los coches de F1 volver\u00e1n a llevar motores V8. Ahora solo falta que Audi y Honda no se enfaden<\/a><\/p>\n","protected":false},"excerpt":{"rendered":"Un piloto de F\u00f3rmula 1 est\u00e1 a punto de quedarse sin su carnet para pilotar. Se trata de&hellip;\n","protected":false},"author":2,"featured_media":123813,"comment_status":"","ping_status":"","sticky":false,"template":"","format":"standard","meta":{"footnotes":""},"categories":[270],"tags":[168,25,24,306,271,272,23,167],"class_list":{"0":"post-123812","1":"post","2":"type-post","3":"status-publish","4":"format-standard","5":"has-post-thumbnail","7":"category-formula-1","8":"tag-deportes","9":"tag-es","10":"tag-espana","11":"tag-f1","12":"tag-formula-1","13":"tag-formula1","14":"tag-spain","15":"tag-sports"},"share_on_mastodon":{"url":"","error":""},"_links":{"self":[{"href":"https:\/\/www.europesays.com\/es\/wp-json\/wp\/v2\/posts\/123812","targetHints":{"allow":["GET"]}}],"collection":[{"href":"https:\/\/www.europesays.com\/es\/wp-json\/wp\/v2\/posts"}],"about":[{"href":"https:\/\/www.europesays.com\/es\/wp-json\/wp\/v2\/types\/post"}],"author":[{"embeddable":true,"href":"https:\/\/www.europesays.com\/es\/wp-json\/wp\/v2\/users\/2"}],"replies":[{"embeddable":true,"href":"https:\/\/www.europesays.com\/es\/wp-json\/wp\/v2\/comments?post=123812"}],"version-history":[{"count":0,"href":"https:\/\/www.europesays.com\/es\/wp-json\/wp\/v2\/posts\/123812\/revisions"}],"wp:featuredmedia":[{"embeddable":true,"href":"https:\/\/www.europesays.com\/es\/wp-json\/wp\/v2\/media\/123813"}],"wp:attachment":[{"href":"https:\/\/www.europesays.com\/es\/wp-json\/wp\/v2\/media?parent=123812"}],"wp:term":[{"taxonomy":"category","embeddable":true,"href":"https:\/\/www.europesays.com\/es\/wp-json\/wp\/v2\/categories?post=123812"},{"taxonomy":"post_tag","embeddable":true,"href":"https:\/\/www.europesays.com\/es\/wp-json\/wp\/v2\/tags?post=123812"}],"curies":[{"name":"wp","href":"https:\/\/api.w.org\/{rel}","templated":true}]}}