{"id":123814,"date":"2025-09-18T21:15:12","date_gmt":"2025-09-18T21:15:12","guid":{"rendered":"https:\/\/www.europesays.com\/es\/123814\/"},"modified":"2025-09-18T21:15:12","modified_gmt":"2025-09-18T21:15:12","slug":"de-sousa-debuta-en-el-triunfo-azulon-ante-el-granada","status":"publish","type":"post","link":"https:\/\/www.europesays.com\/es\/123814\/","title":{"rendered":"De Sousa debuta en el triunfo azul\u00f3n ante el Granada"},"content":{"rendered":"<p>El <strong>San Pablo<\/strong> ha firmado una nueva victoria <strong>(80-95) <\/strong>en el amistoso ante el <strong>Covir\u00e1n Granada <\/strong>en Fuenlabrada. El encuentro sirvi\u00f3 tanto a un equipo como a otro para seguir dando pasos hacia adelante de cara al inicio de la Liga Endesa y supuso el debut de <strong>Silvio de Sousa<\/strong> con la camiseta azulona. No obstante, no jugaron ni Pablo Almaz\u00e1n, lesionado, ni Ra\u00fal Neto, que contin\u00faa con su particular puesta a punto.<\/p>\n<p>La <strong>igualdad <\/strong>fue la nota dominante del choque durante todo el primer cuarto. El Granada amenaz\u00f3 con irse en el marcador, pero fue solo un espejismo porque las distancias fueron siempre muy cortas (18-17). La din\u00e1mica cambi\u00f3 ligeramente durante el segundo parcial y los burgaleses consiguieron abrir brecha para irse con <strong>un peque\u00f1o colch\u00f3n al descanso (38-45)<\/strong>.<\/p>\n<p>Tras el paso por los vestuarios, el San Pablo se mantuvo firme y logr\u00f3 conservar su ventaja durante todo el tercer cuarto. Savignani sigui\u00f3 repartiendo los minutos entre la mayor\u00eda de sus hombres, incluido De Sousa, que desde el inicio de esta semana se ha sumado a la din\u00e1mica del grupo (60-67).<\/p>\n<p>En el tramo decisivo, el cuadro burgal\u00e9s termin\u00f3 por <strong>romper el choque<\/strong> y acab\u00f3 logrando una holgada victoria (80-95) ante un Granada que se perfila como un rival directo por la permanencia en la Liga Endesa.<\/p>\n","protected":false},"excerpt":{"rendered":"El San Pablo ha firmado una nueva victoria (80-95) en el amistoso ante el Covir\u00e1n Granada en Fuenlabrada.&hellip;\n","protected":false},"author":2,"featured_media":123815,"comment_status":"","ping_status":"","sticky":false,"template":"","format":"standard","meta":{"footnotes":""},"categories":[269],"tags":[5861,299,298,168,25,24,831,665,3919,23,167],"class_list":{"0":"post-123814","1":"post","2":"type-post","3":"status-publish","4":"format-standard","5":"has-post-thumbnail","7":"category-baloncesto","8":"tag-almazan","9":"tag-baloncesto","10":"tag-basketball","11":"tag-deportes","12":"tag-es","13":"tag-espana","14":"tag-liga-acb","15":"tag-liga-endesa","16":"tag-san-pablo-burgos","17":"tag-spain","18":"tag-sports"},"share_on_mastodon":{"url":"","error":""},"_links":{"self":[{"href":"https:\/\/www.europesays.com\/es\/wp-json\/wp\/v2\/posts\/123814","targetHints":{"allow":["GET"]}}],"collection":[{"href":"https:\/\/www.europesays.com\/es\/wp-json\/wp\/v2\/posts"}],"about":[{"href":"https:\/\/www.europesays.com\/es\/wp-json\/wp\/v2\/types\/post"}],"author":[{"embeddable":true,"href":"https:\/\/www.europesays.com\/es\/wp-json\/wp\/v2\/users\/2"}],"replies":[{"embeddable":true,"href":"https:\/\/www.europesays.com\/es\/wp-json\/wp\/v2\/comments?post=123814"}],"version-history":[{"count":0,"href":"https:\/\/www.europesays.com\/es\/wp-json\/wp\/v2\/posts\/123814\/revisions"}],"wp:featuredmedia":[{"embeddable":true,"href":"https:\/\/www.europesays.com\/es\/wp-json\/wp\/v2\/media\/123815"}],"wp:attachment":[{"href":"https:\/\/www.europesays.com\/es\/wp-json\/wp\/v2\/media?parent=123814"}],"wp:term":[{"taxonomy":"category","embeddable":true,"href":"https:\/\/www.europesays.com\/es\/wp-json\/wp\/v2\/categories?post=123814"},{"taxonomy":"post_tag","embeddable":true,"href":"https:\/\/www.europesays.com\/es\/wp-json\/wp\/v2\/tags?post=123814"}],"curies":[{"name":"wp","href":"https:\/\/api.w.org\/{rel}","templated":true}]}}