{"id":123818,"date":"2025-09-18T21:17:08","date_gmt":"2025-09-18T21:17:08","guid":{"rendered":"https:\/\/www.europesays.com\/es\/123818\/"},"modified":"2025-09-18T21:17:08","modified_gmt":"2025-09-18T21:17:08","slug":"la-reina-letizia-y-su-guino-a-la-moda-egipcia-unos-pendientes-con-mensaje-y-una-americana-de-inspiracion-safari","status":"publish","type":"post","link":"https:\/\/www.europesays.com\/es\/123818\/","title":{"rendered":"La Reina Letizia y su gui\u00f1o a la moda egipcia: unos pendientes con mensaje y una americana de inspiraci\u00f3n safari"},"content":{"rendered":"<p>Tercer d\u00eda del viaje de Estado de los Reyes a Egipto, que ha comenzado con la agenda oficial con actos por separado. <a href=\"https:\/\/www.libertaddigital.com\/personajes\/felipe-vi\/\" rel=\"nofollow noopener\" target=\"_blank\"><strong>Don Felipe<\/strong><\/a> manten\u00eda un desayuno de trabajo con una representaci\u00f3n de empresarios espa\u00f1oles y egipcios en El Cairo, para continuar con la inauguraci\u00f3n del Foro Empresarial hispano-egipcio, y una reuni\u00f3n con Ahmed Aboul Gheit, el secretario general de la Liga de los Estados \u00c1rabes.<\/p>\n<p><a class=\"fancybox\" href=\"https:\/\/s1.staticld.com\/2025\/09\/18\/visita-exposicion-ciudad-de-los-muertos-reina-letizia.jpg\" rel=\"nofollow noreferrer noopener\" target=\"_blank\"><img class=\"l\" data-  style=\"aspect-ratio: 320 \/ 241\" alt=\"visita-exposicion-ciudad-de-los-muertos-reina-letizia.jpg\"\/><\/a><\/p>\n<p>Do\u00f1a Letizia visita la exposici\u00f3n en la &#8216;Ciudad de los Muertos&#8217;<\/p>\n<p>Por su parte, <a href=\"https:\/\/www.libertaddigital.com\/personajes\/letizia-ortiz\/\" rel=\"nofollow noopener\" target=\"_blank\"><strong>Do\u00f1a Letizia<\/strong><\/a> ha visitado el centro cultural de la Fundaci\u00f3n Sult\u00e1n Al-Ashraf Qait Bay, donde ha podido disfrutar de <strong>una muestra fotogr\u00e1fica sobre la Ciudad de los Muertos <\/strong>del egipcio Mohamed Mahdy y la espa\u00f1ola Laura Silleras. Se trata de un proyecto financiado por la Embajada de Espa\u00f1a en Egipto, con motivo del viaje de los Reyes, ubicado en una necr\u00f3polis situada en El Cairo, a los pies de la Ciudadela.<\/p>\n<p>Con esta visita la Reina ha querido conocer de primera mano el proyecto \u00abMejorar las oportunidades de desarrollo socioecon\u00f3mico y cultural de las mujeres e infancia de la Ciudad de los Muertos\u00bb desarrollado por Cooperaci\u00f3n Espa\u00f1ola.<\/p>\n<p><a class=\"fancybox\" href=\"https:\/\/s1.staticld.com\/2025\/09\/18\/visita-letizia-fundacion-sultan-egipto.jpg\" rel=\"nofollow noreferrer noopener\" target=\"_blank\"><img class=\"l\" data-  style=\"aspect-ratio: 640 \/ 427\" alt=\"visita-letizia-fundacion-sultan-egipto.jpg\"\/><\/a><\/p>\n<p>Do\u00f1a Letizia saluda a unas ni\u00f1as que han ofrecido una actuaci\u00f3n musical<\/p>\n<p>A su llegada, la Reina ha disfrutado de una actuaci\u00f3n de percusi\u00f3n a cargo de un grupo de j\u00f3venes beneficiaros de proyectos de la Fundaci\u00f3n, a los que posteriormente ha saludado de forma cari\u00f1osa. Despu\u00e9s ha querido participar en un taller de orfebrer\u00eda y cuero de la Fundaci\u00f3n Sult\u00e1n, creada en 2016 para facilitar el acceso a la cultura a los segmentos desfavorecidos de la sociedad egipcia en El Cairo.<\/p>\n<p><a class=\"fancybox\" href=\"https:\/\/s1.staticld.com\/2025\/09\/18\/visita-taller-joyeria-egipto-letizia.jpg\" rel=\"nofollow noreferrer noopener\" target=\"_blank\"><img class=\"l\" data-  style=\"aspect-ratio: 2560 \/ 1707\" alt=\"visita-taller-joyeria-egipto-letizia.jpg\"\/><\/a><\/p>\n<p>Do\u00f1a Letizia ha visitado un taller que cuenta con la ayuda de Cooperaci\u00f3n Espa\u00f1ola<\/p>\n<p>Para la ocasi\u00f3n, Do\u00f1a Letizia ha lucido una chaqueta de lino de inspiraci\u00f3n sahariana de la dise\u00f1adora egipcia <strong>Dina Shaker<\/strong>, con sede El Cairo. Lo ha combinado con unos pantalones blancos y zapatos tipo de <strong>S\u00e9zane.<\/strong> Otro de los gui\u00f1os han sido los pendientes, un modelo dorado con varios rombos en cascada de <strong>Mishka<\/strong>, un taller que se dedica a las joyas y al cuero, donde trabajan 60 mujeres, y que cuenta con el apoyo de la Cooperaci\u00f3n Espa\u00f1ola.<\/p>\n<p>&#13;<br \/>\n    Relacionado&#13;<br \/>\n    &#13;<\/p>\n<p>Por la tarde, los Reyes visitar\u00e1n el templo de Hatshepsut, dedicado a la \u00fanica mujer que gobern\u00f3 Egipto con t\u00edtulo de fara\u00f3n, donde inaugurar\u00e1n la nueva iluminaci\u00f3n nocturna, realizada por un consorcio de empresas espa\u00f1olas y que pertenecen a un proyecto de mejora y acondicionamiento de los sitios arqueol\u00f3gicos de Luxor.<\/p>\n","protected":false},"excerpt":{"rendered":"Tercer d\u00eda del viaje de Estado de los Reyes a Egipto, que ha comenzado con la agenda oficial&hellip;\n","protected":false},"author":2,"featured_media":123819,"comment_status":"","ping_status":"","sticky":false,"template":"","format":"standard","meta":{"footnotes":""},"categories":[174],"tags":[255,146,147,25,24,256,11440,23],"class_list":{"0":"post-123818","1":"post","2":"type-post","3":"status-publish","4":"format-standard","5":"has-post-thumbnail","7":"category-famosos","8":"tag-celebrities","9":"tag-entertainment","10":"tag-entretenimiento","11":"tag-es","12":"tag-espana","13":"tag-famosos","14":"tag-letizia-ortiz","15":"tag-spain"},"share_on_mastodon":{"url":"","error":""},"_links":{"self":[{"href":"https:\/\/www.europesays.com\/es\/wp-json\/wp\/v2\/posts\/123818","targetHints":{"allow":["GET"]}}],"collection":[{"href":"https:\/\/www.europesays.com\/es\/wp-json\/wp\/v2\/posts"}],"about":[{"href":"https:\/\/www.europesays.com\/es\/wp-json\/wp\/v2\/types\/post"}],"author":[{"embeddable":true,"href":"https:\/\/www.europesays.com\/es\/wp-json\/wp\/v2\/users\/2"}],"replies":[{"embeddable":true,"href":"https:\/\/www.europesays.com\/es\/wp-json\/wp\/v2\/comments?post=123818"}],"version-history":[{"count":0,"href":"https:\/\/www.europesays.com\/es\/wp-json\/wp\/v2\/posts\/123818\/revisions"}],"wp:featuredmedia":[{"embeddable":true,"href":"https:\/\/www.europesays.com\/es\/wp-json\/wp\/v2\/media\/123819"}],"wp:attachment":[{"href":"https:\/\/www.europesays.com\/es\/wp-json\/wp\/v2\/media?parent=123818"}],"wp:term":[{"taxonomy":"category","embeddable":true,"href":"https:\/\/www.europesays.com\/es\/wp-json\/wp\/v2\/categories?post=123818"},{"taxonomy":"post_tag","embeddable":true,"href":"https:\/\/www.europesays.com\/es\/wp-json\/wp\/v2\/tags?post=123818"}],"curies":[{"name":"wp","href":"https:\/\/api.w.org\/{rel}","templated":true}]}}