{"id":123820,"date":"2025-09-18T21:18:11","date_gmt":"2025-09-18T21:18:11","guid":{"rendered":"https:\/\/www.europesays.com\/es\/123820\/"},"modified":"2025-09-18T21:18:11","modified_gmt":"2025-09-18T21:18:11","slug":"marta-melian-de-telde-a-malasana-como-arquitecta-que-crea-atmosferas-en-viviendas","status":"publish","type":"post","link":"https:\/\/www.europesays.com\/es\/123820\/","title":{"rendered":"Marta Meli\u00e1n, de Telde a Malasa\u00f1a como arquitecta que crea atm\u00f3sferas en viviendas"},"content":{"rendered":"<p class=\"ft-text ft-helper-closenews\">La arquitecta <strong>Marta Meli\u00e1n<\/strong> habita al un\u00edsono dos planos atravesados por una pasi\u00f3n: construir atm\u00f3sferas dentro de las <a class=\"ft-link ft-link--decoration\" href=\"https:\/\/www.laprovincia.es\/vivienda\/\" rel=\"nofollow noopener\" target=\"_blank\">viviendas<\/a>. Un querer asido al <strong>estudio de interiorismo<\/strong> que fund\u00f3 en 2019, <a class=\"ft-link ft-link--decoration\" href=\"https:\/\/www.studiomo.es\/\" rel=\"nofollow noopener\" target=\"_blank\">Studio M\u00f3<\/a>, con sedes entre el barrio de Malasa\u00f1a, en <strong>Madrid<\/strong>, y <a class=\"ft-link ft-link--decoration\" href=\"https:\/\/www.laprovincia.es\/gran-canaria\/telde\/\" rel=\"nofollow noopener\" target=\"_blank\"><strong>Telde<\/strong><\/a>. El trabajo de la dise\u00f1adora grancanaria, una arquitecta experta en tocar la vida de quienes se asientan en los espacios que idea, despierta el inter\u00e9s de <a class=\"ft-link ft-link--decoration\" href=\"https:\/\/www.laprovincia.es\/tags\/barrio-de-la-feria\/\" rel=\"nofollow noopener\" target=\"_blank\">la Feria<\/a> Internacional de <strong>Arte Contempor\u00e1neo de Espa\u00f1a, ARCO<\/strong>, o la exposici\u00f3n <strong>Casa Decor<\/strong>.<\/p>\n<p class=\"ft-text\">Estudia Dise\u00f1o Industrial en el <strong>Instituto Europeo de Dise\u00f1o<\/strong> (IED); se grad\u00faa tambi\u00e9n en Arquitectura de Interiores y remata con un m\u00e1ster en interiorismo e im\u00e1genes 3D. En el mundo laboral se curte m\u00e1s de una d\u00e9cada en despachos de Madrid, y cuando abre Estudio M\u00f3 en 2019, con sus sedes en Telde y Malasa\u00f1a, la <a class=\"ft-link ft-link--decoration\" href=\"https:\/\/www.laprovincia.es\/tags\/coronavirus\/\" rel=\"nofollow noopener\" target=\"_blank\">pandemia<\/a> le cae encima.<\/p>\n<p><img decoding=\"async\" src=\"https:\/\/www.europesays.com\/es\/wp-content\/uploads\/2025\/09\/d0a67596-7d25-4d00-9b4d-fa808460b824_alta-libre-aspect-ratio_default_0.jpg\" width=\"1200\" height=\"800\" alt=\"La habitaci\u00f3n creada por Studio MO, de Marta Meli\u00e1n, para ARCO 2025.\" class=\"ft-helper-img-rd\" loading=\"lazy\" hasdataaida=\"true\"\/><\/p>\n<p class=\"ft-helper-fontColor-quaternary ft-helper-fontSize-body-S ft-helper-spacer-t-xxs\">La habitaci\u00f3n creada por Studio MO, de Marta Meli\u00e1n, para ARCO 2025.  \/ lp\/dlp<\/p>\n<p>El escaparate de las ferias<\/p>\n<p class=\"ft-text\">Aquello podr\u00eda haber sido un desastre, pero sus clientes repiten, el boca a boca llama a m\u00e1s trabajo y su participaci\u00f3n en ferias es el escaparate que la proyecta. <strong>Casa Decor<\/strong>, la mayor <strong>exposici\u00f3n de arquitectura e interiorismo de Espa\u00f1a<\/strong>, la acoge durante cuatro ediciones. Y, de pronto, la direcci\u00f3n de <strong>ARCO <\/strong>llama a su puerta para encargarle una sala de reuniones privada ambientada en la <strong>artesan\u00eda africana<\/strong>.<\/p>\n<p class=\"ft-text\">Es en las ferias donde despliega la filosof\u00eda con la que bautiz\u00f3 a su estudio de interiorismo: \u00abQuer\u00eda generar ambientes, viviendas y espacios en los que la gente se sienta en casa\u00bb, rese\u00f1a. En <strong>ARCO 2025<\/strong> proyect\u00f3 en tan solo dos d\u00edas una sala de tonos terracota con mobiliario de madera, una de sus grandes se\u00f1as de identidad, luz de A\u00f1os Luz, biombos propios y revestimiento de EcoCero hechos a partir de <strong>botellas recicladas<\/strong>.<\/p>\n<p><img decoding=\"async\" src=\"https:\/\/www.europesays.com\/es\/wp-content\/uploads\/2025\/09\/5ac06b01-61e8-4da2-8b31-2140cbe2c95e_alta-libre-aspect-ratio_default_0.jpg\" width=\"1200\" height=\"764\" alt=\"Proyecto de Studio MO, de Marta Meli\u00e1n\" class=\"ft-helper-img-rd\" loading=\"lazy\" hasdataaida=\"true\"\/><\/p>\n<p class=\"ft-helper-fontColor-quaternary ft-helper-fontSize-body-S ft-helper-spacer-t-xxs\">Proyecto de Studio MO, de Marta Meli\u00e1n  \/ lp\/dlp<\/p>\n<p class=\"ft-text\">Cuando habla de <strong>artesan\u00eda africana <\/strong>se le enciende la voz. \u00abNo s\u00e9 si es que me viene tambi\u00e9n un poco de ra\u00edz\u00bb, se r\u00ede. A\u00fan no ha viajado todav\u00eda al continente, pero asegura que \u00abest\u00e1 frita\u00bb por visitarlo y lo que le atrapa es su forma natural de trabajar la materia prima, los colores y la m\u00fasica.<\/p>\n<p class=\"ft-text\">El estudio funciona con tres personas fijas y una red de colaboradores que aparece y desaparece seg\u00fan el proyecto. Responsabilidad que la mantiene como \u00abuna mujer pegada al m\u00f3vil\u00bb. Ella se reparte entre Madrid, desde donde se concentra en ser una mujer orquesta, y <a class=\"ft-link ft-link--decoration\" href=\"https:\/\/www.laprovincia.es\/gran-canaria\/\" rel=\"nofollow noopener\" target=\"_blank\">Gran Canaria<\/a>. Lo hace a golpe de avi\u00f3n y maleta, sabiendo que traer material desde la pen\u00ednsula es un quebradero de cabeza de plazos y dinero.<\/p>\n<p class=\"ft-text\">Entre otros de sus proyectos est\u00e1n los residenciales para particulares, como reformas, pero tambi\u00e9n trabaja con el sector de la hosteler\u00eda y montajes expr\u00e9s de home staging. Ha dejado su huella en apartamentos vacacionales de <a class=\"ft-link ft-link--decoration\" href=\"https:\/\/www.laprovincia.es\/tags\/las-canteras\/\" rel=\"nofollow noopener\" target=\"_blank\">Las Canteras<\/a> y persigue el reto de un peque\u00f1o hotel en la isla.<\/p>\n<p class=\"ft-text\">Marta Meli\u00e1n vive enchufada a una idea muy simple. La de que quiz\u00e1s en el detalle y la funcionalidad est\u00e9n en la clave, ya que ella se define como una especie de centralita creativa. \u00abLa gente se est\u00e1 da cuenta de que igual que t\u00fa vas al m\u00e9dico cuando te duele una rodilla, si quieres dejar tu negocio o tu vivienda perfecta,<strong> igual tendr\u00edas que contar con un profesional<\/strong>\u00bb, concluye.<\/p>\n<p data-close=\"closedContent\" class=\"subscribeHideForDisplay\">Suscr\u00edbete para seguir leyendo<\/p>\n","protected":false},"excerpt":{"rendered":"La arquitecta Marta Meli\u00e1n habita al un\u00edsono dos planos atravesados por una pasi\u00f3n: construir atm\u00f3sferas dentro de las&hellip;\n","protected":false},"author":2,"featured_media":123821,"comment_status":"","ping_status":"","sticky":false,"template":"","format":"standard","meta":{"footnotes":""},"categories":[173],"tags":[17420,229,233,231,230,209,232,234,146,147,25,10558,24,1897,12234,3643,1875,205,40525,14494,40524,23,29725],"class_list":{"0":"post-123820","1":"post","2":"type-post","3":"status-publish","4":"format-standard","5":"has-post-thumbnail","7":"category-arte-y-diseno","8":"tag-arquitecta","9":"tag-arte","10":"tag-arte-y-diseno","11":"tag-arts","12":"tag-arts-and-design","13":"tag-cultura","14":"tag-design","15":"tag-diseno","16":"tag-entertainment","17":"tag-entretenimiento","18":"tag-es","19":"tag-espacio","20":"tag-espana","21":"tag-gran-canaria","22":"tag-interiorismo","23":"tag-isla","24":"tag-luz","25":"tag-madrid","26":"tag-malasana","27":"tag-marta","28":"tag-melian","29":"tag-spain","30":"tag-telde"},"share_on_mastodon":{"url":"","error":""},"_links":{"self":[{"href":"https:\/\/www.europesays.com\/es\/wp-json\/wp\/v2\/posts\/123820","targetHints":{"allow":["GET"]}}],"collection":[{"href":"https:\/\/www.europesays.com\/es\/wp-json\/wp\/v2\/posts"}],"about":[{"href":"https:\/\/www.europesays.com\/es\/wp-json\/wp\/v2\/types\/post"}],"author":[{"embeddable":true,"href":"https:\/\/www.europesays.com\/es\/wp-json\/wp\/v2\/users\/2"}],"replies":[{"embeddable":true,"href":"https:\/\/www.europesays.com\/es\/wp-json\/wp\/v2\/comments?post=123820"}],"version-history":[{"count":0,"href":"https:\/\/www.europesays.com\/es\/wp-json\/wp\/v2\/posts\/123820\/revisions"}],"wp:featuredmedia":[{"embeddable":true,"href":"https:\/\/www.europesays.com\/es\/wp-json\/wp\/v2\/media\/123821"}],"wp:attachment":[{"href":"https:\/\/www.europesays.com\/es\/wp-json\/wp\/v2\/media?parent=123820"}],"wp:term":[{"taxonomy":"category","embeddable":true,"href":"https:\/\/www.europesays.com\/es\/wp-json\/wp\/v2\/categories?post=123820"},{"taxonomy":"post_tag","embeddable":true,"href":"https:\/\/www.europesays.com\/es\/wp-json\/wp\/v2\/tags?post=123820"}],"curies":[{"name":"wp","href":"https:\/\/api.w.org\/{rel}","templated":true}]}}