{"id":123828,"date":"2025-09-18T21:24:06","date_gmt":"2025-09-18T21:24:06","guid":{"rendered":"https:\/\/www.europesays.com\/es\/123828\/"},"modified":"2025-09-18T21:24:06","modified_gmt":"2025-09-18T21:24:06","slug":"la-gripe-aviar-altera-la-flora-bacteriana-de-los-pulmones-y-abre-la-puerta-a-nuevas-infecciones","status":"publish","type":"post","link":"https:\/\/www.europesays.com\/es\/123828\/","title":{"rendered":"La gripe aviar altera la flora bacteriana de los pulmones y abre la puerta a nuevas infecciones"},"content":{"rendered":"<p>            <a href=\"https:\/\/gacetamedica.com\/wp-content\/uploads\/2025\/09\/2196576288-1-scaled.jpg\" data-caption=\"White Lung Pneumonia. Severe inflammation, fluid accumulation, diffuse white opacities in the lungs. Caused by mycoplasma pneumoniae bacteria, streptococcus, RSV virus, the flu, chemical exposure. 3D illustration\" rel=\"nofollow noopener\" target=\"_blank\"><img loading=\"lazy\" decoding=\"async\" width=\"696\" height=\"362\" class=\"entry-thumb td-modal-image\" src=\"https:\/\/www.europesays.com\/es\/wp-content\/uploads\/2025\/09\/2196576288-1-696x362.jpg\"   alt=\"\" title=\"White Lung Pneumonia. Severe inflammation, fluid accumulation, diffuse white opacities in the lungs.\"\/><\/a>White Lung Pneumonia. Severe inflammation, fluid accumulation, diffuse white opacities in the lungs. Caused by mycoplasma pneumoniae bacteria, streptococcus, RSV virus, the flu, chemical exposure. 3D illustration<\/p>\n<p>Una investigaci\u00f3n internacional, con participaci\u00f3n del <strong>Instituto de Salud Carlos III (ISCIII)<\/strong>, ha desvelado que la gripe puede provocar importantes cambios en la <strong>microbiota pulmonar<\/strong>, lo que eleva el riesgo de complicaciones bacterianas secundarias. El estudio, liderado por la <strong>Universidad CEU San Pablo<\/strong>, ha utilizado cerdos como modelo animal, dada la similitud de su respuesta a la gripe con la de los humanos.<\/p>\n<p><a href=\"https:\/\/www.frontiersin.org\/journals\/cellular-and-infection-microbiology\/articles\/10.3389\/fcimb.2025.1634469\/full\" rel=\"nofollow noopener\" target=\"_blank\">Los resultados, publicados en la revista Frontiers in Cellular and Infection Microbiology<\/a>, confirman que <strong>la infecci\u00f3n por el virus de la gripe en cerdos aumenta la presencia de bacterias potencialmente pat\u00f3genas, as\u00ed como la diversidad de g\u00e9neros bacterianos<\/strong>, en comparaci\u00f3n con animales sanos. Este hallazgo es crucial para entender y prevenir las infecciones secundarias.<\/p>\n<p><strong>La investigaci\u00f3n: un paso adelante para comprender las complicaciones<\/strong><\/p>\n<p>Hasta ahora, se sab\u00eda poco sobre c\u00f3mo el virus de la gripe afecta directamente al ecosistema bacteriano de los pulmones, a pesar de que el cerdo es considerado un importante \u201cmezclador gen\u00e9tico\u201d de virus gripales con potencial pand\u00e9mico. La investigaci\u00f3n, realizada con muestras de necropsias de pulmones de cerdos de distintas regiones de Espa\u00f1a y con tecnolog\u00eda de secuenciaci\u00f3n de \u00faltima generaci\u00f3n, aporta un<strong> m\u00e9todo r\u00e1pido y pr\u00e1ctico<\/strong> para diagnosticar cambios en la microbiota respiratoria.<\/p>\n<p>\u201cEste estudio contribuye a explicar las complicaciones asociadas a la infecci\u00f3n por gripe, que pueden dar lugar a infecciones y neumon\u00edas bacterianas secundarias. Una<strong> mejor comprensi\u00f3n de c\u00f3mo la infecci\u00f3n por gripe debilita el sistema inmunitario y favorece infecciones bacterianas posteriores <\/strong>puede permitir el <strong>desarrollo y optimizaci\u00f3n de los tratamientos<\/strong>\u201c, explic\u00f3 <strong>Jordi Cano Ochando<\/strong>, cient\u00edfico del Laboratorio de Referencia e Investigaci\u00f3n en Inmunolog\u00eda del CNM-ISCIII.<\/p>\n<p>El primer autor del estudio, <strong>Javier Arranz-Herrero<\/strong>, quien ha trabajado tanto en el ISCIII como en la Universidad CEU San Pablo, a\u00f1adi\u00f3: \u201cNuestro trabajo ayuda a comprender la complejidad de la microbiota en la evoluci\u00f3n de las infecciones respiratorias asociadas a la gripe\u201d.<\/p>\n<p><strong>M\u00e1s all\u00e1 de los pat\u00f3genos comunes: el riesgo de las bacterias oportunistas<\/strong><\/p>\n<p>Los autores del estudio recalcan que las bacterias que causan neumon\u00edas no solo provienen del exterior; el sistema respiratorio ya est\u00e1 colonizado por una gran cantidad de bacterias que, en el momento de la infecci\u00f3n gripal, pueden aprovecharse y complicar el cuadro cl\u00ednico.<\/p>\n<p>\u201cEn la actualidad, <strong>el diagn\u00f3stico microbiol\u00f3gico y el tratamiento de las infecciones se centra en encontrar el virus causante de la infecci\u00f3n gripal <\/strong>y en caso de una neumon\u00eda bacteriana posterior, la bacteria responsable de la complicaci\u00f3n\u201d, apunta Arranz-Herrero.<\/p>\n<p>No obstante, los investigadores han descubierto que <strong>\u201chay una gran diversidad bacteriana que acompa\u00f1a a las que com\u00fanmente son diagnosticadas\u201d<\/strong>. El papel de esta diversidad todav\u00eda no se conoce por completo, lo que dificulta saber c\u00f3mo puede afectar al desarrollo de la enfermedad.<\/p>\n<p>La metodolog\u00eda del estudio, y sus resultados, \u201c<strong>abren la puerta a estudios similares en humanos y a posibles aplicaciones diagn\u00f3sticas y terap\u00e9uticas<\/strong>\u201c, lo que podr\u00eda permitir \u201canticipar complicaciones asociadas a la gripe y otras enfermedades respiratorias causadas por virus\u201d, concluyeron los investigadores.<\/p>\n<p><strong>Tambi\u00e9n te puede interesar\u2026<\/strong><\/p>\n","protected":false},"excerpt":{"rendered":"White Lung Pneumonia. Severe inflammation, fluid accumulation, diffuse white opacities in the lungs. Caused by mycoplasma pneumoniae bacteria,&hellip;\n","protected":false},"author":2,"featured_media":123829,"comment_status":"","ping_status":"","sticky":false,"template":"","format":"standard","meta":{"footnotes":""},"categories":[92],"tags":[25,24,165,166,23],"class_list":{"0":"post-123828","1":"post","2":"type-post","3":"status-publish","4":"format-standard","5":"has-post-thumbnail","7":"category-salud","8":"tag-es","9":"tag-espana","10":"tag-health","11":"tag-salud","12":"tag-spain"},"share_on_mastodon":{"url":"","error":""},"_links":{"self":[{"href":"https:\/\/www.europesays.com\/es\/wp-json\/wp\/v2\/posts\/123828","targetHints":{"allow":["GET"]}}],"collection":[{"href":"https:\/\/www.europesays.com\/es\/wp-json\/wp\/v2\/posts"}],"about":[{"href":"https:\/\/www.europesays.com\/es\/wp-json\/wp\/v2\/types\/post"}],"author":[{"embeddable":true,"href":"https:\/\/www.europesays.com\/es\/wp-json\/wp\/v2\/users\/2"}],"replies":[{"embeddable":true,"href":"https:\/\/www.europesays.com\/es\/wp-json\/wp\/v2\/comments?post=123828"}],"version-history":[{"count":0,"href":"https:\/\/www.europesays.com\/es\/wp-json\/wp\/v2\/posts\/123828\/revisions"}],"wp:featuredmedia":[{"embeddable":true,"href":"https:\/\/www.europesays.com\/es\/wp-json\/wp\/v2\/media\/123829"}],"wp:attachment":[{"href":"https:\/\/www.europesays.com\/es\/wp-json\/wp\/v2\/media?parent=123828"}],"wp:term":[{"taxonomy":"category","embeddable":true,"href":"https:\/\/www.europesays.com\/es\/wp-json\/wp\/v2\/categories?post=123828"},{"taxonomy":"post_tag","embeddable":true,"href":"https:\/\/www.europesays.com\/es\/wp-json\/wp\/v2\/tags?post=123828"}],"curies":[{"name":"wp","href":"https:\/\/api.w.org\/{rel}","templated":true}]}}