{"id":123837,"date":"2025-09-18T21:29:17","date_gmt":"2025-09-18T21:29:17","guid":{"rendered":"https:\/\/www.europesays.com\/es\/123837\/"},"modified":"2025-09-18T21:29:17","modified_gmt":"2025-09-18T21:29:17","slug":"un-diputado-del-pp-vota-por-error-a-favor-de-una-propuesta-de-sumar-sobre-despido-improcedente-y-permite-que-se-apruebe","status":"publish","type":"post","link":"https:\/\/www.europesays.com\/es\/123837\/","title":{"rendered":"Un diputado del PP vota por error a favor de una propuesta de Sumar sobre despido improcedente y permite que se apruebe"},"content":{"rendered":"<p class=\"article-text\">\n        Un diputado del PP ha votado por error a favor de una Proposici\u00f3n No de Ley (PNL) que instaba al Gobierno a establecer por ley \u201cun despido realmente restaurativo y disuasorio.\u201d La iniciativa ha salido adelante con 171 votos a favor, 170 en contra y seis abstenciones. El diputado que ha votado a favor sin querer es Joan Mesquida.\n    <\/p>\n<p class=\"article-text\">\n        La propuesta, sin car\u00e1cter legislativo, ha conseguido prosperar gracias al apoyo de PSOE, Sumar, ERC, PNV, Bildu, BNG, Podemos, Coalici\u00f3n Canaria, el exministro socialista integrado en el Grupo Mixto, Jos\u00e9 Luis \u00c1balos; la diputada de Comprom\u00eds integrada en el Mixto, \u00c1gueda Mic\u00f3; y el ya citado diputado del PP por Baleares Joan Mesquida, seg\u00fan recoge Europa Press.\n    <\/p>\n<p class=\"article-text\">\n        Enfrente han estado el resto del PP, Vox y UPN, que han votado en contra, mientras que Junts ha optado por abstenerse. De este modo, el resultado final ha sido de 171 votos a favor frente a 170 en contra y seis abstenciones de Junts (se ha ausentado un diputado del partido).\n    <\/p>\n<p class=\"article-text\">\n        No es la primera vez que el Congreso aprueba una iniciativa laboral por el error al votar de un diputado, aunque en este caso no tiene mayor trascendencia porque es solo una propuesta para instar al Gobierno a actuar y no llegar\u00e1 a publicarse en el Bolet\u00edn Oficial del Estado. La vez previa fue en 2021 cuando el exdiputado tambi\u00e9n del PP Alberto Casero se equivoc\u00f3 y vot\u00f3 favorablemente de la convalidaci\u00f3n de la reforma laboral de Yolanda D\u00edaz.\n    <\/p>\n<p>    M\u00e1s factores en cuenta para el despido<\/p>\n<p class=\"article-text\">\n        La idea de la propuesta respaldada en la C\u00e1mara Baja pasa por establecer una indemnizaci\u00f3n que funcione como mecanismo disuasorio en casos de despidos sin causa, para as\u00ed eliminar determinadas distorsiones en las relaciones de trabajo que resultan \u201cespecialmente perniciosas\u201d para las peque\u00f1as y medianas empresas, la inmensa mayor\u00eda en el tejido productivo de Espa\u00f1a.\n    <\/p>\n<p>    <a href=\"https:\/\/www.eldiario.es\/madrid\/politica\/ayuso-otorgara-medalla-oro-2-mayo-vuelta-ciclista-ganador-jonas-vingegaard_1_12612611.html\" data-mrf-recirculation=\"saber-mas-abajo\" data-dl-event=\"saber-mas-abajo\" rel=\"nofollow noopener\" target=\"_blank\"><\/p>\n<p class=\"know-more__title\">Ayuso otorgar\u00e1 la Medalla de Oro del 2 de mayo a La Vuelta y al ciclista ganador<\/p>\n<p>            <img decoding=\"async\" class=\"lazy\" loading=\"lazy\" data-src=\"https:\/\/static.eldiario.es\/clip\/3410e437-1e81-4df2-9f5c-9f2efd89b33d_16-9-aspect-ratio_default_0.jpg\" src=\"data:image\/svg+xml,%3Csvg xmlns=\" http:=\"\" viewbox=\"0 0 880 495\" alt=\"Ayuso otorgar\u00e1 la Medalla de Oro del 2 de mayo a La Vuelta y al ciclista ganador, Jonas Vingegaard\"\/><\/p>\n<p>                        <\/a><\/p>\n<p class=\"article-text\">\n        As\u00ed, se tendr\u00eda en cuenta dentro del despido factores como la cifra de negocios de la empresa, su tama\u00f1o u otras circunstancias a la hora de determinar la cuant\u00eda indemnizatoria. Con todo ello, la C\u00e1mara Baja insta al Ejecutivo a regular de mano con el di\u00e1logo social una indemnizaci\u00f3n en caso de despido improcedente \u201crealmente disuasoria y restaurativa\u201d.\n    <\/p>\n","protected":false},"excerpt":{"rendered":"Un diputado del PP ha votado por error a favor de una Proposici\u00f3n No de Ley (PNL) que&hellip;\n","protected":false},"author":2,"featured_media":123838,"comment_status":"","ping_status":"","sticky":false,"template":"","format":"standard","meta":{"footnotes":""},"categories":[8],"tags":[40528,17,18,5702,25945,12863,25,24,14269,13,14,11,40527,19,20,9,10,15,16,3227,956,7679,23,4453,12,21,22,40526],"class_list":{"0":"post-123837","1":"post","2":"type-post","3":"status-publish","4":"format-standard","5":"has-post-thumbnail","7":"category-espana","8":"tag-apruebe","9":"tag-breaking-news","10":"tag-breakingnews","11":"tag-despido","12":"tag-diputado","13":"tag-error","14":"tag-es","15":"tag-espana","16":"tag-favor","17":"tag-featured-news","18":"tag-featurednews","19":"tag-headlines","20":"tag-improcedente","21":"tag-latest-news","22":"tag-latestnews","23":"tag-news","24":"tag-noticias","25":"tag-noticias-destacadas","26":"tag-noticiasdestacadas","27":"tag-permite","28":"tag-pp","29":"tag-propuesta","30":"tag-spain","31":"tag-sumar","32":"tag-titulares","33":"tag-ultimas-noticias","34":"tag-ultimasnoticias","35":"tag-vota"},"share_on_mastodon":{"url":"","error":""},"_links":{"self":[{"href":"https:\/\/www.europesays.com\/es\/wp-json\/wp\/v2\/posts\/123837","targetHints":{"allow":["GET"]}}],"collection":[{"href":"https:\/\/www.europesays.com\/es\/wp-json\/wp\/v2\/posts"}],"about":[{"href":"https:\/\/www.europesays.com\/es\/wp-json\/wp\/v2\/types\/post"}],"author":[{"embeddable":true,"href":"https:\/\/www.europesays.com\/es\/wp-json\/wp\/v2\/users\/2"}],"replies":[{"embeddable":true,"href":"https:\/\/www.europesays.com\/es\/wp-json\/wp\/v2\/comments?post=123837"}],"version-history":[{"count":0,"href":"https:\/\/www.europesays.com\/es\/wp-json\/wp\/v2\/posts\/123837\/revisions"}],"wp:featuredmedia":[{"embeddable":true,"href":"https:\/\/www.europesays.com\/es\/wp-json\/wp\/v2\/media\/123838"}],"wp:attachment":[{"href":"https:\/\/www.europesays.com\/es\/wp-json\/wp\/v2\/media?parent=123837"}],"wp:term":[{"taxonomy":"category","embeddable":true,"href":"https:\/\/www.europesays.com\/es\/wp-json\/wp\/v2\/categories?post=123837"},{"taxonomy":"post_tag","embeddable":true,"href":"https:\/\/www.europesays.com\/es\/wp-json\/wp\/v2\/tags?post=123837"}],"curies":[{"name":"wp","href":"https:\/\/api.w.org\/{rel}","templated":true}]}}