{"id":123839,"date":"2025-09-18T21:30:20","date_gmt":"2025-09-18T21:30:20","guid":{"rendered":"https:\/\/www.europesays.com\/es\/123839\/"},"modified":"2025-09-18T21:30:20","modified_gmt":"2025-09-18T21:30:20","slug":"el-conductor-de-un-camion-con-ayuda-para-gaza-mata-a-tiros-a-dos-israelies-en-un-cruce-fronterizo-con-jordania","status":"publish","type":"post","link":"https:\/\/www.europesays.com\/es\/123839\/","title":{"rendered":"El conductor de un cami\u00f3n con ayuda para Gaza mata a tiros a dos israel\u00edes en un cruce fronterizo con Jordania"},"content":{"rendered":"<p class=\"paragraph\" id=\"paragraph_1\">Al menos <a href=\"https:\/\/www.elespanol.com\/lugares\/israel\/?utm_cmp_rs=linksinline\" rel=\"nofollow noopener\" target=\"_blank\">dos israel\u00edes<\/a>, de 20 y 60 a\u00f1os, han muerto este jueves tras un <strong>tiroteo<\/strong> que se produjo cerca del <strong>cruce fronterizo de Allenby,<\/strong> entre Cisjordania y Jordania, seg\u00fan confirm\u00f3 a la agencia Efe el servicio de emergencias israel\u00ed, Magen David Adom.<\/p>\n<p class=\"paragraph\" id=\"paragraph_2\">El <strong>autor de los disparos <\/strong>ha sido el <strong>conductor de un cami\u00f3n que transportaba ayuda humanitaria<\/strong> para Gaza que fue \u00abneutralizado\u00bb, indicaron las fuerzas armadas israel\u00edes en un comunicado.<\/p>\n<p class=\"paragraph\" id=\"paragraph_3\">Las Fuerzas de Defensa de Israel recibieron un informe de un tiroteo en el lugar y los detalles del incidente se encuentran todav\u00eda bajo investigaci\u00f3n.<\/p>\n<p><img loading=\"lazy\" decoding=\"async\" alt=\"El ministro de Finanzas israel\u00ed, Bezalel Smotrich.\" height=\"180\" src=\"https:\/\/www.europesays.com\/es\/wp-content\/uploads\/2025\/09\/1003743929775_258788076_320x180.jpg\" width=\"320\" data-lazy-status=\"processed\" data-lazy-info=\"remove loading item 1\"\/><\/p>\n<p class=\"paragraph\" id=\"paragraph_4\">Algunos medios hebreos, entre ellos el canal popular israel\u00ed 12, sostienen que <strong>el presunto agresor lleg\u00f3 desde Jordania<\/strong> en un cami\u00f3n de ayuda humanitaria con destino a la Franja de Gaza y que ten\u00eda el permiso israel\u00ed.<\/p>\n<p class=\"paragraph\" id=\"paragraph_5\">El peri\u00f3dico Haaretz, por su parte, se\u00f1ala que <strong>el atacante abri\u00f3 fuego contra las dos v\u00edctimas y que luego las apu\u00f1al\u00f3<\/strong>, citando a una fuente de Defensa.<\/p>\n<p class=\"paragraph\" id=\"paragraph_6\">Tanto Israel como Jordania han cerrado el paso tras este ataque.<\/p>\n<p class=\"paragraph\" id=\"paragraph_7\">Allenby es un <strong>cruce esencial<\/strong> para el comercio entre Jordania e Israel. Atiende principalmente a palestinos residentes en Cisjordania, quienes no reciben permiso para volar al extranjero a trav\u00e9s del Aeropuerto Ben Guri\u00f3n de Israel, y por \u00e9l entran tambi\u00e9n camiones jordanos de camino a la Franja de Gaza.<\/p>\n<p class=\"paragraph\" id=\"paragraph_8\">En septiembre de 2024, un hombre armado jordano mat\u00f3 a tres civiles israel\u00edes antes de ser abatido a tiros por las fuerzas de seguridad. Este ataque provoc\u00f3 el cierre del paso durante dos d\u00edas.<\/p>\n","protected":false},"excerpt":{"rendered":"Al menos dos israel\u00edes, de 20 y 60 a\u00f1os, han muerto este jueves tras un tiroteo que se&hellip;\n","protected":false},"author":2,"featured_media":123840,"comment_status":"","ping_status":"","sticky":false,"template":"","format":"standard","meta":{"footnotes":""},"categories":[5],"tags":[17,18,25,24,13,14,11,74,19,20,9,10,15,16,77,23,8180,12,21,22],"class_list":{"0":"post-123839","1":"post","2":"type-post","3":"status-publish","4":"format-standard","5":"has-post-thumbnail","7":"category-titulares","8":"tag-breaking-news","9":"tag-breakingnews","10":"tag-es","11":"tag-espana","12":"tag-featured-news","13":"tag-featurednews","14":"tag-headlines","15":"tag-israel","16":"tag-latest-news","17":"tag-latestnews","18":"tag-news","19":"tag-noticias","20":"tag-noticias-destacadas","21":"tag-noticiasdestacadas","22":"tag-oriente-proximo","23":"tag-spain","24":"tag-tiroteos","25":"tag-titulares","26":"tag-ultimas-noticias","27":"tag-ultimasnoticias"},"share_on_mastodon":{"url":"","error":""},"_links":{"self":[{"href":"https:\/\/www.europesays.com\/es\/wp-json\/wp\/v2\/posts\/123839","targetHints":{"allow":["GET"]}}],"collection":[{"href":"https:\/\/www.europesays.com\/es\/wp-json\/wp\/v2\/posts"}],"about":[{"href":"https:\/\/www.europesays.com\/es\/wp-json\/wp\/v2\/types\/post"}],"author":[{"embeddable":true,"href":"https:\/\/www.europesays.com\/es\/wp-json\/wp\/v2\/users\/2"}],"replies":[{"embeddable":true,"href":"https:\/\/www.europesays.com\/es\/wp-json\/wp\/v2\/comments?post=123839"}],"version-history":[{"count":0,"href":"https:\/\/www.europesays.com\/es\/wp-json\/wp\/v2\/posts\/123839\/revisions"}],"wp:featuredmedia":[{"embeddable":true,"href":"https:\/\/www.europesays.com\/es\/wp-json\/wp\/v2\/media\/123840"}],"wp:attachment":[{"href":"https:\/\/www.europesays.com\/es\/wp-json\/wp\/v2\/media?parent=123839"}],"wp:term":[{"taxonomy":"category","embeddable":true,"href":"https:\/\/www.europesays.com\/es\/wp-json\/wp\/v2\/categories?post=123839"},{"taxonomy":"post_tag","embeddable":true,"href":"https:\/\/www.europesays.com\/es\/wp-json\/wp\/v2\/tags?post=123839"}],"curies":[{"name":"wp","href":"https:\/\/api.w.org\/{rel}","templated":true}]}}