{"id":123843,"date":"2025-09-18T21:33:04","date_gmt":"2025-09-18T21:33:04","guid":{"rendered":"https:\/\/www.europesays.com\/es\/123843\/"},"modified":"2025-09-18T21:33:04","modified_gmt":"2025-09-18T21:33:04","slug":"en-plenas-fiestas-patrias-el-chileno-victor-siko-valenzuela-fue-confirmado-en-el-dwcs-de-ufc","status":"publish","type":"post","link":"https:\/\/www.europesays.com\/es\/123843\/","title":{"rendered":"En plenas fiestas patrias: el chileno V\u00edctor \u00abSiko\u00bb Valenzuela fue confirmado en el DWCS de UFC"},"content":{"rendered":"<p>La <a href=\"https:\/\/bolavip.com\/cl\/tema\/jaula-bahamondes\" target=\"_blank\" title=\"\u201cJaula\u201d Bahamondes\" rel=\"nofollow noopener\">\u201cJaula\u201d Bahamondes<\/a> se ha transformado sin dudas en el mejor artista marcial mixto de la historia de Chile. Aquello ha abierto el camino para las grandes promesas de las MMA nacionales, lo que se ha visto reflejado en los grandes peleadores que han estado cerca de firmar con la empresa. <\/p>\n<p>As\u00ed fue el caso del otro exponente nacional <a href=\"https:\/\/bolavip.com\/cl\/tema\/tanke-ewert\" target=\"_blank\" title=\"Christopher \u201cTanke\u201d Ewert,\" rel=\"nofollow noopener\">Christopher \u201cTanke\u201d Ewert,<\/a> quien hace poco dio un gran espect\u00e1culo ante el ruso Yuri Panferov en e<strong>l Dana White\u2019s Contender Series.<\/strong> Pese a no llevarse el contrato con la empresa, el chileno fue quien mejores impresiones dej\u00f3. <\/p>\n<p>Esta vez, ser\u00e1 el turno de otro peligroso de las artes marciales mixtas de nuestro pa\u00eds. En pleno 18 de septiembre, el nacional<strong> V\u00edctor \u201cSikosis\u201d Valenzuela<\/strong>, fue confirmado como nuevo participante del DWCS de <a href=\"https:\/\/bolavip.com\/cl\/tema\/ufc\" target=\"_blank\" title=\"UFC \" rel=\"nofollow noopener\">UFC <\/a>y ya tiene fecha y rival para su combate. <\/p>\n<p> \u00bfCu\u00e1ndo pelea V\u00edctor Valenzuela en el DWCS de UFC? <\/p>\n<p>El chileno iba a ir por el t\u00edtulo de<strong> Fury Fighting<\/strong>, sin embargo, ante tal oportunidad, se medir\u00e1 ante el brasile\u00f1o <strong>Michael Oliveria <\/strong>en busca de un contrato con la UFC. <\/p>\n<p>\u00bfCu\u00e1ndo ser\u00e1 su combate? Ser\u00e1 el d\u00eda martes 14 de octubre en horario a\u00fan por confirmar. <\/p>\n<p>Cabe recordar que \u201cSikosis\u201d llegar\u00e1 en busca de un contrato con la UFC tras incre\u00edbles seis victorias de forma consecutiva, la \u00faltima de ellas con un brutal TKO sobre Bruce Whitehead. <\/p>\n","protected":false},"excerpt":{"rendered":"La \u201cJaula\u201d Bahamondes se ha transformado sin dudas en el mejor artista marcial mixto de la historia de&hellip;\n","protected":false},"author":2,"featured_media":123844,"comment_status":"","ping_status":"","sticky":false,"template":"","format":"standard","meta":{"footnotes":""},"categories":[276],"tags":[168,20520,25,24,40529,23,167,343,40530],"class_list":{"0":"post-123843","1":"post","2":"type-post","3":"status-publish","4":"format-standard","5":"has-post-thumbnail","7":"category-ufc","8":"tag-deportes","9":"tag-dwcs","10":"tag-es","11":"tag-espana","12":"tag-sikosis-valenzuela","13":"tag-spain","14":"tag-sports","15":"tag-ufc","16":"tag-victor-valenzuela"},"share_on_mastodon":{"url":"","error":""},"_links":{"self":[{"href":"https:\/\/www.europesays.com\/es\/wp-json\/wp\/v2\/posts\/123843","targetHints":{"allow":["GET"]}}],"collection":[{"href":"https:\/\/www.europesays.com\/es\/wp-json\/wp\/v2\/posts"}],"about":[{"href":"https:\/\/www.europesays.com\/es\/wp-json\/wp\/v2\/types\/post"}],"author":[{"embeddable":true,"href":"https:\/\/www.europesays.com\/es\/wp-json\/wp\/v2\/users\/2"}],"replies":[{"embeddable":true,"href":"https:\/\/www.europesays.com\/es\/wp-json\/wp\/v2\/comments?post=123843"}],"version-history":[{"count":0,"href":"https:\/\/www.europesays.com\/es\/wp-json\/wp\/v2\/posts\/123843\/revisions"}],"wp:featuredmedia":[{"embeddable":true,"href":"https:\/\/www.europesays.com\/es\/wp-json\/wp\/v2\/media\/123844"}],"wp:attachment":[{"href":"https:\/\/www.europesays.com\/es\/wp-json\/wp\/v2\/media?parent=123843"}],"wp:term":[{"taxonomy":"category","embeddable":true,"href":"https:\/\/www.europesays.com\/es\/wp-json\/wp\/v2\/categories?post=123843"},{"taxonomy":"post_tag","embeddable":true,"href":"https:\/\/www.europesays.com\/es\/wp-json\/wp\/v2\/tags?post=123843"}],"curies":[{"name":"wp","href":"https:\/\/api.w.org\/{rel}","templated":true}]}}