{"id":123851,"date":"2025-09-18T21:37:16","date_gmt":"2025-09-18T21:37:16","guid":{"rendered":"https:\/\/www.europesays.com\/es\/123851\/"},"modified":"2025-09-18T21:37:16","modified_gmt":"2025-09-18T21:37:16","slug":"entradas-agotadas-en-2-minutos-y-235-000-personas-en-espera","status":"publish","type":"post","link":"https:\/\/www.europesays.com\/es\/123851\/","title":{"rendered":"entradas agotadas en 2 minutos y 235.000 personas en espera"},"content":{"rendered":"\n<p> Fiebre por la F\u00f3rmula 1 en Madrid. Las entradas generales para el futuro Gran Premio en la capital de Espa\u00f1a fueron un visto y no visto y <strong>se agotaron en apenas dos minutos<\/strong>, con una lista de espera que alcanza ya las 235.000 personas. As\u00ed lo anunci\u00f3 este jueves Isabel D\u00edaz Ayuso durante el Pleno de la Asamblea, donde celebr\u00f3 la buena acogida de unos de los mayores espect\u00e1culos deportivos del mundo:<a href=\"https:\/\/www.elconfidencial.com\/espana\/madrid\/2025-04-25\/madrid-pone-la-primera-piedra-del-circuito-de-f1-5-4-kilometros-y-una-curva_4116411\/\" target=\"_self\" rel=\"nofollow noopener\"> \u00abSomos capital mundial del deporte\u00bb.<\/a> <\/p>\n<p> La capital inici\u00f3 este fin de semana la cuenta atr\u00e1s, justo a un a\u00f1o del estreno de la prueba en el futuro circuito de Ifema-Valdebebas MadRing. \u00abLa F\u00f3rmula 1 ya ha empezado la cuenta atr\u00e1s y les voy a dar una grand\u00edsima noticia. El lunes sali\u00f3 a la venta a las entradas, la preventa, <strong>superando todas las expectativas<\/strong>. Las localidades generales se agotaron en dos minutos y hay adem\u00e1s <strong>una lista de 235.000 personas<\/strong>\u00ab, declar\u00f3 la presidenta de la Comunidad de Madrid. <\/p>\n<p> Ayuso, adem\u00e1s, detall\u00f3 que el Gran Premio de Madrid ha tenido una enorme acogida entre el p\u00fablico latino, con <strong>compradores de Am\u00e9rica e Hispanoam\u00e9rica<\/strong>. \u00abEsto significa <a href=\"https:\/\/www.elconfidencial.com\/espana\/madrid\/2025-09-15\/ayuso-denuncia-la_4208971\/\" target=\"_self\" rel=\"nofollow noopener\">c\u00f3mo va a ser el Gran Premio de F\u00f3rmula 1 para Madrid y para Espa\u00f1a a ojos del mundo<\/a>\u00ab, a\u00f1adi\u00f3 la tambi\u00e9n presidenta del PP de Madrid. <\/p>\n<p> La venta de entradas coincide con las obras en el circuito, que avanzan seg\u00fan lo previsto. El objetivo, si se cumplen los plazos, es antes de que acabe el a\u00f1o pueda asfaltarse ya todo el trazado, <strong>incluyendo la curva bautizada como La Monumental<\/strong>, que ser\u00e1 uno de los grandes atractivos. La expectaci\u00f3n es m\u00e1xima tanto en el mundo del motor como entre el empresariado madrile\u00f1o, que augura un aluvi\u00f3n de inversiones y visitantes. <\/p>\n<p>              <img decoding=\"async\" class=\"inTextNews__img\" alt=\"Foto: madrid-pone-la-primera-piedra-del-circuito-de-f1-5-4-kilometros-y-una-curva\" src=\"https:\/\/www.europesays.com\/es\/wp-content\/uploads\/2025\/09\/f.elconfidencial.com\/original\/0ed\/350\/9c2\/0ed3509c24ed3d3ec058776116eabe3f.jpg\"  \/>     <\/p>\n<p>TE PUEDE INTERESAR<\/p>\n<p>      <a class=\"inTextNews__title\" href=\"https:\/\/www.elconfidencial.com\/espana\/madrid\/2025-04-25\/madrid-pone-la-primera-piedra-del-circuito-de-f1-5-4-kilometros-y-una-curva_4116411\/\" onclick=\"window.ECCO.emit(&#039;amplitude&#039;, { dataEventName: &#039;click_related_article_module&#039;, data: { related_article_url: &#039;https:\/\/www.elconfidencial.com\/espana\/madrid\/2025-04-25\/madrid-pone-la-primera-piedra-del-circuito-de-f1-5-4-kilometros-y-una-curva_4116411\/&#039;, related_article_author: &#039;Ignacio S. Calleja&#039;, related_article_section: &#039;madrid&#039; } })\" rel=\"nofollow noopener\" target=\"_blank\"> Madrid pone la primera piedra del circuito de F1: 5,4 kil\u00f3metros y una curva \u00abMonumental\u00bb  <\/a>   <\/p>\n<p>    Ignacio S. Calleja   <\/p>\n<p> Ayuso presumi\u00f3 de la F\u00f3rmula 1 en un contexto para nada casual. La presidenta de la Comunidad de Madrid lleva varios d\u00edas criticando c\u00f3mo la imagen de la capital y de Espa\u00f1a se ha visto deteriorada por los altercados durante la etapa final de La Vuelta, <a href=\"https:\/\/www.elconfidencial.com\/espana\/2025-09-15\/boicot-a-la-vuelta-el-calculo-electoral-de-sanchez-desata-un-caos-historico-y-otra-crisis-con-israel_4208816\/\" target=\"_self\" rel=\"nofollow noopener\">suspendida por las manifestaciones propalestinas alentadas por Pedro S\u00e1nchez<\/a>. La propia Ayuso, que calific\u00f3 lo sucedido como \u00abcatastr\u00f3fico\u00bb para la ciudad, <strong>estudia emprender acciones legales<\/strong> contra los promotores de las concentraciones <\/p>\n<p> La dirigente popular aprovech\u00f3 el anuncio sobre el Gran Premio para cargar contra la izquierda e ironizar con los eventos que s\u00ed respaldan. \u00abFelicito adem\u00e1s al circuito de Montmel\u00f3 porque tiene el a<strong>poyo de toda la izquierda, de los separatistas y del Gobierno de S\u00e1nchez<\/strong>. \u00a1Qu\u00e9 suerte tienen porque han recibido decenas de millones de euros durante todo este tiempo y a nadie les parece mal, como la Ryder Cup de Golf o la Copa Am\u00e9rica, qu\u00e9 suerte tienen, de verdad!\u00bb, subray\u00f3. <\/p>\n<p> Fiebre por la F\u00f3rmula 1 en Madrid. Las entradas generales para el futuro Gran Premio en la capital de Espa\u00f1a fueron un visto y no visto y <strong>se agotaron en apenas dos minutos<\/strong>, con una lista de espera que alcanza ya las 235.000 personas. As\u00ed lo anunci\u00f3 este jueves Isabel D\u00edaz Ayuso durante el Pleno de la Asamblea, donde celebr\u00f3 la buena acogida de unos de los mayores espect\u00e1culos deportivos del mundo:<a href=\"https:\/\/www.elconfidencial.com\/espana\/madrid\/2025-04-25\/madrid-pone-la-primera-piedra-del-circuito-de-f1-5-4-kilometros-y-una-curva_4116411\/\" target=\"_self\" rel=\"nofollow noopener\"> \u00abSomos capital mundial del deporte\u00bb.<\/a> <\/p>\n","protected":false},"excerpt":{"rendered":"Fiebre por la F\u00f3rmula 1 en Madrid. Las entradas generales para el futuro Gran Premio en la capital&hellip;\n","protected":false},"author":2,"featured_media":123852,"comment_status":"","ping_status":"","sticky":false,"template":"","format":"standard","meta":{"footnotes":""},"categories":[270],"tags":[168,25,24,306,271,272,23,167],"class_list":{"0":"post-123851","1":"post","2":"type-post","3":"status-publish","4":"format-standard","5":"has-post-thumbnail","7":"category-formula-1","8":"tag-deportes","9":"tag-es","10":"tag-espana","11":"tag-f1","12":"tag-formula-1","13":"tag-formula1","14":"tag-spain","15":"tag-sports"},"share_on_mastodon":{"url":"","error":""},"_links":{"self":[{"href":"https:\/\/www.europesays.com\/es\/wp-json\/wp\/v2\/posts\/123851","targetHints":{"allow":["GET"]}}],"collection":[{"href":"https:\/\/www.europesays.com\/es\/wp-json\/wp\/v2\/posts"}],"about":[{"href":"https:\/\/www.europesays.com\/es\/wp-json\/wp\/v2\/types\/post"}],"author":[{"embeddable":true,"href":"https:\/\/www.europesays.com\/es\/wp-json\/wp\/v2\/users\/2"}],"replies":[{"embeddable":true,"href":"https:\/\/www.europesays.com\/es\/wp-json\/wp\/v2\/comments?post=123851"}],"version-history":[{"count":0,"href":"https:\/\/www.europesays.com\/es\/wp-json\/wp\/v2\/posts\/123851\/revisions"}],"wp:featuredmedia":[{"embeddable":true,"href":"https:\/\/www.europesays.com\/es\/wp-json\/wp\/v2\/media\/123852"}],"wp:attachment":[{"href":"https:\/\/www.europesays.com\/es\/wp-json\/wp\/v2\/media?parent=123851"}],"wp:term":[{"taxonomy":"category","embeddable":true,"href":"https:\/\/www.europesays.com\/es\/wp-json\/wp\/v2\/categories?post=123851"},{"taxonomy":"post_tag","embeddable":true,"href":"https:\/\/www.europesays.com\/es\/wp-json\/wp\/v2\/tags?post=123851"}],"curies":[{"name":"wp","href":"https:\/\/api.w.org\/{rel}","templated":true}]}}