{"id":123853,"date":"2025-09-18T21:38:06","date_gmt":"2025-09-18T21:38:06","guid":{"rendered":"https:\/\/www.europesays.com\/es\/123853\/"},"modified":"2025-09-18T21:38:06","modified_gmt":"2025-09-18T21:38:06","slug":"cantero-ha-sido-una-derrota-muy-dura-nuestro-deporte","status":"publish","type":"post","link":"https:\/\/www.europesays.com\/es\/123853\/","title":{"rendered":"Cantero: \u00abHa sido una derrota muy dura\u00bb | Nuestro deporte"},"content":{"rendered":"<p><strong>Carlos Cantero <\/strong>se ha mostrado disgustado en su comparecencia tras la <a href=\"https:\/\/www.cartv.es\/aragondeporte\/nuestro-deporte\/pesadilla-en-brno-81-60-24611\" target=\"_blank\" rel=\"nofollow noopener\"><strong>derrota del Casademont Zaragoza ante el Zabiny Brno<\/strong><\/a> en la ida de la previa de la <strong>Euroliga <\/strong>femenina. El t\u00e9cnico ha lamentado los errores en \u00abb\u00e1sicos\u00bb del equipo y ha destacado la segunda parte como referencia para la buscar la remontada en el partido de vuelta el pr\u00f3ximo mi\u00e9rcoles.\u00a0Estas han sido sus principales respuestas:<\/p>\n<p><strong>Balance del partido<\/strong><\/p>\n<p>Ha sido una derrota muy dura. Estoy contento con la segunda parte, pero no vale. Este\u00a0tipo\u00a0de partidos que son a cara de perro a ida y vuelta pero el estar contento con media parte&#8230; Demuestras que tienes la calidad para jugar, la calidad para competir, demuestras cosas que se ven media parte, pero es una pena porque no es un partido que no cuente, es un partido que cuenta todo. Y esa sensaci\u00f3n habr\u00eda que haberla tenido los 40 minutos. Entonces, estoy enfadado y rabioso por no tener esa sensaci\u00f3n en los 20 primeros minutos.\u00a0<\/p>\n<p><strong>Superadas en el inicio<\/strong><\/p>\n<p>Cuando apenas empieza un partido y permites que las seis primeras canastas del rival sean bandejas, pues es que los b\u00e1sicos no los estamos haciendo en defensa. Intentas pararlo, intentas corregirlo e insistir en las cosas positivas que han salido, pero no es suficiente. Intentas que acompa\u00f1e todo, pero ves que cosas b\u00e1sicas, que no han pasado ni en los entrenamientos ni en otros partidos no salen.\u00a0Y frustra. A ver si en esa segunda parte nos da la fuerza necesaria para cre\u00e9rnoslo.<\/p>\n<p><strong>\u00bfHa influido la pretemporada?<\/strong><\/p>\n<p>No, Ser\u00eda f\u00e1cil buscar excusas y yo creo que no.\u00a0No ha salido justo lo que m\u00e1s hemos hecho en Corea y lo que m\u00e1s ha funcionado\u00a0 en Corea.\u00a0Eso ha empezado a salir en el tercer cuarto. Entonces no hay excusas de ning\u00fan tipo.<\/p>\n<p><strong>El ejemplo de la semifinal ante Girona<\/strong><\/p>\n<p>Les he dicho en el vestuario que se acuerdan de aquella semifinal. Es\u00a0ir paso a paso y la segunda parte nos tiene que dar\u00a0ese ejemplo.\u00a0No podemos esperar otra vez al tercer cuarto a empezar a meternos. Somos un equipo y necesitamos a todas, que todas hablen, que\u00a0todas comuniquen y que todas tengan esa correcta intensidad para jugar.<\/p>\n<p><strong>No est\u00e1 perdido<\/strong><\/p>\n<p>Jam\u00e1s voy a decir que vamos a un partido sin competirlo. Al rev\u00e9s, tenemos que ir a por todas. Esa siempre ha sido la la filosof\u00eda y la idea y la mentalidad, sea el resultado que sea. Tienes que ir a ganar a por todas y m\u00e1s a\u00fan\u00a0sacar la rabia que tienes dentro en ese intento.<\/p>\n<p>Si quieres estar al d\u00eda de toda la actualidad deportiva, s\u00edguenos en redes sociales: <a href=\"https:\/\/www.instagram.com\/aragondeporte\/\" target=\"_blank\" rel=\"noindex nofollow noopener\">Instagram<\/a>, <a href=\"https:\/\/www.facebook.com\/aragondeporte\/\" target=\"_blank\" rel=\"noindex nofollow noopener\">Facebook<\/a>, <a href=\"https:\/\/x.com\/ardeportes\" target=\"_blank\" rel=\"noindex nofollow\">X<\/a> y tambi\u00e9n en el canal de <a href=\"https:\/\/whatsapp.com\/channel\/0029Vb8JrUy6rsQrHNE2y41l\" target=\"_blank\" rel=\"noindex nofollow noopener\">WhatsApp<\/a>.<\/p>\n<p>            <script async src=\"\/\/www.instagram.com\/embed.js\"><\/script><\/p>\n","protected":false},"excerpt":{"rendered":"Carlos Cantero se ha mostrado disgustado en su comparecencia tras la derrota del Casademont Zaragoza ante el Zabiny&hellip;\n","protected":false},"author":2,"featured_media":123854,"comment_status":"","ping_status":"","sticky":false,"template":"","format":"standard","meta":{"footnotes":""},"categories":[269],"tags":[4499,4502,299,298,4501,4110,634,168,25,24,4500,1448,23,167,214],"class_list":{"0":"post-123853","1":"post","2":"type-post","3":"status-publish","4":"format-standard","5":"has-post-thumbnail","7":"category-baloncesto","8":"tag-aragon","9":"tag-aragonesa","10":"tag-baloncesto","11":"tag-basketball","12":"tag-cartv","13":"tag-corporacion","14":"tag-deporte","15":"tag-deportes","16":"tag-es","17":"tag-espana","18":"tag-publica","19":"tag-radio","20":"tag-spain","21":"tag-sports","22":"tag-tv"},"share_on_mastodon":{"url":"","error":""},"_links":{"self":[{"href":"https:\/\/www.europesays.com\/es\/wp-json\/wp\/v2\/posts\/123853","targetHints":{"allow":["GET"]}}],"collection":[{"href":"https:\/\/www.europesays.com\/es\/wp-json\/wp\/v2\/posts"}],"about":[{"href":"https:\/\/www.europesays.com\/es\/wp-json\/wp\/v2\/types\/post"}],"author":[{"embeddable":true,"href":"https:\/\/www.europesays.com\/es\/wp-json\/wp\/v2\/users\/2"}],"replies":[{"embeddable":true,"href":"https:\/\/www.europesays.com\/es\/wp-json\/wp\/v2\/comments?post=123853"}],"version-history":[{"count":0,"href":"https:\/\/www.europesays.com\/es\/wp-json\/wp\/v2\/posts\/123853\/revisions"}],"wp:featuredmedia":[{"embeddable":true,"href":"https:\/\/www.europesays.com\/es\/wp-json\/wp\/v2\/media\/123854"}],"wp:attachment":[{"href":"https:\/\/www.europesays.com\/es\/wp-json\/wp\/v2\/media?parent=123853"}],"wp:term":[{"taxonomy":"category","embeddable":true,"href":"https:\/\/www.europesays.com\/es\/wp-json\/wp\/v2\/categories?post=123853"},{"taxonomy":"post_tag","embeddable":true,"href":"https:\/\/www.europesays.com\/es\/wp-json\/wp\/v2\/tags?post=123853"}],"curies":[{"name":"wp","href":"https:\/\/api.w.org\/{rel}","templated":true}]}}