{"id":123859,"date":"2025-09-18T21:41:24","date_gmt":"2025-09-18T21:41:24","guid":{"rendered":"https:\/\/www.europesays.com\/es\/123859\/"},"modified":"2025-09-18T21:41:24","modified_gmt":"2025-09-18T21:41:24","slug":"20-anos-no-es-nada-la-inolvidable-casa-de-carolina-herrera-en-la-plaza-mayor-de-madrid","status":"publish","type":"post","link":"https:\/\/www.europesays.com\/es\/123859\/","title":{"rendered":"20 a\u00f1os no es nada: la inolvidable casa de Carolina Herrera en la Plaza Mayor de Madrid"},"content":{"rendered":"<p><strong>Reportaje originalmente publicado en abril de 2006 \/<\/strong> Texto: Enric Pastor<\/p>\n<p>Madrid, Plaza Mayor. En uno de los edificios que se elevan por encima de los soportales del siglo XVI, Carolina Herrera nos recibe con una sonrisa en la puerta de su apartamento. Son las diez de la ma\u00f1ana y est\u00e1 trabajando en la cocina, preparando el desayuno (frambuesas y ar\u00e1ndanos, croissants, un bizcocho casero) para sus invitados. <strong>Con camiseta, vaqueros y un par de bailarinas, la elegancia de Carolina se descubre de manera simple, informal, tranquila.<\/strong> Ha heredado el nombre y el buen gusto de su madre, la gran dise\u00f1adora de moda venezolana, a la que asesora en la creaci\u00f3n y lanzamiento de fragancias como 212, Chic o la reciente Carolina, as\u00ed como en la l\u00ednea de ropa <a data-offer-url=\"http:\/\/www.carolinaherrera.com\" class=\"external-link\" data-event-click=\"{&quot;element&quot;:&quot;ExternalLink&quot;,&quot;outgoingURL&quot;:&quot;http:\/\/www.carolinaherrera.com&quot;}\" href=\"http:\/\/www.carolinaherrera.com\" rel=\"nofollow noopener\" target=\"_blank\">CH<\/a>.<\/p>\n<p>\u00a9 AD Espa\u00f1a<\/p>\n<p>Naci\u00f3 hace 36 a\u00f1os, y tras pasar su infancia en una antigua hacienda en Caracas y su adolescencia entre Manhattan y Los \u00c1ngeles, decidi\u00f3 instalarse en Madrid hace varios a\u00f1os. <strong>\u201cVine para rodar Maletilla, un documental del que soy productora sobre c\u00f3mo se hace un torero \u2013explica Carolina\u2013.<\/strong> Recorr\u00ed carreteras y pueblos junto a la directora, Victoria Cley, siguiendo a los alumnos de la Escuela de Tauromaquia de Madrid en busca de su sue\u00f1o de gloria. Qued\u00e9 tan fascinada que decid\u00ed quedarme\u201d.<\/p>\n<p>Entonces viv\u00eda subida a aviones entre Los \u00c1ngeles, Sevilla y Madrid, pero sinti\u00f3 que era el momento de instalarse en su casa. Enamorada del viejo Madrid, del bullicio y la actividad del centro, no fue dif\u00edcil encontrar un apartamento antiguo, muy luminoso y de techos altos, con vistas a una plaza que impresiona por su historia. <strong>La casa de Carolina Herrera es una de esas viviendas que sorprenden a medida que se descubren sus rincones.<\/strong> Desde la entrada, una peque\u00f1a mesa de m\u00e1rmol anticipa su arte para disponer objetos de manera casual: flores, platos o boles con pulseras y objetos personales, libros y dibujos hechos por amigos.<\/p>\n","protected":false},"excerpt":{"rendered":"Reportaje originalmente publicado en abril de 2006 \/ Texto: Enric Pastor Madrid, Plaza Mayor. En uno de los&hellip;\n","protected":false},"author":2,"featured_media":123860,"comment_status":"","ping_status":"","sticky":false,"template":"","format":"standard","meta":{"footnotes":""},"categories":[173],"tags":[229,233,231,230,1530,232,6873,234,146,147,25,24,205,23],"class_list":{"0":"post-123859","1":"post","2":"type-post","3":"status-publish","4":"format-standard","5":"has-post-thumbnail","7":"category-arte-y-diseno","8":"tag-arte","9":"tag-arte-y-diseno","10":"tag-arts","11":"tag-arts-and-design","12":"tag-casas-ad","13":"tag-design","14":"tag-disenadores","15":"tag-diseno","16":"tag-entertainment","17":"tag-entretenimiento","18":"tag-es","19":"tag-espana","20":"tag-madrid","21":"tag-spain"},"share_on_mastodon":{"url":"","error":""},"_links":{"self":[{"href":"https:\/\/www.europesays.com\/es\/wp-json\/wp\/v2\/posts\/123859","targetHints":{"allow":["GET"]}}],"collection":[{"href":"https:\/\/www.europesays.com\/es\/wp-json\/wp\/v2\/posts"}],"about":[{"href":"https:\/\/www.europesays.com\/es\/wp-json\/wp\/v2\/types\/post"}],"author":[{"embeddable":true,"href":"https:\/\/www.europesays.com\/es\/wp-json\/wp\/v2\/users\/2"}],"replies":[{"embeddable":true,"href":"https:\/\/www.europesays.com\/es\/wp-json\/wp\/v2\/comments?post=123859"}],"version-history":[{"count":0,"href":"https:\/\/www.europesays.com\/es\/wp-json\/wp\/v2\/posts\/123859\/revisions"}],"wp:featuredmedia":[{"embeddable":true,"href":"https:\/\/www.europesays.com\/es\/wp-json\/wp\/v2\/media\/123860"}],"wp:attachment":[{"href":"https:\/\/www.europesays.com\/es\/wp-json\/wp\/v2\/media?parent=123859"}],"wp:term":[{"taxonomy":"category","embeddable":true,"href":"https:\/\/www.europesays.com\/es\/wp-json\/wp\/v2\/categories?post=123859"},{"taxonomy":"post_tag","embeddable":true,"href":"https:\/\/www.europesays.com\/es\/wp-json\/wp\/v2\/tags?post=123859"}],"curies":[{"name":"wp","href":"https:\/\/api.w.org\/{rel}","templated":true}]}}