{"id":123865,"date":"2025-09-18T21:45:08","date_gmt":"2025-09-18T21:45:08","guid":{"rendered":"https:\/\/www.europesays.com\/es\/123865\/"},"modified":"2025-09-18T21:45:08","modified_gmt":"2025-09-18T21:45:08","slug":"la-comedia-el-mundo-es-suyo-humor-andaluz-con-el-duo-los-compadres","status":"publish","type":"post","link":"https:\/\/www.europesays.com\/es\/123865\/","title":{"rendered":"La comedia El mundo es suyo, humor andaluz con el d\u00fao Los Compadres"},"content":{"rendered":"<p style=\"text-align: justify;\"><b>Canal Sur Televisi\u00f3n<\/b> ofrece este jueves, a las<b> 22:45 horas, \u201cEl mundo es suyo\u201d<\/b>, pel\u00edcula espa\u00f1ola de 2018 dirigida por\u00a0<b>Alfonso S\u00e1nchez,<\/b> protagonizada por <b>Alfonso S\u00e1nchez y Alberto L\u00f3pez. <\/b>Les acompa\u00f1an en el reparto <b>Carlos Olalla, Carmen Canivell, Teresa Arbol\u00ed y Mar Saura,<\/b> entre otros.\u00a0Esta pel\u00edcula participada por Canal Sur, est\u00e1 rodada \u00edntegramente en Andaluc\u00eda, y es segunda parte de la saga c\u00f3mica que comenz\u00f3 con \u201cEl mundo es nuestro\u201d (2012).<\/p>\n<p style=\"text-align: justify;\"><strong>\u201cEl Mundo es suyo\u201d\u00a0<\/strong>es un proyecto audiovisual de ra\u00edz netamente andaluza dirigido por Alfonso S\u00e1nchez, quien adem\u00e1s pone cara a uno de sus protagonistas, junto con Alberto L\u00f3pez. Los conocidos \u201c<strong>Compadres\u201d\u00a0<\/strong>son hoy d\u00eda uno de los referentes en la ficci\u00f3n andaluza, que han provocado una masa de seguidores, a partir de sus historias llenas de humor, parodiando a distintos personajes de lo m\u00e1s particulares.<\/p>\n<p style=\"text-align: justify;\"><strong>Una comedia \u00e1gil con tintes de cr\u00edtica social y pol\u00edtica en la que Rafi (Alfonso S\u00e1nchez) llega a casa de Fali (Alberto L\u00f3pez) con la maleta a cuestas porque su mujer le ha echado de casa.<\/strong> No es la primera vez que esto sucede, aunque en esta ocasi\u00f3n todo ser\u00e1 diferente, ya que el l\u00edo en el que se ha metido Rafi esta vez es de los gordos. A Fali le gustar\u00eda ayudar a su compadre, pero tiene mucha prisa: ma\u00f1ana ser\u00e1 la Primera Comuni\u00f3n de su hijo, y lo \u00fanico que tiene que hacer como padre es llevar el traje del ni\u00f1o a la finca donde se celebrar\u00e1 el evento. Durante las siguientes veinticuatro horas, y con la cuenta atr\u00e1s del reloj acech\u00e1ndoles, los dos andaluces conseguir\u00e1n salir de varios embrollos para meterse en nuevos enredos. En sus andanzas, nos mostrar\u00e1n su particular y sinverg\u00fcenza visi\u00f3n de la vida.<\/p>\n<p><strong>Fecha de emisi\u00f3n: jueves 18 de septiembre, a partir de las 22:45 horas, en Canal Sur Televisi\u00f3n.<\/strong><\/p>\n","protected":false},"excerpt":{"rendered":"Canal Sur Televisi\u00f3n ofrece este jueves, a las 22:45 horas, \u201cEl mundo es suyo\u201d, pel\u00edcula espa\u00f1ola de 2018&hellip;\n","protected":false},"author":2,"featured_media":123866,"comment_status":"","ping_status":"","sticky":false,"template":"","format":"standard","meta":{"footnotes":""},"categories":[169],"tags":[16470,177,3059,29337,146,147,25,24,176,40534,175,23],"class_list":{"0":"post-123865","1":"post","2":"type-post","3":"status-publish","4":"format-standard","5":"has-post-thumbnail","7":"category-cine","8":"tag-andaluz","9":"tag-cine","10":"tag-comedia","11":"tag-cstv","12":"tag-entertainment","13":"tag-entretenimiento","14":"tag-es","15":"tag-espana","16":"tag-film","17":"tag-los-compadres","18":"tag-movies","19":"tag-spain"},"share_on_mastodon":{"url":"","error":""},"_links":{"self":[{"href":"https:\/\/www.europesays.com\/es\/wp-json\/wp\/v2\/posts\/123865","targetHints":{"allow":["GET"]}}],"collection":[{"href":"https:\/\/www.europesays.com\/es\/wp-json\/wp\/v2\/posts"}],"about":[{"href":"https:\/\/www.europesays.com\/es\/wp-json\/wp\/v2\/types\/post"}],"author":[{"embeddable":true,"href":"https:\/\/www.europesays.com\/es\/wp-json\/wp\/v2\/users\/2"}],"replies":[{"embeddable":true,"href":"https:\/\/www.europesays.com\/es\/wp-json\/wp\/v2\/comments?post=123865"}],"version-history":[{"count":0,"href":"https:\/\/www.europesays.com\/es\/wp-json\/wp\/v2\/posts\/123865\/revisions"}],"wp:featuredmedia":[{"embeddable":true,"href":"https:\/\/www.europesays.com\/es\/wp-json\/wp\/v2\/media\/123866"}],"wp:attachment":[{"href":"https:\/\/www.europesays.com\/es\/wp-json\/wp\/v2\/media?parent=123865"}],"wp:term":[{"taxonomy":"category","embeddable":true,"href":"https:\/\/www.europesays.com\/es\/wp-json\/wp\/v2\/categories?post=123865"},{"taxonomy":"post_tag","embeddable":true,"href":"https:\/\/www.europesays.com\/es\/wp-json\/wp\/v2\/tags?post=123865"}],"curies":[{"name":"wp","href":"https:\/\/api.w.org\/{rel}","templated":true}]}}