{"id":123875,"date":"2025-09-18T21:50:07","date_gmt":"2025-09-18T21:50:07","guid":{"rendered":"https:\/\/www.europesays.com\/es\/123875\/"},"modified":"2025-09-18T21:50:07","modified_gmt":"2025-09-18T21:50:07","slug":"el-riesgo-pais-se-dispara-arriba-de-los-1400-puntos-se-desploman-los-bonos-y-el-dolar-llega-a-1500-la-politica-online","status":"publish","type":"post","link":"https:\/\/www.europesays.com\/es\/123875\/","title":{"rendered":"El riesgo pa\u00eds se dispara arriba de los 1400 puntos, se desploman los bonos y el d\u00f3lar llega a $1500 &#8211; La Pol\u00edtica Online"},"content":{"rendered":"<ol>\n<li><a href=\"https:\/\/news.google.com\/rss\/articles\/CBMi2AFBVV95cUxOQUJVZ2t6eVM4UGw2amw0OHR2N3pKeWhwYlhBLWwxMExnQXZKVkJ6aXVpNVI2M3BaYzVpTEdyNG5XMzlna0luaUVKOHVRaUZLdzgyV1hnckNIanhVUkJQcWQxeldGczU4Zm5BeHJkR3hpbGVTSm14Ml9kVy1aMVk2aF80NWdYNE9ZVUlnMi1yU3RfMGNzZHNaRzNGSWZmaThUUTJvd05VQlFTWDlsY2xKYTdzcUxwb2hSR3ljN2swVWtHc1dnWElMeGZDdGJySnFRQjdQOGZKbGs?oc=5\" target=\"_blank\" rel=\"nofollow noopener\">El riesgo pa\u00eds se dispara arriba de los 1400 puntos, se desploman los bonos y el d\u00f3lar llega a $1500<\/a>&nbsp;&nbsp;La Pol\u00edtica Online<\/li>\n<li><a href=\"https:\/\/news.google.com\/rss\/articles\/CBMiswFBVV95cUxORTFsSXFCZkpkOVdrOEJuWXJta3ZUY2hHQ29YN3ZqbEdNS1NRY29yd0kxUk9ZekpLbllOY1NqTVlEUFJ0a1k4UlNXM3NmV2VIS09DVXktSjNLZnRabkhPSTdubE5XQVJpQ1dPdDZCRkhzZTlIVTR5Tld6ZGkySmtvUGg5ZzNZYkNGUXlJRjZTN08yYlRLbTlzY0I1NWtTalRhQUgtaF9LeUpnMUNMTFV1WWptZ9IBuAFBVV95cUxNYy1XY3FtQkl4QmkyVXRBMUtTTkNSNzdkXzdad0FXcXo0VmpkUDc4enI2YkFELXoxWGNVTGVZLWpRazBHbHZhTXRYWm5uRWRWSmpJOTd2cmRXdV9JN0c5NXk1M2hPWmNkOWdiclY1d2JKNVA3Y3Q3N0lJV2FEVzdZelBrRl9YRmRwNDhUS0R3QWdEeEo3YllyZ2hWSVVvenV5eU5OeGZxQ0JEbGk3OHlWby1zZWdVUTNN?oc=5\" target=\"_blank\" rel=\"nofollow noopener\">La Bolsa de Buenos Aires cierra con una bajada del 0,27 %<\/a>&nbsp;&nbsp;La Vanguardia<\/li>\n<li><a href=\"https:\/\/news.google.com\/rss\/articles\/CBMiuwFBVV95cUxPX3B5d19QelpQbkRrc3hNMENEZ2dPRG12TTJQbXF4QVlpcTVZOW5MWjVkRURvblYteV9PN3lZcnA0UzVYdXd0ZllRX3ZjZHFrUUNtMUJqakJWbEhtNmlaM3Qzai0xRENaemhoT2kzY2xnTE9TcEtZX2hjblZnQUFlYmI5VDY5WFhmcU56cHFsNE5leHMwdU45QXdkb1lkMlBwclFJMThHVVdtYjVuSGpIRnRmTlpESnBBQVh30gHWAUFVX3lxTFBncGpreUhtbG9rOEJCNkxiYURSa3JsZU43aGNpemtMaHZHUG9XZVlWSWR0QzJSalJPUEJIc0VMYXNWalFRT1FmODdkeVZoNUxMT2dTblhidXRYUFRmZnctZHBFYWxpd051QXlRTGtTT0JsR3pvSFZFN1c1dGhyQk9iemFCbUhRdl9iRVJPTGhCTWJJcXB2OUFsN2gzMG14WjZqZi1XcGc5RGMxWVpwOXU5WXBKRjB3Ym9Hbkc4YVFiOWxBSVFKb1h2Q1ZEZGtoRlhaUmZoSmc?oc=5\" target=\"_blank\" rel=\"nofollow noopener\">Qu\u00e9 significa que la Argentina tenga un riesgo pa\u00eds en 1.400 puntos b\u00e1sicos<\/a>&nbsp;&nbsp;Infobae<\/li>\n<li><a href=\"https:\/\/news.google.com\/rss\/articles\/CBMinwFBVV95cUxNTW92WjZIZGdoTzhWc0tKVUVndjd5OUJRci11OFctMEswUmxkU0RwaGpZdEgtMWlBRXZiZkhiOUw4QkNPaUdXTk8xLVBnbmFnWE9HS3kwaHBTQ0d3cjBFOHhDWFIwalBJR3MyZ09xS19ZNkdaYk1XV3REWm1TN3JCQjRzbDhfd0VMQ3N6V2p6cjVvODRTLUlwbmNHMmRDamM?oc=5\" target=\"_blank\" rel=\"nofollow noopener\">Debilidad cambiaria en Argentina se conjuga con derrota legislativa del Gobierno<\/a>&nbsp;&nbsp;es.finance.yahoo.com<\/li>\n<li><a href=\"https:\/\/news.google.com\/rss\/articles\/CBMiwgFBVV95cUxNTHRyT29DMmg2MTJTN0U0OXN2alZsVmNWN0hVbTFiV0pvQm5lY19GZHpQTGl3LUs3ak56ZjNpTGpEOEJsWmtEUVlWcWZNZ0hGU21TY1NGcWtmUWpmeHdFN3M0NngwOVBaWE5DZ1hNYWFCWkFBVWtxeTRQdW9nT0JodjVzSWJTeW5NdnNzNVFJNWpQMHJuWXdMbXVqck9qZVBvd2hlWTYwanB3V0VUTFJWY1lqUnlOOFgyMm1ScTRLUTA0QQ?oc=5\" target=\"_blank\" rel=\"nofollow noopener\">Los bonos en d\u00f3lares se hunden m\u00e1s de 12% y el riesgo pa\u00eds se dispara tras el rev\u00e9s de Milei en el Congreso<\/a>&nbsp;&nbsp;Clarin.com<\/li>\n<\/ol>\n","protected":false},"excerpt":{"rendered":"El riesgo pa\u00eds se dispara arriba de los 1400 puntos, se desploman los bonos y el d\u00f3lar llega&hellip;\n","protected":false},"author":2,"featured_media":123323,"comment_status":"","ping_status":"","sticky":false,"template":"","format":"standard","meta":{"footnotes":""},"categories":[80],"tags":[82,95,94,25,24,23],"class_list":{"0":"post-123875","1":"post","2":"type-post","3":"status-publish","4":"format-standard","5":"has-post-thumbnail","7":"category-economia","8":"tag-business","9":"tag-economia","10":"tag-economy","11":"tag-es","12":"tag-espana","13":"tag-spain"},"share_on_mastodon":{"url":"","error":""},"_links":{"self":[{"href":"https:\/\/www.europesays.com\/es\/wp-json\/wp\/v2\/posts\/123875","targetHints":{"allow":["GET"]}}],"collection":[{"href":"https:\/\/www.europesays.com\/es\/wp-json\/wp\/v2\/posts"}],"about":[{"href":"https:\/\/www.europesays.com\/es\/wp-json\/wp\/v2\/types\/post"}],"author":[{"embeddable":true,"href":"https:\/\/www.europesays.com\/es\/wp-json\/wp\/v2\/users\/2"}],"replies":[{"embeddable":true,"href":"https:\/\/www.europesays.com\/es\/wp-json\/wp\/v2\/comments?post=123875"}],"version-history":[{"count":0,"href":"https:\/\/www.europesays.com\/es\/wp-json\/wp\/v2\/posts\/123875\/revisions"}],"wp:featuredmedia":[{"embeddable":true,"href":"https:\/\/www.europesays.com\/es\/wp-json\/wp\/v2\/media\/123323"}],"wp:attachment":[{"href":"https:\/\/www.europesays.com\/es\/wp-json\/wp\/v2\/media?parent=123875"}],"wp:term":[{"taxonomy":"category","embeddable":true,"href":"https:\/\/www.europesays.com\/es\/wp-json\/wp\/v2\/categories?post=123875"},{"taxonomy":"post_tag","embeddable":true,"href":"https:\/\/www.europesays.com\/es\/wp-json\/wp\/v2\/tags?post=123875"}],"curies":[{"name":"wp","href":"https:\/\/api.w.org\/{rel}","templated":true}]}}