{"id":123878,"date":"2025-09-18T21:52:12","date_gmt":"2025-09-18T21:52:12","guid":{"rendered":"https:\/\/www.europesays.com\/es\/123878\/"},"modified":"2025-09-18T21:52:12","modified_gmt":"2025-09-18T21:52:12","slug":"el-juez-abre-juicio-contra-el-jugador-del-real-madrid-raul-asencio-por-la-difusion-de-videos-sexuales-futbol","status":"publish","type":"post","link":"https:\/\/www.europesays.com\/es\/123878\/","title":{"rendered":"El juez abre juicio contra el jugador del Real Madrid Ra\u00fal Asencio por la difusi\u00f3n de v\u00eddeos sexuales | F\u00fatbol"},"content":{"rendered":"<p>El Juzgado n\u00famero 3 de San Bartolom\u00e9 de Tirajana (Gran Canaria) ha acordado abrir juicio oral contra el defensa del Real Madrid Ra\u00fal Asencio. Tambi\u00e9n se sentar\u00e1n en el banquillo de acusados los exjugadores de la cadena de filiales del club Ferr\u00e1n Ruiz, Juan Rodr\u00edguez y Andr\u00e9s Garc\u00eda, acusados todos ellos de haber difundido sin permiso v\u00eddeos de contenido sexual que afectan a dos j\u00f3venes, una de ellas menor.<\/p>\n<p>Seg\u00fan ha informado el Tribunal Superior de Justicia de Canarias, el juez exige a Ruiz, Rodr\u00edguez y Garc\u00eda que depositen sendas fianzas de 20.000 euros. Por su parte, requiere a Ra\u00fal Asencio que aporte una de 15.000 euros. <\/p>\n<p>La diferencia de castigo inicial radica en que a los tres primeros no solo se les acusa de haber difundido los v\u00eddeos, sino de ser los autores de esas grabaciones, sin contar con permiso de las afectadas. El todav\u00eda jugador del Real Madrid comparecer\u00e1 como acusado de difundir lo grabado sin consentimiento.<\/p>\n","protected":false},"excerpt":{"rendered":"El Juzgado n\u00famero 3 de San Bartolom\u00e9 de Tirajana (Gran Canaria) ha acordado abrir juicio oral contra el&hellip;\n","protected":false},"author":2,"featured_media":123879,"comment_status":"","ping_status":"","sticky":false,"template":"","format":"standard","meta":{"footnotes":""},"categories":[8],"tags":[2182,40536,17,18,40537,1798,16178,25,24,24865,13,14,18519,280,525,11,20112,288,19,20,40538,1212,9,10,15,16,1215,20115,20116,17481,11807,3048,23,16709,167,1222,12,21,22,40539],"class_list":{"0":"post-123878","1":"post","2":"type-post","3":"status-publish","4":"format-standard","5":"has-post-thumbnail","7":"category-espana","8":"tag-athletic","9":"tag-august-30","10":"tag-breaking-news","11":"tag-breakingnews","12":"tag-centre-back","13":"tag-club","14":"tag-defense","15":"tag-es","16":"tag-espana","17":"tag-estadio-santiago-bernabeu","18":"tag-featured-news","19":"tag-featurednews","20":"tag-fixture","21":"tag-football","22":"tag-game","23":"tag-headlines","24":"tag-jose-breton","25":"tag-laliga","26":"tag-latest-news","27":"tag-latestnews","28":"tag-league-match","29":"tag-match","30":"tag-news","31":"tag-noticias","32":"tag-noticias-destacadas","33":"tag-noticiasdestacadas","34":"tag-nurphoto","35":"tag-pics-action","36":"tag-player","37":"tag-professional","38":"tag-raul-asencio","39":"tag-real-madrid","40":"tag-spain","41":"tag-spanish-league","42":"tag-sports","43":"tag-team","44":"tag-titulares","45":"tag-ultimas-noticias","46":"tag-ultimasnoticias","47":"tag-warm-up"},"share_on_mastodon":{"url":"","error":""},"_links":{"self":[{"href":"https:\/\/www.europesays.com\/es\/wp-json\/wp\/v2\/posts\/123878","targetHints":{"allow":["GET"]}}],"collection":[{"href":"https:\/\/www.europesays.com\/es\/wp-json\/wp\/v2\/posts"}],"about":[{"href":"https:\/\/www.europesays.com\/es\/wp-json\/wp\/v2\/types\/post"}],"author":[{"embeddable":true,"href":"https:\/\/www.europesays.com\/es\/wp-json\/wp\/v2\/users\/2"}],"replies":[{"embeddable":true,"href":"https:\/\/www.europesays.com\/es\/wp-json\/wp\/v2\/comments?post=123878"}],"version-history":[{"count":0,"href":"https:\/\/www.europesays.com\/es\/wp-json\/wp\/v2\/posts\/123878\/revisions"}],"wp:featuredmedia":[{"embeddable":true,"href":"https:\/\/www.europesays.com\/es\/wp-json\/wp\/v2\/media\/123879"}],"wp:attachment":[{"href":"https:\/\/www.europesays.com\/es\/wp-json\/wp\/v2\/media?parent=123878"}],"wp:term":[{"taxonomy":"category","embeddable":true,"href":"https:\/\/www.europesays.com\/es\/wp-json\/wp\/v2\/categories?post=123878"},{"taxonomy":"post_tag","embeddable":true,"href":"https:\/\/www.europesays.com\/es\/wp-json\/wp\/v2\/tags?post=123878"}],"curies":[{"name":"wp","href":"https:\/\/api.w.org\/{rel}","templated":true}]}}