{"id":123882,"date":"2025-09-18T22:04:15","date_gmt":"2025-09-18T22:04:15","guid":{"rendered":"https:\/\/www.europesays.com\/es\/123882\/"},"modified":"2025-09-18T22:04:15","modified_gmt":"2025-09-18T22:04:15","slug":"franco-colapinto-se-robo-el-show-en-alpine-con-un-desafio-futbolero-y-una-chicana-a-gasly-que-se-volvio-viral","status":"publish","type":"post","link":"https:\/\/www.europesays.com\/es\/123882\/","title":{"rendered":"Franco Colapinto se rob\u00f3 el show en Alpine con un desaf\u00edo futbolero y una chicana a Gasly que se volvi\u00f3 viral"},"content":{"rendered":"<p>Luego de dos semanas de parate, la<strong> <a target=\"_blank\" href=\"https:\/\/442.perfil.com\/noticias\/automovilismo\/franco-colapinto-enfrento-los-rumores-sobre-su-futuro-en-alpine.phtml\" rel=\"nofollow noopener\">F\u00f3rmula 1<\/a><\/strong><a target=\"_blank\" href=\"https:\/\/442.perfil.com\/noticias\/automovilismo\/franco-colapinto-enfrento-los-rumores-sobre-su-futuro-en-alpine.phtml\" rel=\"nofollow noopener\"> <\/a>regresa este fin de semana con el<strong> <a target=\"_blank\" href=\"https:\/\/442.perfil.com\/noticias\/automovilismo\/gp-de-azerbaiyan-en-baku-uno-de-los-mas-extensos-y-desafiantes-de-la-f1.phtml\" rel=\"nofollow noopener\">Gran Premio de Azerbaiy\u00e1n<\/a><\/strong>, en el circuito de Bak\u00fa, uno de los m\u00e1s emblem\u00e1ticos de los \u00faltimos tiempos.<\/p>\n<p>En ese sentido, y mientras se espera por el arranque de la jornada automovil\u00edstica, ambos pilotos de Alpine se entrenan para llegar en \u00f3ptimas condiciones, pero tambi\u00e9n se divierten, y este mi\u00e9rcoles<strong> protagonizaron uno de esos momentos que revolucionan las redes sociales.<\/strong><\/p>\n<p>Tanto <strong>Franco Colapinto como Pierre Gasly<\/strong> participaron de una divertida prueba organizada por la escuder\u00eda francesa. Alejados por un momento del mundo motor, <strong>el desaf\u00edo se centr\u00f3 en el f\u00fatbol <\/strong>y dej\u00f3 momentos imperdibles: <strong>muchas risas, competencia y hasta una peque\u00f1a chicana del argentino hacia el franc\u00e9s.<\/strong><\/p>\n<p class=\"destacadoNota\"><a target=\"_blank\" href=\"https:\/\/442.perfil.com\/noticias\/automovilismo\/franco-colapinto-enfrento-los-rumores-sobre-su-futuro-en-alpine.phtml\" rel=\"nofollow noopener\">Franco Colapinto enfrent\u00f3 los rumores sobre su futuro en Alpine<\/a><\/p>\n<p>Los corredores deb\u00edan adivinar de qu\u00e9 futbolistas se trataba, a partir de las pistas que mostraban todos los clubes por los que hab\u00edan pasado. Todos los jugadores eran, adem\u00e1s, argentinos o franceses.<\/p>\n<p>Colapinto nunca ocult\u00f3 su fanatismo por el f\u00fatbol, y en esta prueba lo dej\u00f3 en claro: <strong>le gan\u00f3 la pulseada a su compa\u00f1ero y adivin\u00f3 a casi todos los futbolistas<\/strong>, incluidos Lionel Messi, Juli\u00e1n \u00c1lvarez, \u00c1ngel Di Mar\u00eda, Gabriel Batistuta, Sergio Ag\u00fcero y el propio Diego Maradona.<\/p>\n<p>M\u00e1s all\u00e1 de haberse quedado con el reto, sobre el final Colapinto protagoniz\u00f3 la cereza\u00a0del postre con el momento m\u00e1s gracioso del video: <strong>chicane\u00f3 a Gasly con la final del Mundial 2022<\/strong>, en la que Argentina venci\u00f3 a Francia para consagrarse campe\u00f3n del mundo.<\/p>\n<p><img decoding=\"async\" style=\"max-width: 100%; width: 100%;\" alt=\"colapa\" height=\"392\" src=\"http:\/\/fotos.perfil.com\/\/2025\/09\/18\/900\/0\/colapinto-y-pierre-gasly-2101890.jpg\" width=\"728\" loading=\"lazy\"\/>&#13;<br \/>\nPierre Gasly y Franco Colapinto&#13;<\/p>\n<p>El jugador a adivinar era Hugo Lloris, arquero de la selecci\u00f3n francesa en Qatar, y el argentino no dud\u00f3 en recordarle ese momento a su compa\u00f1ero con una peque\u00f1a chicana.<\/p>\n<p><strong>\u00abLe metieron un par de goles en el Mundial\u00bb<\/strong>, lanz\u00f3 Colapinto de forma muy graciosa, provocando la sonrisa de Gasly y cerrando el video con un momento divertido en la previa de la gran carrera en Bak\u00fa.<\/p>\n<p>\u00a0<\/p>\n<p>FMZ<\/p>\n","protected":false},"excerpt":{"rendered":"Luego de dos semanas de parate, la F\u00f3rmula 1 regresa este fin de semana con el Gran Premio&hellip;\n","protected":false},"author":2,"featured_media":123883,"comment_status":"","ping_status":"","sticky":false,"template":"","format":"standard","meta":{"footnotes":""},"categories":[270],"tags":[168,25,24,306,271,272,23,167],"class_list":{"0":"post-123882","1":"post","2":"type-post","3":"status-publish","4":"format-standard","5":"has-post-thumbnail","7":"category-formula-1","8":"tag-deportes","9":"tag-es","10":"tag-espana","11":"tag-f1","12":"tag-formula-1","13":"tag-formula1","14":"tag-spain","15":"tag-sports"},"share_on_mastodon":{"url":"","error":""},"_links":{"self":[{"href":"https:\/\/www.europesays.com\/es\/wp-json\/wp\/v2\/posts\/123882","targetHints":{"allow":["GET"]}}],"collection":[{"href":"https:\/\/www.europesays.com\/es\/wp-json\/wp\/v2\/posts"}],"about":[{"href":"https:\/\/www.europesays.com\/es\/wp-json\/wp\/v2\/types\/post"}],"author":[{"embeddable":true,"href":"https:\/\/www.europesays.com\/es\/wp-json\/wp\/v2\/users\/2"}],"replies":[{"embeddable":true,"href":"https:\/\/www.europesays.com\/es\/wp-json\/wp\/v2\/comments?post=123882"}],"version-history":[{"count":0,"href":"https:\/\/www.europesays.com\/es\/wp-json\/wp\/v2\/posts\/123882\/revisions"}],"wp:featuredmedia":[{"embeddable":true,"href":"https:\/\/www.europesays.com\/es\/wp-json\/wp\/v2\/media\/123883"}],"wp:attachment":[{"href":"https:\/\/www.europesays.com\/es\/wp-json\/wp\/v2\/media?parent=123882"}],"wp:term":[{"taxonomy":"category","embeddable":true,"href":"https:\/\/www.europesays.com\/es\/wp-json\/wp\/v2\/categories?post=123882"},{"taxonomy":"post_tag","embeddable":true,"href":"https:\/\/www.europesays.com\/es\/wp-json\/wp\/v2\/tags?post=123882"}],"curies":[{"name":"wp","href":"https:\/\/api.w.org\/{rel}","templated":true}]}}