{"id":123884,"date":"2025-09-18T22:05:10","date_gmt":"2025-09-18T22:05:10","guid":{"rendered":"https:\/\/www.europesays.com\/es\/123884\/"},"modified":"2025-09-18T22:05:10","modified_gmt":"2025-09-18T22:05:10","slug":"el-dreamland-gran-canaria-superado-con-claridad-en-el-arena-67-89","status":"publish","type":"post","link":"https:\/\/www.europesays.com\/es\/123884\/","title":{"rendered":"El Dreamland Gran Canaria, superado con claridad en el Arena (67-89)"},"content":{"rendered":"<p><a class=\"v-mdl-ath__fig-a\" href=\"https:\/\/www.canarias7.es\/autor\/oliver-suarez-armas-3403.html\" title=\"\u00d3liver Su\u00e1rez Armas\" rel=\"nofollow noopener\" target=\"_blank\"><br \/>\n<img decoding=\"async\" class=\"v-mdl-ath__img\" src=\"https:\/\/www.europesays.com\/es\/wp-content\/uploads\/2025\/07\/autor-3403-foto-1.jpeg\" alt=\"\u00d3liver Su\u00e1rez Armas\"\/><br \/>\n<\/a><\/p>\n<p class=\"v-mdl-ath__p v-mdl-ath__p--6\">\nJueves, 18 de septiembre 2025, 18:16<\/p>\n<p>| Actualizado 21:08h.<\/p>\n<p class=\"v-p\">El derbi vuelve a ser una pesadilla para el Dreamland Gran Canaria, derrotado con claridad de principio a fin (67-89) en el Gran Canaria Arena este jueves. <strong>El preparador esloveno Jaka Lakovic tiene trabajo por delante para ajustar las piezas <\/strong>de cara al inicio liguero ante el Real Madrid, previsto para el 5 de octubre en el Movistar Arena.<\/p>\n<p class=\"v-p\">El Dreamland Gran Canaria, que cont\u00f3 con Andrew Albicy, Isaiah Wong, Miquel Salv\u00f3, Pierre Pelos y Mike Tobey en el quinteto inicial, <strong>tard\u00f3 en conectarse en su primer encuentro de la pretemporada en el Gran Canaria Arena<\/strong>, siendo superado con claridad por el acierto exterior de Van Beck y por la contundencia de Kostadinov en la pintura de La Laguna Tenerife en los primeros compases del duelo (2-13, min. 4).<\/p>\n<p class=\"v-p\">Lakovic mov\u00eda sus piezas<strong> para buscar un cambio de ritmo, m\u00e1s energ\u00eda y m\u00e1s clarividencia en la toma de decisiones en ambos lados de la pista<\/strong>, pero el cuadro de Txus Vidorreta, que disputar\u00e1 la Supercopa Endesa la pr\u00f3xima semana, se mostraba m\u00e1s s\u00f3lido en el descorche de la primera edici\u00f3n de la Copa Canaria organizada por la Televisi\u00f3n Canaria (7-19).<\/p>\n<p class=\"v-p\">El combinado claretiano, <strong>con un prometedor Maniema aportando ganas e ilusi\u00f3n<\/strong>, pretend\u00eda meter una marcha m\u00e1s en cuanto a intensidad para apretar el encuentro ante sus aficionados, si bien La Laguna Tenerife no daba tregua ni ning\u00fan tipo de opci\u00f3n al t\u00e9rmino del primer periodo (15-24).<\/p>\n<p>Dominio aurinegro<\/p>\n<p class=\"v-p\">El Granca <strong>no estaba c\u00f3modo <\/strong>y la diferencia visitante se alargaba hasta los 13 puntos (18-31). Lakovic se desesperaba y solicitaba tiempo muerto, encontrando una reacci\u00f3n inmediata con un parcial de 6-0 (24-31).<\/p>\n<p class=\"v-p\">Pero<strong> fue un espejismo <\/strong>porque La Laguna Tenerife dominaba a su antojo (24-40).<\/p>\n<p class=\"v-p\"><strong>El acierto exterior de Brussino y la aportaci\u00f3n de Pelos <\/strong>en ataque y en defensa despertaron del letargo a un Granca (29-40) que no ofreci\u00f3 una buena imagen en la primera mitad (33-45).<\/p>\n<p><img decoding=\"async\" loading=\"lazy\" src=\"https:\/\/www.europesays.com\/es\/wp-content\/uploads\/2025\/09\/maniema-U23048236484RQF--650x455@Canarias7.jpg\" class=\"v-a-img\" width=\"650\" height=\"455\" alt=\"Lucas Maniema.\" data-voc-vtm-id=\"in-text-traffic\"\/><\/p>\n<p>Lucas Maniema.<\/p>\n<p>CBGC<\/p>\n<p><img loading=\"lazy\" decoding=\"async\" src=\"https:\/\/www.europesays.com\/es\/wp-content\/uploads\/2025\/09\/maniema-U23048236484RQF--650x455@Canarias7.jpg\" class=\"v-mdl__img-z\" width=\"650\" height=\"455\" alt=\"\"\/><\/p>\n<p class=\"v-p\">Tras el paso por los vestuarios, <strong>el Dreamland Gran Canaria cambi\u00f3 el chip <\/strong>y exhibi\u00f3 una versi\u00f3n m\u00e1s coral y exigente para firmar un parcial de 12-0 en otra batalla para la puesta a punto (45-49).<\/p>\n<p class=\"v-p\">Vidorreta y Huertas no aceptaban las decisiones arbitrales <strong>y el pulso sub\u00eda de temperatura <\/strong>en el ecuador del tercer acto. Un revuelo que el equipo del t\u00e9cnico vasco aprovechaba para dar un nuevo impulso y recuperar la renta (51-63).<\/p>\n<p class=\"v-p\">El Dreamland Gran Canaria tuvo su momento, <strong>pero careci\u00f3 de continuidad en su juego<\/strong> y La Laguna Tenerife no paraba de castigar para minar la moral amarilla (60-73, min. 35).<\/p>\n<p class=\"v-p\"><strong>El bloque aurinegro golpe\u00f3 primero en la Copa Canaria (67-89)<\/strong>. El choque de vuelta tendr\u00e1 lugar este domingo (17:00 horas) en el pabell\u00f3n Santiago Mart\u00edn de San Crist\u00f3bal de La Laguna.<\/p>\n<p class=\"v-p\"><strong>FICHA T\u00c9CNICA:<\/strong><\/p>\n<p class=\"v-p\"><strong>67. Dreamland Gran Canaria:<\/strong> Andrew Albicy (5), Isaiah Wong (12), Miquel Salv\u00f3 (-), Pierre Pelos (7) y Mike Tobey (3) -quinteto titular-; Ziga Samar (9), Kur Kuath (2), Nicol\u00e1s Brussino (6), Louis Labeyrie (5), Lucas Maniema (10), Eric Vila (6) y Aleksander Panasiuk (2).<\/p>\n<p class=\"v-p\"><strong>Entrenador:<\/strong> Jaka Lakovic.<\/p>\n<p class=\"v-p\"><strong>89. La Laguna Tenerife:<\/strong> Marcelinho Huertas (-), Kostadinov (10), Thomas Scrubb (8), Wesley David Van Beck (17) y Aaron Doornekamp (5) -quinteto titular-; Bruno Fitipaldo (2), Giorgi Shermadini (16), Tim Abromaitis (8), Jaime Fern\u00e1ndez (9), Llu\u00eds Costa (-), Joan Sastre (5) y Rokas Giedraitis (9).<\/p>\n<p class=\"v-p\"><strong>Entrenador:<\/strong> Txus Vidorreta.<\/p>\n<p class=\"v-p\"><strong>Parciales:<\/strong> 15-24, 18-21, 18-18 y 16-26.<\/p>\n<p class=\"v-p\"><strong>\u00c1rbitros:<\/strong> Rafael Serrano, Fabio Rodr\u00edguez y Francisco Ara\u00f1a. Sin eliminados.<\/p>\n<p class=\"v-p\">I<strong>ncidencias:<\/strong> encuentro amistoso de pretemporada, correspondiente a la ida de la Copa Canaria 2025, disputada en el Gran Canaria Arena ante unos 2.500 espectadores aproximadamente.<\/p>\n<p>Comenta<\/p>\n<p>Reporta un error<\/p>\n","protected":false},"excerpt":{"rendered":"Jueves, 18 de septiembre 2025, 18:16 | Actualizado 21:08h. El derbi vuelve a ser una pesadilla para el&hellip;\n","protected":false},"author":2,"featured_media":123885,"comment_status":"","ping_status":"","sticky":false,"template":"","format":"standard","meta":{"footnotes":""},"categories":[269],"tags":[302,299,298,168,7710,25,24,40540,665,23,167],"class_list":{"0":"post-123884","1":"post","2":"type-post","3":"status-publish","4":"format-standard","5":"has-post-thumbnail","7":"category-baloncesto","8":"tag-acb","9":"tag-baloncesto","10":"tag-basketball","11":"tag-deportes","12":"tag-dreamland-gran-canaria","13":"tag-es","14":"tag-espana","15":"tag-gran-canaria-arena","16":"tag-liga-endesa","17":"tag-spain","18":"tag-sports"},"share_on_mastodon":{"url":"","error":""},"_links":{"self":[{"href":"https:\/\/www.europesays.com\/es\/wp-json\/wp\/v2\/posts\/123884","targetHints":{"allow":["GET"]}}],"collection":[{"href":"https:\/\/www.europesays.com\/es\/wp-json\/wp\/v2\/posts"}],"about":[{"href":"https:\/\/www.europesays.com\/es\/wp-json\/wp\/v2\/types\/post"}],"author":[{"embeddable":true,"href":"https:\/\/www.europesays.com\/es\/wp-json\/wp\/v2\/users\/2"}],"replies":[{"embeddable":true,"href":"https:\/\/www.europesays.com\/es\/wp-json\/wp\/v2\/comments?post=123884"}],"version-history":[{"count":0,"href":"https:\/\/www.europesays.com\/es\/wp-json\/wp\/v2\/posts\/123884\/revisions"}],"wp:featuredmedia":[{"embeddable":true,"href":"https:\/\/www.europesays.com\/es\/wp-json\/wp\/v2\/media\/123885"}],"wp:attachment":[{"href":"https:\/\/www.europesays.com\/es\/wp-json\/wp\/v2\/media?parent=123884"}],"wp:term":[{"taxonomy":"category","embeddable":true,"href":"https:\/\/www.europesays.com\/es\/wp-json\/wp\/v2\/categories?post=123884"},{"taxonomy":"post_tag","embeddable":true,"href":"https:\/\/www.europesays.com\/es\/wp-json\/wp\/v2\/tags?post=123884"}],"curies":[{"name":"wp","href":"https:\/\/api.w.org\/{rel}","templated":true}]}}