{"id":123888,"date":"2025-09-18T22:07:51","date_gmt":"2025-09-18T22:07:51","guid":{"rendered":"https:\/\/www.europesays.com\/es\/123888\/"},"modified":"2025-09-18T22:07:51","modified_gmt":"2025-09-18T22:07:51","slug":"de-nieves-alvarez-e-isabel-preysler-a-margarita-vargas","status":"publish","type":"post","link":"https:\/\/www.europesays.com\/es\/123888\/","title":{"rendered":"de Nieves \u00c1lvarez e Isabel Preysler a Margarita Vargas"},"content":{"rendered":"<p id=\"ex4-agAVNv\" data-wc=\"148\">Este jueves 18 de septiembre pasar\u00e1 a la historia.<a class=\"hm-link ho-link\" href=\"https:\/\/www.hola.com\/moda\/20250918856619\/paloma-cuevas-tamara-falco-vestido-carolina-herrera-look-flores\/\" data-mrf-recirculation=\"article-body-link\" rel=\"nofollow noopener\" target=\"_blank\">\u00a0La moda internacional ha tenido una cita inigualable en la majestuosa Plaza Mayor de Madrid,\u00a0<\/a>donde se ha celebrado el esperado desfile de la colecci\u00f3n primavera-verano 2026 de Carolina Herrera. Bajo la magistral direcci\u00f3n creativa de Wes Gordon, la ic\u00f3nica firma ha presentado, por primera vez en m\u00e1s de cuarenta a\u00f1os, su colecci\u00f3n principal fuera de Nueva York. El lugar elegido no podr\u00eda haber sido m\u00e1s emblem\u00e1tico: un escenario que respira historia espa\u00f1ola y, al mismo tiempo, palpita con la energ\u00eda vibrante del coraz\u00f3n de la ciudad. Cada detalle del desfile reflejaba elegancia, sofisticaci\u00f3n y el esp\u00edritu innovador de la firma, convirtiendo la jornada en un evento memorable para los amantes de la moda. Entre los asistentes que han disfrutado de esta m\u00e1gica velada destacaron Carolina Adriana y Patricia Cristina Herrera, Manolo Falc\u00f3 con Amparo Corsini e Isabel Preysler\u00a0<\/p>\n<p> <img src=\"https:\/\/www.europesays.com\/es\/wp-content\/uploads\/2025\/09\/df6b31e45185-europapress6965725carolinaadrianaherreraasistedesfilecarolinaherrerapla.jpg\"   width=\"1024\" height=\"681\" loading=\"lazy\" decoding=\"async\" alt=\"Carolina Adriana y Patricia Cristina Herrera&#10;\" fetchpriority=\"auto\" class=\"image ho-image\"\/>\u00a9 Europa PressCarolina Adriana y Patricia Cristina Herrera<\/p>\n<p> <img src=\"https:\/\/www.europesays.com\/es\/wp-content\/uploads\/2025\/09\/2e492dee9e7f-dlu591518037.jpg\"   width=\"673\" height=\"1024\" loading=\"lazy\" decoding=\"async\" alt=\"Amparo Corsini\" fetchpriority=\"auto\" class=\"image ho-image\"\/>\u00a9 GTRESAmparo Corsini<\/p>\n<p> <img src=\"https:\/\/www.europesays.com\/es\/wp-content\/uploads\/2025\/09\/82be55cb8772-dlu591518039.jpg\"   width=\"673\" height=\"1024\" loading=\"lazy\" decoding=\"async\" alt=\"Manolo Falc\u00f3\" fetchpriority=\"auto\" class=\"image ho-image\"\/>\u00a9 GTRESManolo Falc\u00f3<\/p>\n<p id=\"erMTaAiuXC\" data-wc=\"117\">Este mi\u00e9rcoles, Wes Gordon y Carolina Adriana Herrera fueron tambi\u00e9n los anfitriones de una exclusiva cena que tuvo lugar en el elegante Palacio de Liria. Una velada llena de glamour y sofisticaci\u00f3n, en la que el director creativo de la casa tuvo la oportunidad de reencontrarse con <a class=\"hm-link ho-link\" href=\"https:\/\/www.hola.com\/actualidad\/20250918856630\/tamara-falco-se-reencuentra-con-wes-gordon-disenador-de-sus-vestidos-de-novia-dos-anos-despues-de-su-boda\/\" data-mrf-recirculation=\"article-body-link\" rel=\"nofollow noopener\" target=\"_blank\">Tamara Falc\u00f3, a quien dise\u00f1\u00f3 hace dos a\u00f1os sus dos vestidos de novia,<\/a> un recuerdo que sell\u00f3 con cari\u00f1o y complicidad. Sin embargo, tal y como la propia marquesa de Gri\u00f1\u00f3n comparti\u00f3 en sus redes sociales, no pudo estar presente en el hist\u00f3rico desfile: \u00abEstoy llorando por perderme el desfile de hoy, que s\u00e9 que va a ser \u00c9PICO, pero qu\u00e9 suerte poder abrazaros anoche. Love you, love you both\u00bb.\u00a0<\/p>\n<p> <img src=\"https:\/\/www.europesays.com\/es\/wp-content\/uploads\/2025\/09\/7ff44cc894e7-dlu591497007.jpg\"   width=\"1024\" height=\"682\" loading=\"lazy\" decoding=\"async\" alt=\"Media Image\" fetchpriority=\"auto\" class=\"image ho-image\"\/>\u00a9 GTRES<\/p>\n<p id=\"eoUaVPf0jR\" data-wc=\"60\">Para Gordon, estar en Madrid es una aut\u00e9ntica \u00abdeclaraci\u00f3n de amor a Espa\u00f1a\u00bb puesto que la colecci\u00f3n integrar\u00e1 el trabajo de artesanos y creativos locales. \u00ab<a class=\"hm-link ho-link\" href=\"https:\/\/www.hola.com\/viajes\/20250718844344\/planes-madrid-guia-hola\/\" data-mrf-recirculation=\"article-body-link\" rel=\"nofollow noopener\" target=\"_blank\">Madrid tiene una energ\u00eda vibrante y una cultura efervescente<\/a>, hogar de innumerables creativos con una visi\u00f3n \u00fanica de la belleza y la alegr\u00eda. <strong>Cada vez que visito Madrid, me recargo de inspiraci\u00f3n\u00bb, confes\u00f3 el dise\u00f1ador.<\/strong><\/p>\n<p> <img src=\"https:\/\/www.europesays.com\/es\/wp-content\/uploads\/2025\/09\/9d61452c1e1d-dlu591497003.jpg\"   width=\"1024\" height=\"682\" loading=\"lazy\" decoding=\"async\" alt=\"Media Image\" fetchpriority=\"auto\" class=\"image ho-image\"\/>\u00a9 GTRES<\/p>\n<p id=\"eQgtc8tQdNL\" data-wc=\"114\">Entre los asistentes, como era de esperar, no pod\u00eda faltar <strong>Isabel Preysler<\/strong>. Leal a la firma de Carolina Herrera y con una estrecha relaci\u00f3n con la familia, se present\u00f3 radiante y llena de alegr\u00eda, preparada para disfrutar de una jornada verdaderamente m\u00e1gica. Para esta ocasi\u00f3n tan especial, eligi\u00f3 un conjunto de dos piezas compuesto por una delicada camisa rosa de cuello barco y una falda con vuelo, confeccionada con la misma tela y estampado que el vestido que luci\u00f3 en la boda de su hija, Tamara Falc\u00f3, con \u00cd\u00f1igo Onieva. El dise\u00f1o, de fondo amarillo, estaba adornado con flores blancas y sutiles detalles verdes, aportando un toque de frescura y elegancia a su look.\u00a0<\/p>\n<p> <img src=\"https:\/\/www.europesays.com\/es\/wp-content\/uploads\/2025\/09\/e639b88cb321-dlu591519010.jpg\"   width=\"1024\" height=\"682\" loading=\"lazy\" decoding=\"async\" alt=\"Isabel Preysler, Manolo Falco y Amparo Corsini\" fetchpriority=\"auto\" class=\"image ho-image\"\/>\u00a9 GTRESIsabel Preysler, Manolo Falco y Amparo Corsini<\/p>\n<p> <img src=\"https:\/\/www.europesays.com\/es\/wp-content\/uploads\/2025\/09\/72d24f7f9c62-dlu591497009.jpg\"   width=\"1024\" height=\"682\" loading=\"lazy\" decoding=\"async\" alt=\"Media Image\" fetchpriority=\"auto\" class=\"image ho-image\"\/>\u00a9 GTRES<\/p>\n<p id=\"eD2fcRLwRH\" data-wc=\"109\">Por su parte, <strong>Nieves \u00c1lvarez\u00a0<\/strong>escogi\u00f3 un vestido midi muy elegante y sofisticado, dise\u00f1ado por Carolina Herrera. El modelo es de tirantes y de corte recto en la parte superior, ajust\u00e1ndose ligeramente al torso para resaltar la figura, creando un efecto fluido y femenino. Adem\u00e1s, cuenta con aplicaciones florales tridimensionales bordadas en seda en color blanco. Complementa el look con unos zapatos de tac\u00f3n en punta y tono plateado, que estilizan la silueta, y un bolso de mano peque\u00f1o del mismo tono. En cuanto a su peinado, ha optado por llevar el pelo liso y suelto y ha dado el toque final con unas grandes gafas de sol negras.\u00a0<\/p>\n<p>  <img src=\"https:\/\/www.europesays.com\/es\/wp-content\/uploads\/2025\/09\/0b3ed0fe88a1-dlu591495058.jpg\"   width=\"682\" height=\"1024\" loading=\"lazy\" decoding=\"async\" alt=\"Media Image\" fetchpriority=\"auto\" class=\"image ho-image\"\/>\u00a9 GTRES<\/p>\n<p>  <img src=\"https:\/\/www.europesays.com\/es\/wp-content\/uploads\/2025\/09\/a5b417151bac-dlu591495059.jpg\"   width=\"682\" height=\"1024\" loading=\"lazy\" decoding=\"async\" alt=\"Media Image\" fetchpriority=\"auto\" class=\"image ho-image\"\/>\u00a9 GTRES<\/p>\n<p class=\"\" id=\"eDdbIA0Iyo_\" data-wc=\"121\">Bajo el intenso sol madrile\u00f1o, donde las temperaturas alcanzaron m\u00e1ximas de 35 grados, tambi\u00e9n hizo su aparici\u00f3n Margarita Vargas. La esposa de Luis Alfonso de Borb\u00f3n opt\u00f3 por un elegante vestido negro con escote de palabra de honor y falda de tul con delicado vuelo. Para complementar su conjunto, eligi\u00f3 un bolso de mano a juego, sandalias plateadas que aportaban un toque brillante y una gargantilla de la que cuelga una perla. \u00abTiene una clase inigualable, lo que te pongas de la firma de la firma, te lo da todo. Tiene mucho porte. Creo que la moda es ser t\u00fa misma y ponerte lo que te sientas bien y yo me siento muy identificada con Carolina\u00bb, ha explicado a su llegada.<\/p>\n<p> <img src=\"https:\/\/www.europesays.com\/es\/wp-content\/uploads\/2025\/09\/7248296606d8-europapress6965741margaritavargasasistedesfilecarolinaherreraplazamayor.jpg\"   width=\"681\" height=\"1024\" loading=\"lazy\" decoding=\"async\" alt=\"Margarita Vargas \" fetchpriority=\"auto\" class=\"image ho-image\"\/>\u00a9 Europa PressMargarita Vargas <\/p>\n<p> <img src=\"https:\/\/www.europesays.com\/es\/wp-content\/uploads\/2025\/09\/c9eb824f6435-dlu591519015.jpg\"   width=\"1024\" height=\"682\" loading=\"lazy\" decoding=\"async\" alt=\"Media Image\" fetchpriority=\"auto\" class=\"image ho-image\"\/>\u00a9 GTRES<\/p>\n<p> <img src=\"https:\/\/www.europesays.com\/es\/wp-content\/uploads\/2025\/09\/8681efddec33-dlu591497002.jpg\"   width=\"1024\" height=\"682\" loading=\"lazy\" decoding=\"async\" alt=\"Media Image\" fetchpriority=\"auto\" class=\"image ho-image\"\/>\u00a9 GTRES<\/p>\n<p data-wc=\"90\" id=\"eQKCALWv6I\">Son numerosos rostros nacionales e internacionales los que se han desplazado hasta el centro de la capital para disfrutar de este \u00a0hito que pasar\u00e1 a la historia de la moda. Alrededor de este ic\u00f3nico complejo porticado que Felipe III mand\u00f3 construir en el siglo XVII, se han reunido numerosos rostros conocidos. Un total de<strong>\u00a0800 invitados, formados por celebrities\u00a0nacionales e internacionales<\/strong>, influencers, empresarios y amigos de la casa. Entre ellos, Nuria March, <strong data-end=\"362\" data-start=\"327\">Olivia Palermo con Johannes Huebl, <strong data-gid=\"eZtKKSqI1H11\">Eugenia Osborne y Luc\u00eda B\u00e1rcena, quien ha presumido de tripita de embarazada.<\/strong><\/strong><\/p>\n<p> <img src=\"https:\/\/www.europesays.com\/es\/wp-content\/uploads\/2025\/09\/4ba280a7f6c8-dlu591495077.jpg\"   width=\"682\" height=\"1024\" loading=\"lazy\" decoding=\"async\" alt=\"Nuria March\" fetchpriority=\"auto\" class=\"image ho-image\"\/>\u00a9 GTRESNuria March<\/p>\n<p> <img src=\"https:\/\/www.europesays.com\/es\/wp-content\/uploads\/2025\/09\/8cc2bcf16228-dlu591495239.jpg\"   width=\"682\" height=\"1024\" loading=\"lazy\" decoding=\"async\" alt=\"Olivia Palermo y Johannes Huebl\" fetchpriority=\"auto\" class=\"image ho-image\"\/>\u00a9 GTRESOlivia Palermo y Johannes Huebl<\/p>\n<p> <img src=\"https:\/\/www.europesays.com\/es\/wp-content\/uploads\/2025\/09\/5c7a9f918097-dlu591495129.jpg\"   width=\"682\" height=\"1024\" loading=\"lazy\" decoding=\"async\" alt=\"Eugenia Osborne\" fetchpriority=\"auto\" class=\"image ho-image\"\/>\u00a9 GTRESEugenia Osborne<\/p>\n<p> <img src=\"https:\/\/www.europesays.com\/es\/wp-content\/uploads\/2025\/09\/94a0cfe3eee5-dlu591495132.jpg\"   width=\"682\" height=\"1024\" loading=\"lazy\" decoding=\"async\" alt=\"Luc\u00eda B\u00e1rcena\" fetchpriority=\"auto\" class=\"image ho-image\"\/>\u00a9 GTRESLuc\u00eda B\u00e1rcena<\/p>\n<p data-wc=\"84\" id=\"e2shs2ZK19\"><a class=\"hm-link ho-link\" href=\"https:\/\/www.hola.com\/fashion\/20250918856626\/carolina-herrera-desfile-madrid-primavera-verano-2026\/\" data-mrf-recirculation=\"article-body-link\" rel=\"nofollow noopener\" target=\"_blank\">La casa Carolina Herrera ha presentado una l\u00ednea ba\u00f1ada por colores c\u00e1lidos<\/a>, entre los que han destacado el rojo, el burdeos, un fucsia electrizante, violeta, lila, rosa, almendra y negro azabache. Ha sido <strong>el cine de Pedro Almod\u00f3var<\/strong>, con sus inesperadas mezclas de estampados y colores de su universo, lo que ha inspirado parte de esta colecci\u00f3n; as\u00ed como mujeres tan ic\u00f3nicas como Paloma Picasso o Cayetana Fitz-James Stuart, duquesa de Alba. Por ello, Eugenia Mart\u00ednez de Irujo no quiso perderse esta cita hist\u00f3rica.\u00a0<\/p>\n<p> <img src=\"https:\/\/www.europesays.com\/es\/wp-content\/uploads\/2025\/09\/c7e7274841f0-dlu591495224.jpg\"   width=\"682\" height=\"1024\" loading=\"lazy\" decoding=\"async\" alt=\"Eugenia Martinez de Irujo y Narcis Rebollo \" fetchpriority=\"auto\" class=\"image ho-image\"\/>\u00a9 GTRESEugenia Martinez de Irujo y Narcis Rebollo <\/p>\n<p> <img src=\"https:\/\/www.europesays.com\/es\/wp-content\/uploads\/2025\/09\/77d7f68f70c1-dlu591519008.jpg\"   width=\"1024\" height=\"682\" loading=\"lazy\" decoding=\"async\" alt=\"Helen Svedin, Eugeinia Martinez de Irujo y Narcis Rebollo&#10;\" fetchpriority=\"auto\" class=\"image ho-image\"\/>\u00a9 GTRESHelen Svedin, Eugeinia Martinez de Irujo y Narcis Rebollo<\/p>\n<p id=\"eyp7mMeSBB\" data-wc=\"67\">Nada m\u00e1s llegar, <strong data-end=\"121\" data-start=\"100\">Karolina Kourkova<\/strong> ha acaparado todos los flashes con un impresionante vestido corto en tono perla, adornado con lunares negros y flores rojas, y rematado con largas lazadas laterales que ca\u00edan hasta el suelo. Quien tampoco ha pasado desapercibida en la alfombra dispuesta para la ocasi\u00f3n ha sido <strong data-end=\"551\" data-start=\"537\">Mar Flores<\/strong>, que ha deslumbrado con un body negro ajustado combinado con una parte inferior de rayas.<\/p>\n<p> <img src=\"https:\/\/www.europesays.com\/es\/wp-content\/uploads\/2025\/09\/fb1fe33c42bc-dlu591495194.jpg\"   width=\"682\" height=\"1024\" loading=\"lazy\" decoding=\"async\" alt=\"Karolina Kourkova\" fetchpriority=\"auto\" class=\"image ho-image\"\/>\u00a9 GTRESKarolina Kourkova<\/p>\n<p> <img src=\"https:\/\/www.europesays.com\/es\/wp-content\/uploads\/2025\/09\/97afda639edd-dlu591495168.jpg\"   width=\"682\" height=\"1024\" loading=\"lazy\" decoding=\"async\" alt=\"Mar Flores\" fetchpriority=\"auto\" class=\"image ho-image\"\/>\u00a9 GTRESMar Flores<\/p>\n<p data-wc=\"102\" id=\"eqKszgUM0AK\">El mundo de la interpretaci\u00f3n tambi\u00e9n se ha dado cita en este destacado evento, aportando un aire de glamour y sofisticaci\u00f3n. La actriz espa\u00f1ola<strong>\u00a0Marta Hazas<\/strong>, radiante y con un elegante mo\u00f1o pulido, luci\u00f3 un favorecedor vestido ajustado con fondo negro y delicados motivos florales en azul, que realzaban a\u00fan m\u00e1s su estilizada figura. Por su parte, <strong>Hiba Abouk, reconocida por su papel en la serie El Pr\u00edncipe, sorprendi\u00f3 con un estilismo de pasarela perteneciente a la colecci\u00f3n primavera\/verano 2025<\/strong>, compuesto por un top halter y unos pantalones negros adornados con exquisitas flores blancas bordadas, un conjunto que conjugaba modernidad y sofisticaci\u00f3n.\u00a0<\/p>\n<p> <img src=\"https:\/\/www.europesays.com\/es\/wp-content\/uploads\/2025\/09\/5acceb7518bd-dlu591495036.jpg\"   width=\"682\" height=\"1024\" loading=\"lazy\" decoding=\"async\" alt=\"Marta Hazas \" fetchpriority=\"auto\" class=\"image ho-image\"\/>\u00a9 GTRESMarta Hazas <\/p>\n<p> <img src=\"https:\/\/www.europesays.com\/es\/wp-content\/uploads\/2025\/09\/138a85b9851e-dlu591495040.jpg\"   width=\"682\" height=\"1024\" loading=\"lazy\" decoding=\"async\" alt=\"Hiba Abouk\" fetchpriority=\"auto\" class=\"image ho-image\"\/>\u00a9 GTRESHiba Abouk<\/p>\n<p id=\"eIQITPFlI4\" data-wc=\"82\">Entre los rostros m\u00e1s destacados de la peque\u00f1a y gran pantalla de nuestro pa\u00eds tambi\u00e9n se encontraba la exitosa int\u00e9rprete de<strong>\u00a0<\/strong>La llamada,<strong>\u00a0Macarena Garc\u00eda, as\u00ed como Elena Rivera<\/strong>, quien en su d\u00eda diera vida a uno de los papeles protagonistas de Cu\u00e9ntame, y que contin\u00faa consolid\u00e1ndose como una de las actrices con mayor proyecci\u00f3n de su generaci\u00f3n. De negro completo tambi\u00e9n ha ido Silvia Alonso, quien se encuentra en plena promoci\u00f3n de su nueva serie, La caza Irati\u00a0de Movistar Plus+.\u00a0<\/p>\n<p> <img src=\"https:\/\/www.europesays.com\/es\/wp-content\/uploads\/2025\/09\/114c9227596b-dlu591495121.jpg\"   width=\"682\" height=\"1024\" loading=\"lazy\" decoding=\"async\" alt=\"Macarena Garc\u00eda\" fetchpriority=\"auto\" class=\"image ho-image\"\/>\u00a9 GTRESMacarena Garc\u00eda<\/p>\n<p> <img src=\"https:\/\/www.europesays.com\/es\/wp-content\/uploads\/2025\/09\/95f728f1198e-dlu591495118.jpg\"   width=\"682\" height=\"1024\" loading=\"lazy\" decoding=\"async\" alt=\"Elena Rivera\" fetchpriority=\"auto\" class=\"image ho-image\"\/>\u00a9 GTRESElena Rivera<\/p>\n<p> <img src=\"https:\/\/www.europesays.com\/es\/wp-content\/uploads\/2025\/09\/da492186fda8-europapress6965722silviaalonsoasistedesfilecarolinaherreraplazamayorco.jpg\"   width=\"681\" height=\"1024\" loading=\"lazy\" decoding=\"async\" alt=\"Silvia Alonso\" fetchpriority=\"auto\" class=\"image ho-image\"\/>\u00a9 Europa PressSilvia Alonso<\/p>\n<p data-wc=\"76\" id=\"eJnkSxy-nB\">La protagonista de Vis a Vis, Najwa Nimri, apost\u00f3 por un conjunto formado por pantal\u00f3n ancho y top de tul con vol\u00famenes y escote en pico. Lucy Hale, int\u00e9rprete de Peque\u00f1as mentirosas, deslumbr\u00f3 con un elegante vestido rojo de tubo y escote palabra de honor. En cuanto a la actriz espa\u00f1ola Ana rujas, ha lucido un sencillo pero elegante vestido ce\u00f1ido en color negro. Tambi\u00e9n han asistido Mar\u00eda Le\u00f3n, Miriam Givanelli, Marti\u00f1o Rivas y Alfonso Bassave.<\/p>\n<p>  <img src=\"https:\/\/www.europesays.com\/es\/wp-content\/uploads\/2025\/09\/eb821cb6ac24-dlu591495049.jpg\"   width=\"682\" height=\"1024\" loading=\"lazy\" decoding=\"async\" alt=\"Lucy Hale\" fetchpriority=\"auto\" class=\"image ho-image\"\/>\u00a9 GTRESLucy Hale<\/p>\n<p>  <img src=\"https:\/\/www.europesays.com\/es\/wp-content\/uploads\/2025\/09\/acd23160b007-dlu591495026.jpg\"   width=\"682\" height=\"1024\" loading=\"lazy\" decoding=\"async\" alt=\"Najwa Nimri\" fetchpriority=\"auto\" class=\"image ho-image\"\/>\u00a9 GTRESNajwa Nimri<\/p>\n<p> <img src=\"https:\/\/www.europesays.com\/es\/wp-content\/uploads\/2025\/09\/1d1bd8d02fbd-dlu591495065.jpg\"   width=\"682\" height=\"1024\" loading=\"lazy\" decoding=\"async\" alt=\"Ana Rujas\" fetchpriority=\"auto\" class=\"image ho-image\"\/>\u00a9 GTRESAna Rujas<\/p>\n<p> <img src=\"https:\/\/www.europesays.com\/es\/wp-content\/uploads\/2025\/09\/80986406bc1d-europapress6965720marialeonasistedesfilecarolinaherreraplazamayorconoc.jpg\"   width=\"681\" height=\"1024\" loading=\"lazy\" decoding=\"async\" alt=\"Mar\u00eda Le\u00f3n\" fetchpriority=\"auto\" class=\"image ho-image\"\/>\u00a9 Europa PressMar\u00eda Le\u00f3n<\/p>\n<p> <img src=\"https:\/\/www.europesays.com\/es\/wp-content\/uploads\/2025\/09\/eb3e17b0d20c-dlu591495097.jpg\"   width=\"682\" height=\"1024\" loading=\"lazy\" decoding=\"async\" alt=\"Miriam Givanelli\" fetchpriority=\"auto\" class=\"image ho-image\"\/>\u00a9 GTRESMiriam Givanelli<\/p>\n<p> <img src=\"https:\/\/www.europesays.com\/es\/wp-content\/uploads\/2025\/09\/d1e0ae78c008-dlu591495083.jpg\"   width=\"682\" height=\"1024\" loading=\"lazy\" decoding=\"async\" alt=\"Marti\u00f1o Rivas\" fetchpriority=\"auto\" class=\"image ho-image\"\/>\u00a9 GTRESMarti\u00f1o Rivas<\/p>\n<p> <img src=\"https:\/\/www.europesays.com\/es\/wp-content\/uploads\/2025\/09\/0abb7441fa16-dlu591495092.jpg\"   width=\"682\" height=\"1024\" loading=\"lazy\" decoding=\"async\" alt=\"Alfonso Bassave\" fetchpriority=\"auto\" class=\"image ho-image\"\/>\u00a9 GTRESAlfonso Bassave<\/p>\n<p id=\"eNdeKXtzNl\" data-wc=\"52\">Durante el desfile no ha faltado un homenaje a la Rosaleda del Retiro y sus rosales, tambi\u00e9n presentes en vestidos de ensue\u00f1o. Dise\u00f1os con mucho movimiento, delicadas puntillas, bordados y pedrer\u00eda. Como es por ejemplo el vestido que ha lucido Aitana S\u00e1nchez Gij\u00f3n, confeccionado en un <strong>tejido azul con estampado de violetas.<\/strong><\/p>\n<p> <img src=\"https:\/\/www.europesays.com\/es\/wp-content\/uploads\/2025\/09\/a55671d34210-dlu591495080.jpg\"   width=\"682\" height=\"1024\" loading=\"lazy\" decoding=\"async\" alt=\"Aitana S\u00e1nchez Gij\u00f3n\" fetchpriority=\"auto\" class=\"image ho-image\"\/>\u00a9 GTRESAitana S\u00e1nchez Gij\u00f3n<\/p>\n<p id=\"eJBL7IIvsM\" data-wc=\"49\">La primera modelo en pisar la pasarela color rosa p\u00e1lido ha sidola espa\u00f1ola Miriam S\u00e1nchez con un vestido negro inspirado en los retratos cortesanos del siglo XVII. En el desfile tambi\u00e9n han participado Esther Ca\u00f1adas, Marina P\u00e9rez, Blanca Padilla, Rolf, Mayka Merino, Julia Pacha, \u00c1frica Pe\u00f1alver o Neus Bermejo.<\/p>\n<p> <img src=\"https:\/\/www.europesays.com\/es\/wp-content\/uploads\/2025\/09\/3214c5203f49-dlu591497010-1.jpg\"   width=\"1024\" height=\"682\" loading=\"lazy\" decoding=\"async\" alt=\"Esther Ca\u00f1adas\" fetchpriority=\"auto\" class=\"image ho-image\"\/>\u00a9 GTRESEsther Ca\u00f1adas<\/p>\n<p> <img src=\"https:\/\/www.europesays.com\/es\/wp-content\/uploads\/2025\/09\/366c063084c8-dlu591518058.jpg\"   width=\"673\" height=\"1024\" loading=\"lazy\" decoding=\"async\" alt=\"Esther Ca\u00f1adas antes de desfilar\" fetchpriority=\"auto\" class=\"image ho-image\"\/>\u00a9 GTRESEsther Ca\u00f1adas antes de desfilar<\/p>\n<p id=\"eNJ6anVDzMM8\" data-wc=\"49\">Entre los numerosos rostros conocidos que se han desplazado hasta la emblem\u00e1tica plaza madrile\u00f1a, tambi\u00e9n destacan figuras como Juan Avellaneda, Lola Lolita, Luis Fonsi, quien lleg\u00f3 acompa\u00f1ado de \u00c1gueda L\u00f3pez, la ic\u00f3nica cantante Jeanette, Carmen Lomana y Palomo Spain, entre muchos otros asistentes que no quisieron perderse este evento.<\/p>\n<p> <img src=\"https:\/\/www.europesays.com\/es\/wp-content\/uploads\/2025\/09\/2f87c6bee096-dlu591495063.jpg\"   width=\"682\" height=\"1024\" loading=\"lazy\" decoding=\"async\" alt=\"Juan Avellaneda\" fetchpriority=\"auto\" class=\"image ho-image\"\/>\u00a9 GTRESJuan Avellaneda<\/p>\n<p> <img src=\"https:\/\/www.europesays.com\/es\/wp-content\/uploads\/2025\/09\/4da1b48d8160-dlu591495060.jpg\"   width=\"682\" height=\"1024\" loading=\"lazy\" decoding=\"async\" alt=\"Lola Lolita\" fetchpriority=\"auto\" class=\"image ho-image\"\/>\u00a9 GTRESLola Lolita<\/p>\n<p> <img src=\"https:\/\/www.europesays.com\/es\/wp-content\/uploads\/2025\/09\/132c13b2039f-dlu591495054.jpg\"   width=\"682\" height=\"1024\" loading=\"lazy\" decoding=\"async\" alt=\"Luis Fonsi y \u00c1gueda L\u00f3pez\" fetchpriority=\"auto\" class=\"image ho-image\"\/>\u00a9 GTRESLuis Fonsi y \u00c1gueda L\u00f3pez<\/p>\n<p> <img src=\"https:\/\/www.europesays.com\/es\/wp-content\/uploads\/2025\/09\/aa74ef5225ed-dlu591495029.jpg\"   width=\"682\" height=\"1024\" loading=\"lazy\" decoding=\"async\" alt=\"Jeanette\" fetchpriority=\"auto\" class=\"image ho-image\"\/>\u00a9 GTRESJeanette<\/p>\n<p> <img src=\"https:\/\/www.europesays.com\/es\/wp-content\/uploads\/2025\/09\/8f8f350e4db8-dlu591495022.jpg\"   width=\"682\" height=\"1024\" loading=\"lazy\" decoding=\"async\" alt=\"Carmen Lomana \" fetchpriority=\"auto\" class=\"image ho-image\"\/>\u00a9 GTRESCarmen Lomana <\/p>\n<p> <img src=\"https:\/\/www.europesays.com\/es\/wp-content\/uploads\/2025\/09\/80cac3144a22-dlu591495044.jpg\"   width=\"682\" height=\"1024\" loading=\"lazy\" decoding=\"async\" alt=\"Palomo Spain \" fetchpriority=\"auto\" class=\"image ho-image\"\/>\u00a9 GTRESPalomo Spain <\/p>\n<p> <img src=\"https:\/\/www.europesays.com\/es\/wp-content\/uploads\/2025\/09\/32137c3cfd7e-dlu591495126.jpg\"   width=\"682\" height=\"1024\" loading=\"lazy\" decoding=\"async\" alt=\"Bibiana Fernandez\" fetchpriority=\"auto\" class=\"image ho-image\"\/>\u00a9 GTRESBibiana Fern\u00e1ndez<\/p>\n<p> <img src=\"https:\/\/www.europesays.com\/es\/wp-content\/uploads\/2025\/09\/7a0b0f1dd010-dlu591495007.jpg\"   width=\"682\" height=\"1024\" loading=\"lazy\" decoding=\"async\" alt=\"Violeta\" fetchpriority=\"auto\" class=\"image ho-image\"\/>\u00a9 GTRESVioleta<\/p>\n<p> <img src=\"https:\/\/www.europesays.com\/es\/wp-content\/uploads\/2025\/09\/84b9b7e3b586-dlu591495178.jpg\"   width=\"682\" height=\"1024\" loading=\"lazy\" decoding=\"async\" alt=\"Rigoberta Bandini\" fetchpriority=\"auto\" class=\"image ho-image\"\/>\u00a9 GTRESRigoberta Bandini<\/p>\n<p id=\"ey3Z34nPI7p\" data-wc=\"141\">La cantante<strong>\u00a0Amaia,\u00a0<\/strong>quien no deja de crecer profesionalmente, ha sido otra de las asistentes. A su llegada y tras posar en le photocall, ha hablado con la prensa: \u00abEstoy en un momento de mi vida, entrando en una nueva etapa a nivel personal. Estoy en un buen momento, como Aitana, que se la ve guap\u00edsima. Mi relaci\u00f3n con Aitana, nuestros caminos se han separado mucho, pero hay much\u00edsimo cari\u00f1o. Nos vimos hace poco en su concierto y fue como volver un poco a los principios. El grupo de Whatsapp de OT, sigue existiendo\u00bb Y hablando de la int\u00e9rprete de Cuando hables con \u00e9l, <strong data-end=\"141\" data-start=\"122\">Sebasti\u00e1n Yatra<\/strong>, quien fuera su pareja, le ha dedicado unas bonitas palabras: \u00abMuy bien, muy feliz. Con Aitana todo est\u00e1 s\u00faper bien\u00bb. A la pregunta de si la quiere o guarda cari\u00f1o, respondi\u00f3 con un tajante \u00abcaro\u00bb.\u00a0<\/p>\n<p> <img src=\"https:\/\/www.europesays.com\/es\/wp-content\/uploads\/2025\/09\/1891ba60b22a-europapress6965735amaiaromeroasistedesfilecarolinaherreraplazamayorcon.jpg\"   width=\"681\" height=\"1024\" loading=\"lazy\" decoding=\"async\" alt=\"Amaia Romero\" fetchpriority=\"auto\" class=\"image ho-image\"\/>\u00a9 Europa PressAmaia Romero<\/p>\n<p> <img src=\"https:\/\/www.europesays.com\/es\/wp-content\/uploads\/2025\/09\/70ad244c3e0e-dlu591495199.jpg\"   width=\"682\" height=\"1024\" loading=\"lazy\" decoding=\"async\" alt=\"Sebasti\u00e1n Yatra\" fetchpriority=\"auto\" class=\"image ho-image\"\/>\u00a9 GTRESSebasti\u00e1n Yatra<\/p>\n","protected":false},"excerpt":{"rendered":"Este jueves 18 de septiembre pasar\u00e1 a la historia.\u00a0La moda internacional ha tenido una cita inigualable en la&hellip;\n","protected":false},"author":2,"featured_media":123889,"comment_status":"","ping_status":"","sticky":false,"template":"","format":"standard","meta":{"footnotes":""},"categories":[174],"tags":[517,40542,255,40541,146,147,25,24,256,23],"class_list":{"0":"post-123888","1":"post","2":"type-post","3":"status-publish","4":"format-standard","5":"has-post-thumbnail","7":"category-famosos","8":"tag-actualidad","9":"tag-carolina-herrera","10":"tag-celebrities","11":"tag-desfiles","12":"tag-entertainment","13":"tag-entretenimiento","14":"tag-es","15":"tag-espana","16":"tag-famosos","17":"tag-spain"},"share_on_mastodon":{"url":"","error":""},"_links":{"self":[{"href":"https:\/\/www.europesays.com\/es\/wp-json\/wp\/v2\/posts\/123888","targetHints":{"allow":["GET"]}}],"collection":[{"href":"https:\/\/www.europesays.com\/es\/wp-json\/wp\/v2\/posts"}],"about":[{"href":"https:\/\/www.europesays.com\/es\/wp-json\/wp\/v2\/types\/post"}],"author":[{"embeddable":true,"href":"https:\/\/www.europesays.com\/es\/wp-json\/wp\/v2\/users\/2"}],"replies":[{"embeddable":true,"href":"https:\/\/www.europesays.com\/es\/wp-json\/wp\/v2\/comments?post=123888"}],"version-history":[{"count":0,"href":"https:\/\/www.europesays.com\/es\/wp-json\/wp\/v2\/posts\/123888\/revisions"}],"wp:featuredmedia":[{"embeddable":true,"href":"https:\/\/www.europesays.com\/es\/wp-json\/wp\/v2\/media\/123889"}],"wp:attachment":[{"href":"https:\/\/www.europesays.com\/es\/wp-json\/wp\/v2\/media?parent=123888"}],"wp:term":[{"taxonomy":"category","embeddable":true,"href":"https:\/\/www.europesays.com\/es\/wp-json\/wp\/v2\/categories?post=123888"},{"taxonomy":"post_tag","embeddable":true,"href":"https:\/\/www.europesays.com\/es\/wp-json\/wp\/v2\/tags?post=123888"}],"curies":[{"name":"wp","href":"https:\/\/api.w.org\/{rel}","templated":true}]}}