{"id":123890,"date":"2025-09-18T22:08:08","date_gmt":"2025-09-18T22:08:08","guid":{"rendered":"https:\/\/www.europesays.com\/es\/123890\/"},"modified":"2025-09-18T22:08:08","modified_gmt":"2025-09-18T22:08:08","slug":"la-inauguracion-de-la-nueva-galeria-casa-de-america-abanca-reune-obras-de-dali-o-picasso-para-abordar-la-migracion","status":"publish","type":"post","link":"https:\/\/www.europesays.com\/es\/123890\/","title":{"rendered":"La inauguraci\u00f3n de la nueva Galer\u00eda Casa de Am\u00e9rica-Abanca re\u00fane obras de Dal\u00ed o Picasso para abordar la migraci\u00f3n"},"content":{"rendered":"<p class=\"article-text\">\n        Una de las grandes proezas del arte reside en su posibilidad de unir diferentes culturas independientemente de la distancia que las separe. Se trata de una haza\u00f1a a la que <a href=\"https:\/\/www.eldiario.es\/madrid\/somos\/casa-america-cancela-tres-proyecciones-embajada-venezolana-despues-presiones-almeida-ayuso_1_12138644.html\" data-mrf-recirculation=\"links-noticia\" class=\"link\" rel=\"nofollow noopener\" target=\"_blank\">Casa de Am\u00e9rica<\/a> hace homenaje en su exposici\u00f3n Arte entre continentes, que sirve como presentaci\u00f3n de la reci\u00e9n estrenada Galer\u00eda de la instituci\u00f3n. Un nuevo convenio entre Casa de Am\u00e9rica y Abanca ha acometido la rehabilitaci\u00f3n de las salas <a href=\"https:\/\/www.eldiario.es\/cultura\/vida-obra-frida-kahlo-exposicion_1_8538360.html\" data-mrf-recirculation=\"links-noticia\" class=\"link\" rel=\"nofollow noopener\" target=\"_blank\">Frida Kahlo<\/a>, Torres Garc\u00eda y Guayasam\u00edn, ubicadas en Casa de Am\u00e9rica, que ahora conjuntamente conforman la denominada Galer\u00eda Casa de Am\u00e9rica-Abanca. La primera muestra de este espacio abre al p\u00fablico desde este viernes 19 de septiembre hasta el pr\u00f3ximo 29 de septiembre.\n    <\/p>\n<p>    <a href=\"https:\/\/www.eldiario.es\/cultura\/arte\/poesia-celebrar-20-anos-matrimonio-igualitario-momento-espana-adelantada-vez_1_12609277.html\" data-mrf-recirculation=\"saber-mas\" data-dl-event=\"saber-mas\" rel=\"nofollow noopener\" target=\"_blank\"><\/p>\n<p class=\"know-more__title\">Poes\u00eda para celebrar los 20 a\u00f1os del matrimonio igualitario, el momento en el que Espa\u00f1a \u00abfue adelantada por una vez\u00bb<\/p>\n<p>            <img decoding=\"async\" class=\"lazy\" loading=\"lazy\" data-src=\"https:\/\/static.eldiario.es\/clip\/d4e23127-8033-4533-9b31-e7053e66ed5a_16-9-aspect-ratio_default_0.jpg\" src=\"data:image\/svg+xml,%3Csvg xmlns=\" http:=\"\" viewbox=\"0 0 880 495\" alt=\"Poes\u00eda para celebrar los 20 a\u00f1os del matrimonio igualitario, el momento en el que Espa\u00f1a &quot;fue adelantada por una vez&quot;\"\/><\/p>\n<p>                        <\/a><\/p>\n<p class=\"article-text\">\n        \u201cNo solo abrimos de nuevo las puertas de nuestras salas de exposici\u00f3n, sino que inauguramos una nueva etapa renovada de Casa de Am\u00e9rica, en la que el arte y el <a href=\"https:\/\/www.eldiario.es\/cultura\/libros\/lucha-migrante-llega-feria-libro-situarse-mapa-territorio-niega-actuacion-seres-culturales_1_12365683.html\" data-mrf-recirculation=\"links-noticia\" class=\"link\" rel=\"nofollow noopener\" target=\"_blank\">di\u00e1logo entre continentes<\/a> se sit\u00faan a\u00fan m\u00e1s en el centro de nuestra programaci\u00f3n\u201d, ha explicado Mois\u00e9s Morera, director de Programaci\u00f3n de la Casa de Am\u00e9rica, a los medios de comunicaci\u00f3n. La remodelaci\u00f3n incluye el saneado y pintado de paredes y techos, la instalaci\u00f3n de un nuevo falso techo que mejora la climatizaci\u00f3n y la ac\u00fastica, as\u00ed como el pulido de las escaleras y la eliminaci\u00f3n de rodapi\u00e9s y otros elementos para hacer del establecimiento un lugar m\u00e1s limpio y uniforme.\n    <\/p>\n<p class=\"article-text\">\n        Asimismo, se ha reforzado la seguridad del espacio para garantizar la protecci\u00f3n de las obras y la tranquilidad de los visitantes, y se ha mejorado sustancialmente la iluminaci\u00f3n que realza su experiencia en las salas y protege las obras que se exponen en ellas. \u201cEstas mejoras no son solo est\u00e9ticas, sino que nos permiten disponer de un espacio de exposici\u00f3n vers\u00e1til y preparado para acoger exposiciones de alt\u00edsima calidad en esta casa\u201d, ha enfatizado Mois\u00e9s Morera, que recalca que se trata de un \u201crecorrido fascinante entre Am\u00e9rica y Europa a trav\u00e9s de la obra de creadores que vivieron el viaje, la migraci\u00f3n y el intercambio cultural como experiencias determinantes en su trayectoria\u201d.\n    <\/p>\n<p>            <img decoding=\"async\" class=\"lazy\" loading=\"lazy\" data-src=\"https:\/\/static.eldiario.es\/clip\/9b1b5e59-ca8d-45c3-b8e0-e0d181118eb7_16-9-discover-aspect-ratio_default_0.jpg\" src=\"data:image\/svg+xml,%3Csvg xmlns=\" http:=\"\" viewbox=\"0 0 1200 675\" alt=\"Una de las obras que se exponen en la exposici\u00f3n 'Arte entre continentes'\"\/><\/p>\n<p class=\"article-text\">\n        Durante las pr\u00f3ximas semanas, en la reci\u00e9n estrenada Galer\u00eda convivir\u00e1n nombres emblem\u00e1ticos como <a href=\"https:\/\/www.eldiario.es\/cultura\/arte\/picasso-artista-no-quiso-separar-vida-obra_1_10099679.html\" data-mrf-recirculation=\"links-noticia\" class=\"link\" rel=\"nofollow noopener\" target=\"_blank\">Picasso<\/a>, Mir\u00f3, <a href=\"https:\/\/www.eldiario.es\/cultura\/salvador-dali-cientifico-recibio-clases_1_1067989.html\" data-mrf-recirculation=\"links-noticia\" class=\"link\" rel=\"nofollow noopener\" target=\"_blank\">Dal\u00ed<\/a> o Eduardo Arroyo, junto con artistas americanos como Luis Seoane, Joaqu\u00edn Torres o Wilfredo Lam. \u201cSus obras nos hablan de exilio, de desplazamiento, de b\u00fasquedas personales y de encuentro con las tradiciones\u201d, resalta Morera, se\u00f1alando que la aspiraci\u00f3n de Casa de Am\u00e9rica es que \u201ceste espacio se convierta en un punto de encuentro vivo para el arte iberoamericano, un lugar donde el p\u00fablico podr\u00e1 reflexionar sobre lo que ve, emocionarse y reconocerse en la riqueza de nuestra historia compartida\u201d.\n    <\/p>\n<p class=\"article-text\">\n        En total, la muestra recoge m\u00e1s de 60 obras, esculturas, pinturas y fotograf\u00edas de la de la colecci\u00f3n Abanca, que es un fondo de una colecci\u00f3n de arte contempor\u00e1neo de m\u00e1s de 1.300 obras de arte. El comisario, Diego Gasc\u00f3n, indica que se ha hecho una \u201cselecci\u00f3n muy preciosa y muy concreta sobre un hilo narrativo claro que es la relaci\u00f3n entre los continentes, entre <a href=\"https:\/\/www.eldiario.es\/cultura\/musica\/europa-vigila-intencion-universal-comprar-compania-le-daria-control-precedentes-industria-musical_1_12513893.html\" data-mrf-recirculation=\"links-noticia\" class=\"link\" rel=\"nofollow noopener\" target=\"_blank\">Europa<\/a> y Am\u00e9rica, y entre los artistas y las obras de la colecci\u00f3n\u201d. La exposici\u00f3n recorre los v\u00ednculos culturales e hist\u00f3ricos que evocan a <a href=\"https:\/\/www.eldiario.es\/cultura\/descolonizar-museo-dedicado-colonizacion-america_1_11563152.html\" data-mrf-recirculation=\"links-noticia\" class=\"link\" rel=\"nofollow noopener\" target=\"_blank\">Am\u00e9rica<\/a> a trav\u00e9s de las tem\u00e1ticas, t\u00edtulos y contenido simb\u00f3lico de las obras, invitando a reflexionar sobre los flujos art\u00edsticos y humanos entre continentes.\n    <\/p>\n<p class=\"article-text\">\n        Entre los cuadros que forman parte de la muestra y que indiganan en c\u00f3mo las relaciones entre culturas han enriquecido el panorama del arte moderno y contempor\u00e1neo se encuentra Wall of Light de Sean Scully, que data de 1999. El artista se nacionaliz\u00f3 estadounidense y dio vida a una de las series m\u00e1s importantes en su producci\u00f3n con dicha obra, realizada a partir de un viaje a M\u00e9xico, en concreto a la pen\u00ednsula de Yucat\u00e1n, donde qued\u00f3 muy impresionado por el efecto que la luz produc\u00eda en las arquitecturas y en las pir\u00e1mides. Esta historia detr\u00e1s del arte, donde los artistas se dejan inspirar por el exilio, la migraci\u00f3n o el viaje entre pa\u00edses, es precisamente el que da sentido al viaje que propone Gasc\u00f3n.\n    <\/p>\n<p>            <img decoding=\"async\" class=\"lazy\" loading=\"lazy\" data-src=\"https:\/\/static.eldiario.es\/clip\/236a188a-ac3b-47d7-8b49-70f57be5e043_16-9-aspect-ratio_default_1126078.jpg\" src=\"data:image\/svg+xml,%3Csvg xmlns=\" http:=\"\" viewbox=\"0 0 3000 1688\" alt=\"Diego Gasc\u00f3n, comisario de la exposici\u00f3n 'Arte entre continentes'\"\/><\/p>\n<p class=\"article-text\">\n        Arte entre continentes pone en el foco a los artistas gallegos en Am\u00e9rica, suponiendo as\u00ed uno de los bloques tem\u00e1ticos m\u00e1s importantes de la exposici\u00f3n. Tomando como punto de partida la obra de Castelao, la muestra indaga en una selecci\u00f3n de piezas de algunos de los protagonistas de la renovaci\u00f3n pict\u00f3rica gallega, vinculada as\u00ed al contexto hist\u00f3rico de la migraci\u00f3n. Autores como Laxeiro, Luis Seoane, Manuel Colmeiro y Arturo Souto, conocidos como Os Novos o \u201crenovadores\u201d de la pl\u00e1stica, desemperaron un papel imprescindible en la definici\u00f3n de una expresi\u00f3n art\u00edstica gallega en di\u00e1logo con las corrientes internacionales, y gran parte de dicha labor se ha desarrollado desde el exilio americano.\n    <\/p>\n<p class=\"article-text\">\n        La colecci\u00f3n Abanca, que cuenta con cinco cuadros de Picasso, trae uno de ellos a la muestra. Aunque el artista tiene menos relaci\u00f3n biogr\u00e1ficamente con Am\u00e9rica que otros nombres como Dal\u00ed o <a href=\"https:\/\/www.eldiario.es\/illes-balears\/cultura\/obra-joan-miro-artista-formas-simples-fuerza-simbolica-no-gran-pintor-generoso_1_12517286.html\" data-mrf-recirculation=\"links-noticia\" class=\"link\" rel=\"nofollow noopener\" target=\"_blank\">Mir\u00f3<\/a>, su obra ha sido fundamental en muchas exposiciones, algunas de ellas enmarc\u00e1ndose dentro del arranque del <a href=\"https:\/\/www.eldiario.es\/cultura\/arte\/aurelia-munoz-artista-conquisto-moma-nueva-york-borrada-espana_1_12607861.html\" data-mrf-recirculation=\"links-noticia\" class=\"link\" rel=\"nofollow noopener\" target=\"_blank\">MoMA de Nueva York<\/a>, por lo que se ha convertido en una gran referencia y en el punto de partida para los artistas de vanguardia americanos, de ah\u00ed a que tambi\u00e9n se encuentre presente en la exposici\u00f3n. Se trata de la obra El pintor y la modelo, perteneciente a su \u00e9poca final, donde se autorretrata y hace un homenaje a la historia de la pintura.\n    <\/p>\n<p>    <a href=\"https:\/\/www.eldiario.es\/cultura\/arte\/exposicion-desenfocada-reivindica-borroso-mejor-medio-retratar-realidad-insoportable_1_12606337.html\" data-mrf-recirculation=\"saber-mas-abajo\" data-dl-event=\"saber-mas-abajo\" rel=\"nofollow noopener\" target=\"_blank\"><\/p>\n<p class=\"know-more__title\">Una exposici\u00f3n &#8216;desenfocada&#8217; reivindica lo borroso como el mejor medio de retratar una realidad insoportable<\/p>\n<p>            <img decoding=\"async\" class=\"lazy\" loading=\"lazy\" data-src=\"https:\/\/static.eldiario.es\/clip\/d2ad6cc7-671c-4cdf-be93-bd66fa493c57_16-9-aspect-ratio_default_0_x574y988.jpg\" src=\"data:image\/svg+xml,%3Csvg xmlns=\" http:=\"\" viewbox=\"0 0 880 495\" alt=\"Una exposici\u00f3n 'desenfocada' reivindica lo borroso como el mejor medio de retratar una realidad insoportable\"\/><\/p>\n<p>                        <\/a><\/p>\n<p class=\"article-text\">\n        Sin embargo, en palabras del comisario Diego Gasc\u00f3n, una de las obras m\u00e1s atractivas de la muestra es Las rosas sangrantes de Salvador Dal\u00ed, que data del 1930, y que probablemente es la m\u00e1s conocida de toda la colecci\u00f3n. Se trata de un cuadro de referencia que ha estado expuesto en el LACMA de Los \u00c1ngeles, en el Museo Nacional de B\u00e9lgica o en el Reina Sof\u00eda. Dal\u00ed vio la oportunidad de llevar sus pinturas y su mundo on\u00edrico a la animaci\u00f3n, y eso lo llev\u00f3 a colaborar con Disney, buscando una nueva forma de enriquecer su arte. De esta manera, antecede al estadounidense Andy Warhol en la idea de explotar el arte hasta todos los niveles, y se convierte en otro de los grandes ejemplos en los que la fusi\u00f3n de culturas acaba dando un resultado m\u00e1gico.\n    <\/p>\n","protected":false},"excerpt":{"rendered":"Una de las grandes proezas del arte reside en su posibilidad de unir diferentes culturas independientemente de la&hellip;\n","protected":false},"author":2,"featured_media":123891,"comment_status":"","ping_status":"","sticky":false,"template":"","format":"standard","meta":{"footnotes":""},"categories":[173],"tags":[11093,889,229,233,231,230,40543,385,9680,232,234,146,147,25,24,9192,9193,892,795,474,559,4984,23],"class_list":{"0":"post-123890","1":"post","2":"type-post","3":"status-publish","4":"format-standard","5":"has-post-thumbnail","7":"category-arte-y-diseno","8":"tag-abordar","9":"tag-america","10":"tag-arte","11":"tag-arte-y-diseno","12":"tag-arts","13":"tag-arts-and-design","14":"tag-avanca","15":"tag-casa","16":"tag-dali","17":"tag-design","18":"tag-diseno","19":"tag-entertainment","20":"tag-entretenimiento","21":"tag-es","22":"tag-espana","23":"tag-galeria","24":"tag-inauguracion","25":"tag-migracion","26":"tag-nueva","27":"tag-obras","28":"tag-picasso","29":"tag-reune","30":"tag-spain"},"share_on_mastodon":{"url":"","error":""},"_links":{"self":[{"href":"https:\/\/www.europesays.com\/es\/wp-json\/wp\/v2\/posts\/123890","targetHints":{"allow":["GET"]}}],"collection":[{"href":"https:\/\/www.europesays.com\/es\/wp-json\/wp\/v2\/posts"}],"about":[{"href":"https:\/\/www.europesays.com\/es\/wp-json\/wp\/v2\/types\/post"}],"author":[{"embeddable":true,"href":"https:\/\/www.europesays.com\/es\/wp-json\/wp\/v2\/users\/2"}],"replies":[{"embeddable":true,"href":"https:\/\/www.europesays.com\/es\/wp-json\/wp\/v2\/comments?post=123890"}],"version-history":[{"count":0,"href":"https:\/\/www.europesays.com\/es\/wp-json\/wp\/v2\/posts\/123890\/revisions"}],"wp:featuredmedia":[{"embeddable":true,"href":"https:\/\/www.europesays.com\/es\/wp-json\/wp\/v2\/media\/123891"}],"wp:attachment":[{"href":"https:\/\/www.europesays.com\/es\/wp-json\/wp\/v2\/media?parent=123890"}],"wp:term":[{"taxonomy":"category","embeddable":true,"href":"https:\/\/www.europesays.com\/es\/wp-json\/wp\/v2\/categories?post=123890"},{"taxonomy":"post_tag","embeddable":true,"href":"https:\/\/www.europesays.com\/es\/wp-json\/wp\/v2\/tags?post=123890"}],"curies":[{"name":"wp","href":"https:\/\/api.w.org\/{rel}","templated":true}]}}