{"id":123894,"date":"2025-09-18T22:11:09","date_gmt":"2025-09-18T22:11:09","guid":{"rendered":"https:\/\/www.europesays.com\/es\/123894\/"},"modified":"2025-09-18T22:11:09","modified_gmt":"2025-09-18T22:11:09","slug":"saurom-vuelven-al-leyendas-del-rock","status":"publish","type":"post","link":"https:\/\/www.europesays.com\/es\/123894\/","title":{"rendered":"SAUROM VUELVEN AL LEYENDAS DEL ROCK"},"content":{"rendered":"<p>\u00a0<\/p>\n<p>\u00a0<\/p>\n<p><strong>SAUROM VUELVEN AL LEYENDAS DEL ROCK<\/strong><br \/>\n<img fetchpriority=\"high\" decoding=\"async\" src=\"https:\/\/www.europesays.com\/es\/wp-content\/uploads\/2025\/09\/saurom500x267.jpg\" alt=\"LEYENDAS DEL ROCK \" width=\"500\" height=\"267\"\/><\/p>\n<p>Esta es la nota oficial, con los detalles:<\/p>\n<p>La emblem\u00e1tica banda andaluza de folk rock no pod\u00eda faltar a la celebraci\u00f3n de nuestro XX aniversario, cumpliendo ellos mismos treinta a\u00f1os de trayectoria en 2026.<\/p>\n<p>Despu\u00e9s de dos \u00e1lbumes m\u00e1gicos como Mester de Juglar\u00eda y El P\u00e1jaro Fantasma, a la banda comandada por Narci Lara le ha sobrado inspiraci\u00f3n para parir una joya como El Principito, con el que han arrasado desde el Movistar Arena de Madrid, hasta el Arena de Ciudad de M\u00e9xico.<\/p>\n<p>En su necesaria visita al <strong>Leyendas<\/strong> prometen un show espectacular, como no pod\u00eda ser menos. Larga vida a <strong>SAUROM<\/strong>.<\/p>\n<p>5-6-7-8 agosto 2026 \u2013 Villena, Alicante (Espa\u00f1a)<br \/>Entradas ya a la venta en <a href=\"https:\/\/www.leyendasdelrockfestival.com\/tickets\/\" target=\"_blank\" rel=\"noopener nofollow\">leyendasdelrockfestival.com<\/a><\/p>\n<p><img loading=\"lazy\" decoding=\"async\" src=\"https:\/\/www.europesays.com\/es\/wp-content\/uploads\/2025\/09\/saurom.jpg\" alt=\"LEYENDAS DEL ROCK \" width=\"500\" height=\"625\"\/><\/p>\n<p>Las bandas confirmadas para la edici\u00f3n 2026:<\/p>\n<ul>\n<li><strong>HELLOWEEN<\/strong>\u00a0(40\u00ba aniversario),<\/li>\n<li><strong>IN FLAMES<\/strong>\u00a0(Festival exclusivo en Espa\u00f1a),<strong>\u00a0<\/strong><\/li>\n<li><strong>SLAUGHTER TO PREVAIL<\/strong>\u00a0(Festival exclusivo en Espa\u00f1a),<\/li>\n<li><strong>GODSMACK<\/strong>\u00a0(Por primera vez en Espa\u00f1a),<\/li>\n<li><strong>WARCRY<\/strong>\u00a0(Festival exclusivo en Espa\u00f1a),<\/li>\n<li><strong>SEPULTURA<\/strong>\u00a0(\u00daltimo show de despedida en Espa\u00f1a),<\/li>\n<li><strong>NOTHING MORE<\/strong>,<\/li>\n<li><strong>DEICIDE<\/strong>,<\/li>\n<li><strong>DARK TRANQUILLITY<\/strong>,<\/li>\n<li><strong>OF MICE &amp; MEN<\/strong>,<\/li>\n<li><strong>MUSHROOMHEAD<\/strong>,<\/li>\n<li><strong>EIHWAR<\/strong>,<\/li>\n<li><strong>CHEZ KANE<\/strong>,<\/li>\n<li><strong>DARK MOOR<\/strong>,<\/li>\n<li><strong>HARDLINE<\/strong><\/li>\n<li><strong>LATZEN<\/strong><\/li>\n<li><strong>HEAVEN SHALL BURN<\/strong><\/li>\n<li><strong>SAVATAGE<\/strong>\u00a0 actuaci\u00f3n exclusiva en Espa\u00f1a<\/li>\n<li><strong>BLACK LABEL SOCIETY<\/strong><\/li>\n<li><strong>SAUROM<\/strong><\/li>\n<\/ul>\n<p>\u00a0<\/p>\n<p>\u00a0<\/p>\n<p>\u00a0<\/p>\n<p>                        Art\u00edculo anterior<a href=\"https:\/\/www.rafabasa.com\/2025\/09\/18\/cronica-y-fotos-de-reaktion-illusion-radity-en-barcelona\/\" rel=\"nofollow noopener\" target=\"_blank\">Cr\u00f3nica y fotos de REAKTION + ILLUSION + RADITY en Barcelona<\/a>Art\u00edculo siguiente<a href=\"https:\/\/www.rafabasa.com\/2025\/09\/18\/cronica-y-fotos-de-smash-into-pieces-fallen-at-dawn-en-madrid\/\" rel=\"nofollow noopener\" target=\"_blank\">Cr\u00f3nica y fotos de SMASH INTO PIECES + FALLEN AT DAWN en Madrid<\/a>            \t                <\/p>\n","protected":false},"excerpt":{"rendered":"\u00a0 \u00a0 SAUROM VUELVEN AL LEYENDAS DEL ROCK Esta es la nota oficial, con los detalles: La emblem\u00e1tica&hellip;\n","protected":false},"author":2,"featured_media":123895,"comment_status":"","ping_status":"","sticky":false,"template":"","format":"standard","meta":{"footnotes":""},"categories":[170],"tags":[146,147,25,24,18289,184,185,37297,23],"class_list":{"0":"post-123894","1":"post","2":"type-post","3":"status-publish","4":"format-standard","5":"has-post-thumbnail","7":"category-musica","8":"tag-entertainment","9":"tag-entretenimiento","10":"tag-es","11":"tag-espana","12":"tag-leyendas-del-rock","13":"tag-music","14":"tag-musica","15":"tag-saurom","16":"tag-spain"},"share_on_mastodon":{"url":"","error":""},"_links":{"self":[{"href":"https:\/\/www.europesays.com\/es\/wp-json\/wp\/v2\/posts\/123894","targetHints":{"allow":["GET"]}}],"collection":[{"href":"https:\/\/www.europesays.com\/es\/wp-json\/wp\/v2\/posts"}],"about":[{"href":"https:\/\/www.europesays.com\/es\/wp-json\/wp\/v2\/types\/post"}],"author":[{"embeddable":true,"href":"https:\/\/www.europesays.com\/es\/wp-json\/wp\/v2\/users\/2"}],"replies":[{"embeddable":true,"href":"https:\/\/www.europesays.com\/es\/wp-json\/wp\/v2\/comments?post=123894"}],"version-history":[{"count":0,"href":"https:\/\/www.europesays.com\/es\/wp-json\/wp\/v2\/posts\/123894\/revisions"}],"wp:featuredmedia":[{"embeddable":true,"href":"https:\/\/www.europesays.com\/es\/wp-json\/wp\/v2\/media\/123895"}],"wp:attachment":[{"href":"https:\/\/www.europesays.com\/es\/wp-json\/wp\/v2\/media?parent=123894"}],"wp:term":[{"taxonomy":"category","embeddable":true,"href":"https:\/\/www.europesays.com\/es\/wp-json\/wp\/v2\/categories?post=123894"},{"taxonomy":"post_tag","embeddable":true,"href":"https:\/\/www.europesays.com\/es\/wp-json\/wp\/v2\/tags?post=123894"}],"curies":[{"name":"wp","href":"https:\/\/api.w.org\/{rel}","templated":true}]}}