{"id":123896,"date":"2025-09-18T22:12:08","date_gmt":"2025-09-18T22:12:08","guid":{"rendered":"https:\/\/www.europesays.com\/es\/123896\/"},"modified":"2025-09-18T22:12:08","modified_gmt":"2025-09-18T22:12:08","slug":"estamos-a-punto-de-ver-por-primera-y-ultima-vez-en-star-wars-un-acontecimiento-imposible-entre-los-skywalker","status":"publish","type":"post","link":"https:\/\/www.europesays.com\/es\/123896\/","title":{"rendered":"Estamos a punto de ver por primera (\u00bfy \u00faltima?) vez en Star Wars un acontecimiento imposible entre los Skywalker"},"content":{"rendered":"<p>Dado que los acontecimientos de <strong>Lego Star Wars: Rebuild the Galaxy: Pieces of the Past<\/strong> rompen cualquier convencionalismo de la galaxia de George Lucas, la serie nos permitir\u00e1 vivir acontecimientos hist\u00f3ricos. Uno de ellos es la <a class=\"text-outboundlink\" href=\"https:\/\/www.vidaextra.com\/series\/uno-lord-sith-queridos-todo-star-wars-al-fin-sera-canon-serie-disney\" data-vars-post-title=\"Es uno de los Lord Sith m\u00e1s queridos de todo Star Wars y al fin ser\u00e1 canon en una serie de Disney+ \" data-vars-post-url=\"https:\/\/www.vidaextra.com\/series\/uno-lord-sith-queridos-todo-star-wars-al-fin-sera-canon-serie-disney\" rel=\"nofollow noopener\" target=\"_blank\">canonizaci\u00f3n total y absoluta del querido Darth Revan<\/a>, pero no ser\u00e1 la \u00fanica cita obligada en Disney+.<\/p>\n<p>Benji Samit, guionista y productor ejecutivo de la producci\u00f3n, ha desvelado que tendremos la ocasi\u00f3n de ver por primera vez en la historia de la saga a Anakin, Padm\u00e9, Luke y Leia Skywalker juntos en pantalla. \u00abEsta puede ser la \u00fanica oportunidad de ver alguna vez a la<strong> familia Skywalker unida<\/strong>, de tener a los cuatro interactuando entre ellos. Sentimos que tal vez podr\u00edamos ser los \u00fanicos en mostrar eso a los fans y a nosotros mismos\u00bb, <a rel=\"noopener, noreferrer nofollow\" href=\"https:\/\/www.starwars.com\/news\/lego-rebuild-the-galaxy-pieces-of-the-past-cast-crew-interview\" target=\"_blank\">ha se\u00f1alado<\/a> el responsable, tal y como recogen desde <a rel=\"noopener, noreferrer nofollow\" href=\"https:\/\/www.gamesradar.com\/entertainment\/star-wars-tv-shows\/new-star-wars-show-will-unite-the-skywalker-family-for-the-first-time-this-may-be-the-only-opportunity-to-ever-see-the-skywalker-family-unit\/\" target=\"_blank\">GamesRadar+<\/a>.<\/p>\n<p>    <a href=\"https:\/\/www.vidaextra.com\/industria\/he-probado-nueva-family-app-playstation-durante-semana-muy-util-esta-ha-sido-mi-experiencia\" class=\"pivot-outboundlink\" data-vars-post-title=\"He probado la nueva Family App de PlayStation durante una semana y es muy \u00fatil. Esta ha sido mi experiencia \" rel=\"nofollow noopener\" target=\"_blank\"><br \/>\n     <img loading=\"lazy\" decoding=\"async\" alt=\"He probado la nueva Family App de PlayStation durante una semana y es muy \u00fatil. Esta ha sido mi experiencia \" width=\"375\" height=\"142\" src=\"https:\/\/i.blogs.es\/4c2f5b\/god-of-war\/375_142.webp\" onerror=\"this.src=\" https:=\"\"\/><br \/>\n    <\/a><\/p>\n<p>Como bien sabe cualquier fan de<strong> Star Wars<\/strong>, este hecho es imposible que suceda. Padm\u00e9 muri\u00f3 nada m\u00e1s dar a luz a sus dos hijos en un momento en el que Anakin ya se hab\u00eda sumergido completamente en el Lado Oscuro. Posteriormente, tanto Luke como Leia conocieron a su padre, pero bajo unas circunstancias muy especiales que no se pueden calificar como una reuni\u00f3n familiar.<\/p>\n<p>Dado que estamos hablando de una suerte de What If?, los creadores de <strong>Lego Star Wars: Rebuild the Galaxy: Pieces of the Past<\/strong> pueden hacer lo que les d\u00e9 la real gana. Eso s\u00ed, Amidala no apareci\u00f3 en la primera temporada y han pensado c\u00f3mo explicar qu\u00e9 le hab\u00eda sucedido en todo este tiempo. \u00ab\u00a1Piratas! Los piratas son una parte muy importante de<strong> <\/strong><strong>Star Wars<\/strong>, pero quer\u00edamos darle nuestro giro m\u00e1s divertido y al estilo Lego, y de ah\u00ed surgi\u00f3 su incorporaci\u00f3n\u00bb, ha desvelado Samit.<\/p>\n<p>Ser\u00e1 el pr\u00f3ximo 19 de septiembre, ma\u00f1ana mismo, cuando la segunta tanda de episodios aterrice en la plataforma de streaming para mostrar una l\u00ednea temporal que encaja en \u00abninguna y todas partes\u00bb de la cronolog\u00eda.<\/p>\n<p>En VidaExtra |\u00a0<a class=\"text-outboundlink\" href=\"https:\/\/www.vidaextra.com\/listas\/todos-videojuegos-star-wars-anunciados-fecha-que-sabemos-ellos\" data-vars-post-title=\"Todos los videojuegos de Star Wars anunciados hasta la fecha y qu\u00e9 sabemos de ellos: de Star Wars Eclipse a Star Wars: Outlaws y el remake de KOTOR\" data-vars-post-url=\"https:\/\/www.vidaextra.com\/listas\/todos-videojuegos-star-wars-anunciados-fecha-que-sabemos-ellos\" rel=\"nofollow noopener\" target=\"_blank\">Todos los videojuegos de Star Wars anunciados hasta la fecha y qu\u00e9 sabemos de ellos: de Star Wars Eclipse a Star Wars: Outlaws y el remake de KOTOR<\/a><\/p>\n<p>En VidaExtra |\u00a0<a class=\"text-outboundlink\" href=\"https:\/\/www.vidaextra.com\/guias-y-trucos\/cronologia-star-wars-orden\" data-vars-post-title=\"Las nueve eras de la cronolog\u00eda Star Wars: del Amanecer de los Jedi a la Nueva Orden\" data-vars-post-url=\"https:\/\/www.vidaextra.com\/guias-y-trucos\/cronologia-star-wars-orden\" rel=\"nofollow noopener\" target=\"_blank\">Las nueve eras de la cronolog\u00eda Star Wars: del Amanecer de los Jedi a la Nueva Orden<\/a><\/p>\n","protected":false},"excerpt":{"rendered":"Dado que los acontecimientos de Lego Star Wars: Rebuild the Galaxy: Pieces of the Past rompen cualquier convencionalismo&hellip;\n","protected":false},"author":2,"featured_media":123897,"comment_status":"","ping_status":"","sticky":false,"template":"","format":"standard","meta":{"footnotes":""},"categories":[169],"tags":[177,146,147,25,24,176,175,23],"class_list":{"0":"post-123896","1":"post","2":"type-post","3":"status-publish","4":"format-standard","5":"has-post-thumbnail","7":"category-cine","8":"tag-cine","9":"tag-entertainment","10":"tag-entretenimiento","11":"tag-es","12":"tag-espana","13":"tag-film","14":"tag-movies","15":"tag-spain"},"share_on_mastodon":{"url":"","error":""},"_links":{"self":[{"href":"https:\/\/www.europesays.com\/es\/wp-json\/wp\/v2\/posts\/123896","targetHints":{"allow":["GET"]}}],"collection":[{"href":"https:\/\/www.europesays.com\/es\/wp-json\/wp\/v2\/posts"}],"about":[{"href":"https:\/\/www.europesays.com\/es\/wp-json\/wp\/v2\/types\/post"}],"author":[{"embeddable":true,"href":"https:\/\/www.europesays.com\/es\/wp-json\/wp\/v2\/users\/2"}],"replies":[{"embeddable":true,"href":"https:\/\/www.europesays.com\/es\/wp-json\/wp\/v2\/comments?post=123896"}],"version-history":[{"count":0,"href":"https:\/\/www.europesays.com\/es\/wp-json\/wp\/v2\/posts\/123896\/revisions"}],"wp:featuredmedia":[{"embeddable":true,"href":"https:\/\/www.europesays.com\/es\/wp-json\/wp\/v2\/media\/123897"}],"wp:attachment":[{"href":"https:\/\/www.europesays.com\/es\/wp-json\/wp\/v2\/media?parent=123896"}],"wp:term":[{"taxonomy":"category","embeddable":true,"href":"https:\/\/www.europesays.com\/es\/wp-json\/wp\/v2\/categories?post=123896"},{"taxonomy":"post_tag","embeddable":true,"href":"https:\/\/www.europesays.com\/es\/wp-json\/wp\/v2\/tags?post=123896"}],"curies":[{"name":"wp","href":"https:\/\/api.w.org\/{rel}","templated":true}]}}