{"id":123903,"date":"2025-09-18T22:16:08","date_gmt":"2025-09-18T22:16:08","guid":{"rendered":"https:\/\/www.europesays.com\/es\/123903\/"},"modified":"2025-09-18T22:16:08","modified_gmt":"2025-09-18T22:16:08","slug":"ios-26-agota-la-bateria-de-los-iphone-a-una-velocidad-de-vertigo","status":"publish","type":"post","link":"https:\/\/www.europesays.com\/es\/123903\/","title":{"rendered":"iOS 26 agota la bater\u00eda de los iPhone a una velocidad de v\u00e9rtigo"},"content":{"rendered":"<p>El pasado lunes por la tarde iOS 26 comenzaba a llegar a los <b>iPhone <\/b>compatibles. Ha bastado este tiempo para que los primeros usuarios hayan mostrado su descontento con el rendimiento del tel\u00e9fono, sobre todo a nivel de autonom\u00eda. Esta parece que se ha desplomado justo desde el momento en el que se ha instalado la nueva versi\u00f3n del sistema operativo de Apple. Algo que se une a otros fallos, que algunos usuarios est\u00e1n experimentando, y que parece va a m\u00e1s con el paso de las horas.<\/p>\n<p>La bater\u00eda se agota r\u00e1pidamente con iOS 26<\/p>\n<p>No solo en redes, sino que en mi caso, en el c\u00edrculo de personas cercano, son ya varias personas las que han notado que la autonom\u00eda de sus iPhone se ha desplomado desde que se han actualizado al nuevo sistema.<\/p>\n<p>Ya sean modelos como los iPhone 16 o incluso iPhone 14, han notado una reducci\u00f3n notable de las horas que el tel\u00e9fono puede permanecer encendido con una carga completa. Concretamente, estos testimonios aseguran que mientras que con iOS<b> tras un intervalo de uso similar, contar\u00eda con alrededor de un 75% de bater\u00eda restante, en el caso de iOS 26 esta es de alrededor del 40% o 45%<\/b>, por lo que la reducci\u00f3n de autonom\u00eda es notable.<\/p>\n<p>Comunicado de Apple<\/p>\n<p>La <b><a title=\"propia compa\u00f1\u00eda se ha hecho eco de estos problemas\" href=\"https:\/\/support.apple.com\/en-us\/125039\" target=\"_blank\" rel=\"nofollow noopener\">propia compa\u00f1\u00eda se ha hecho eco de estos problemas<\/a><\/b>, y ha reconocido que existen problemas en el nuevo sistema operativo. Para Apple, estos problemas de autonom\u00eda se explican por la <b>adaptaci\u00f3n del tel\u00e9fono al sistema operativo tras la instalaci\u00f3n<\/b>. Esto implica una reducci\u00f3n de la autonom\u00eda, as\u00ed como un aumento temporal de la temperatura.<\/p>\n<p><img loading=\"lazy\" decoding=\"async\" title=\"Los nuevos iPhone 17\" alt=\"Los nuevos iPhone 17\" width=\"480\" height=\"270\" src=\"https:\/\/www.europesays.com\/es\/wp-content\/uploads\/2025\/09\/nuevos-iphone-17_70.jpg\"\/> Los nuevos iPhone 17 | Apple <\/p>\n<p>Otros procesos, como<b> indexar los archivos del sistema, descargas adicionales del sistema, actualizaci\u00f3n de apps o la finalizaci\u00f3n de la instalaci\u00f3n en segundo plano<\/b> pueden estar detr\u00e1s de este mayor consumo de energ\u00eda. Por tanto, no hablan de que vaya a haber una actualizaci\u00f3n para solventar el problema, sino que con el paso de los d\u00edas y a medida que la actualizaci\u00f3n se complete, deber\u00edan desaparecer estos problemas.<\/p>\n<p>Problemas generalizados tras actualizar<\/p>\n<p>Los testimonios relativos a la autonom\u00eda son numerosos en las redes, pero hay mucho m\u00e1s, con problemas de todo tipo sobrevenidos tras actualizarse. Tambi\u00e9n en el c\u00edrculo cercano hay usuarios que han comprobado c\u00f3mo<b> tras actualizar a iOS 26, su tel\u00e9fono tambi\u00e9n ha reducido su rendimiento, mostr\u00e1ndose mucho m\u00e1s lento<\/b>, con pantallas congeladas, y segundos en los que la interfaz se muestra perezosa.<\/p>\n<p>En redes los comentarios acerca del desastre que ha supuesto la actualizaci\u00f3n para sus m\u00f3viles son numerosos. Estos reportan problemas como decimos en la propia <b>interfaz del sistema, m\u00e1s lenta y torpe en general<\/b>. Es verdad que no solo Apple, sino en el caso de pr\u00e1cticamente la totalidad de fabricantes, estos problemas son habituales tras actualizar el sistema operativo. As\u00ed que solo queda cruzar los dedos, y que con el paso de los d\u00edas, los iPhone poco a poco vayan ajustando la demanda de energ\u00eda, a medida que la exigencia de recursos de hardware se reduce.<\/p>\n<p>   <img decoding=\"async\" title=\"Ray-Ban Meta Display\" alt=\"Ray-Ban Meta Display\" width=\"480\" height=\"270\" src=\"https:\/\/www.europesays.com\/es\/wp-content\/uploads\/2025\/09\/ray-ban-meta-display_70.jpg\" loading=\"lazy\" class=\"lazy\"\/><\/p>\n","protected":false},"excerpt":{"rendered":"El pasado lunes por la tarde iOS 26 comenzaba a llegar a los iPhone compatibles. Ha bastado este&hellip;\n","protected":false},"author":2,"featured_media":123904,"comment_status":"","ping_status":"","sticky":false,"template":"","format":"standard","meta":{"footnotes":""},"categories":[81],"tags":[119,123,124,25,24,117,121,122,23,118,120],"class_list":{"0":"post-123903","1":"post","2":"type-post","3":"status-publish","4":"format-standard","5":"has-post-thumbnail","7":"category-ciencia-y-tecnologia","8":"tag-ciencia","9":"tag-ciencia-y-tecnologia","10":"tag-cienciaytecnologia","11":"tag-es","12":"tag-espana","13":"tag-science","14":"tag-science-and-technology","15":"tag-scienceandtechnology","16":"tag-spain","17":"tag-technology","18":"tag-tecnologia"},"share_on_mastodon":{"url":"","error":""},"_links":{"self":[{"href":"https:\/\/www.europesays.com\/es\/wp-json\/wp\/v2\/posts\/123903","targetHints":{"allow":["GET"]}}],"collection":[{"href":"https:\/\/www.europesays.com\/es\/wp-json\/wp\/v2\/posts"}],"about":[{"href":"https:\/\/www.europesays.com\/es\/wp-json\/wp\/v2\/types\/post"}],"author":[{"embeddable":true,"href":"https:\/\/www.europesays.com\/es\/wp-json\/wp\/v2\/users\/2"}],"replies":[{"embeddable":true,"href":"https:\/\/www.europesays.com\/es\/wp-json\/wp\/v2\/comments?post=123903"}],"version-history":[{"count":0,"href":"https:\/\/www.europesays.com\/es\/wp-json\/wp\/v2\/posts\/123903\/revisions"}],"wp:featuredmedia":[{"embeddable":true,"href":"https:\/\/www.europesays.com\/es\/wp-json\/wp\/v2\/media\/123904"}],"wp:attachment":[{"href":"https:\/\/www.europesays.com\/es\/wp-json\/wp\/v2\/media?parent=123903"}],"wp:term":[{"taxonomy":"category","embeddable":true,"href":"https:\/\/www.europesays.com\/es\/wp-json\/wp\/v2\/categories?post=123903"},{"taxonomy":"post_tag","embeddable":true,"href":"https:\/\/www.europesays.com\/es\/wp-json\/wp\/v2\/tags?post=123903"}],"curies":[{"name":"wp","href":"https:\/\/api.w.org\/{rel}","templated":true}]}}