{"id":123909,"date":"2025-09-18T22:19:05","date_gmt":"2025-09-18T22:19:05","guid":{"rendered":"https:\/\/www.europesays.com\/es\/123909\/"},"modified":"2025-09-18T22:19:05","modified_gmt":"2025-09-18T22:19:05","slug":"el-gobierno-garantiza-los-proyectos-de-hidrogeno-verde-y-la-electrificacion-de-los-puertos-andaluces","status":"publish","type":"post","link":"https:\/\/www.europesays.com\/es\/123909\/","title":{"rendered":"El Gobierno garantiza los proyectos de hidr\u00f3geno verde y la electrificaci\u00f3n de los puertos andaluces"},"content":{"rendered":"<p style=\"\">La reuni\u00f3n entre el secretario de estado de Energ\u00eda,<strong> Joan Groizard<\/strong>, y el consejero andaluz de Industria, Energ\u00eda y Minas,<strong> Jorge Paradela<\/strong>, para analizar qu\u00e9 inversiones se llevar\u00e1n a cabo en las redes el\u00e9ctricas de la regi\u00f3n ha abierto una v\u00eda  &#8230; para empezar a solventar las carencias que arrastra este territorio. El borrador que elabora el Ministerio para la Transici\u00f3n Ecol\u00f3gica <strong>recoge varias de las necesidades detectadas por la Junta, pero \u00abno todas<\/strong> y a\u00fan queda mucho trabajo por hacer\u00ab, ha comentado Paradela tras salir del encuentro del que ha dado pocos detalles.<\/p>\n<p class=\"voc-p\" style=\"\">El Ministerio para la Transici\u00f3n Ecol\u00f3gica ha concretado por su lado que la propuesta de planificaci\u00f3n \u00abpermitir\u00e1 avanzar a Andaluc\u00eda en esta senda de descarbonizaci\u00f3n, habilitando la conexi\u00f3n de nuevas instalaciones de energ\u00edas renovables y almacenamiento\u00bb. Tambi\u00e9n plantea un crecimiento de la capacidad de las redes andaluzas, <strong>posibilitando la materializaci\u00f3n de grandes proyectos de hidr\u00f3geno, nuevos ejes ferroviarios<\/strong> y la electrificaci\u00f3n de puertos, entre otras actividades productivas, junto con nuevas promociones inmobiliarias y residenciales.<\/p>\n<p class=\"voc-p\" style=\"\">Entre las propuestas concretas que ya incluye el borrador est\u00e1 la  vertebraci\u00f3n del territorio, con nuevos tendidos y mallados de las redes, <strong>como en Ja\u00e9n, desde Baza hasta Manzanares<\/strong>. Muchas de estas actuaciones tendr\u00e1n especial incidencia en \u00e1reas rurales, atrayendo nuevo tejido empresarial y generando oportunidades de desarrollo socioecon\u00f3mico ligadas a la transici\u00f3n energ\u00e9tica.<\/p>\n<p class=\"voc-p\" style=\"\">Lo que no se ha incluido en el borrador, seg\u00fan informa la Junta, son las nuevas ampliaciones en tres subestaciones de las provincias de M\u00e1laga, Granada y Huelva para dar respuesta a iniciativas industriales, as\u00ed como la construcci\u00f3n de una subestaci\u00f3n en la provincia de Sevilla. Asimismo, ha planteado dos nuevas l\u00edneas de 400 kV, una en Ja\u00e9n y otra en Granada. En total, nuevas inversiones que el Gobierno andaluz plantear\u00e1 en el periodo de consulta p\u00fablica que abrir\u00e1 el Ministerio en las pr\u00f3ximas semanas y <strong>que suman una inversi\u00f3n adicional superior a los 100 millones.<\/strong><\/p>\n<p class=\"voc-p\" style=\"\">Esta es s\u00f3lo una parte de lo que Andaluc\u00eda propon\u00eda para la futura Planificaci\u00f3n de Electricidad con horizonte 2030, pero el consejero ha valorado la nueva forma de trabajar del Ministerio y, sobre todo, el montante de 13.600 millones de euros que se ha reservado. No obstante, seguir\u00e1 reclamando que la inversi\u00f3n en la regi\u00f3n est\u00e9 a la altura de lo que aporta. \u00ab<strong>Pensemos que en tan s\u00f3lo tres a\u00f1os Andaluc\u00eda ha aportado siete gigavatios (GW) de energ\u00eda limpia instalada nueva<\/strong>, siete gigavatios con una progresi\u00f3n muy fuerte en el \u00faltimo a\u00f1o y dif\u00edcilmente ser\u00eda posible cumplir los objetivos del plan nacional sin esta aportaci\u00f3n\u00ab, ha se\u00f1alado Paradela.<\/p>\n<p class=\"voc-p\" style=\"\">Tambi\u00e9n ha recalcado que \u00abtodo eso ha sido posible a pesar de que nuestra infraestructura de partida es muy inferior,<strong> concretamente contamos con un 40% menos de red de transporte el\u00e9ctrico por habitante que la media de Espa\u00f1a<\/strong>, que es como se suele medir\u00ab. Por eso considera que \u00bbahora es el momento de corregir esa situaci\u00f3n\u00ab, especialmente por la manera en la que funciona nuestro mercado, de manera unificada. \u00bbSin la aportaci\u00f3n de Andaluc\u00eda el precio de la electricidad ser\u00eda muy dif\u00edcil de gestionar al nivel adecuado\u00ab, ha comentado en relaci\u00f3n a la gran cantidad de energ\u00eda renovable, mucho m\u00e1s barata de producir, que equilibra la factura de la luz. <\/p>\n<p>\nLa propuesta andaluza\n<\/p>\n<p class=\"voc-p\" style=\"\">Andaluc\u00eda solicit\u00f3 hace m\u00e1s de un a\u00f1o al Gobierno central la construcci\u00f3n de seis subestaciones, 88 nuevas posiciones (que son nuevos puntos o configuraciones de conmutaci\u00f3n y control) y ocho nuevas l\u00edneas de doble circuito en la red de transporte como principales actuaciones sobre la red de transporte del sistema el\u00e9ctrico. El gobierno regional estima que todo <strong>eso supondr\u00e1 una inversi\u00f3n de 544 millones de euros a ejecutar hasta 2030. <\/strong><\/p>\n<p class=\"voc-p\" style=\"\">El departamento de Paradela ha presentado como m\u00e1xima prioridad la situaci\u00f3n de las cuatro \u00e1reas geogr\u00e1ficas con mayor d\u00e9ficit de inversiones entre la que est\u00e1 la ciudad de Ja\u00e9n y otros 23 municipios. En concreto, estas cuatro \u00e1reas se corresponden con la conexi\u00f3n Baza-\u00dabeda-Manzanares (Castilla-La Mancha) en la provincia de Ja\u00e9n para dar apoyo a la distribuci\u00f3n y a la generaci\u00f3n de renovables en el sur de Ja\u00e9n (Mazuelos) por ser una de las zonas que cuenta con menos infraestructuras; de la conexi\u00f3n Lancha-Pe\u00f1arroya-Maguilla (Extremadura) en la provincia de C\u00f3rdoba, donde adem\u00e1s se piden desarrollos en Los Pedroches y Alto Guadiato, y un nuevo eje de interconexi\u00f3n con Sevilla; de la conexi\u00f3n Costa de la Luz-Puebla de Guzm\u00e1n-Brovales (Extremadura) en la provincia de Huelva para la evacuaci\u00f3n renovable y atender la demanda de la Faja Pir\u00edtica; y de la conexi\u00f3n Arcos-Cartuja y otras actuaciones para mejorar la seguridad del suministro, dar respuesta a proyectos industriales y renovables en la provincia de C\u00e1diz.<\/p>\n<p>\nAndaluc\u00eda parte de una situaci\u00f3n de desventaja\n<\/p>\n<p class=\"voc-p\" style=\"\">Adem\u00e1s de las anteriores infraestructuras, tambi\u00e9n se han solicitado inversiones para el resto de las provincias andaluzas como, por ejemplo, en M\u00e1laga y Granada una nueva l\u00ednea para mejorar la seguridad del sistema y atender <strong>el crecimiento de la comarca de la Axarqu\u00eda y de la Costa Tropical;<\/strong> en Sevilla una nueva conexi\u00f3n estructural de 400 kV que incrementar\u00e1 el mallado de la red, har\u00e1 aflorar nueva capacidad de evacuaci\u00f3n renovable y permitir\u00e1 el acceso a nuevas demandas industriales; y en Almer\u00eda la Junta ha exigido la ejecuci\u00f3n de las actuaciones ya comprometidas en la anterior planificaci\u00f3n para dar robustez al sistema en la provincia y que no se han ejecutado, adem\u00e1s de la ampliaci\u00f3n de posiciones en varias subestaciones para atender renovables y proyectos industriales.<\/p>\n<p class=\"voc-p\" style=\"\">A esos 544 millones deber\u00e1 sumarse, adem\u00e1s, el valor de las infraestructuras estrat\u00e9gicas que asuma el Ministerio de forma directa, como<strong> las necesarias para el desarrollo ferroviario por parte de Adif,<\/strong> as\u00ed como las actuaciones contempladas para Andaluc\u00eda en la planificaci\u00f3n energ\u00e9tica 2021-2026 -en vigor- que a\u00fan no han sido ejecutadas, que suponen una inversi\u00f3n estimada de 282 millones de euros.<\/p>\n<p class=\"voc-p\" style=\"\">El consejero ha puesto sobre la mesa que Andaluc\u00eda parte de una clara situaci\u00f3n de desventaja respecto a otras comunidades aut\u00f3nomas, ya que \u00abla densidad de la red de transporte se sit\u00faa un 40% por debajo de los valores medios peninsulares\u00bb, contando con 742 kil\u00f3metros de red por mill\u00f3n de habitantes frente a los 1.242 kil\u00f3metros de media, seg\u00fan los datos a cierre de 2022.<\/p>\n","protected":false},"excerpt":{"rendered":"La reuni\u00f3n entre el secretario de estado de Energ\u00eda, Joan Groizard, y el consejero andaluz de Industria, Energ\u00eda&hellip;\n","protected":false},"author":2,"featured_media":123910,"comment_status":"","ping_status":"","sticky":false,"template":"","format":"standard","meta":{"footnotes":""},"categories":[8],"tags":[20086,17,18,39365,25,24,13,14,4339,582,11,40547,19,20,9,10,15,16,2239,13833,23,12,21,22,1049],"class_list":{"0":"post-123909","1":"post","2":"type-post","3":"status-publish","4":"format-standard","5":"has-post-thumbnail","7":"category-espana","8":"tag-andaluces","9":"tag-breaking-news","10":"tag-breakingnews","11":"tag-electrificacion","12":"tag-es","13":"tag-espana","14":"tag-featured-news","15":"tag-featurednews","16":"tag-garantiza","17":"tag-gobierno","18":"tag-headlines","19":"tag-hidrogeno","20":"tag-latest-news","21":"tag-latestnews","22":"tag-news","23":"tag-noticias","24":"tag-noticias-destacadas","25":"tag-noticiasdestacadas","26":"tag-proyectos","27":"tag-puertos","28":"tag-spain","29":"tag-titulares","30":"tag-ultimas-noticias","31":"tag-ultimasnoticias","32":"tag-verde"},"share_on_mastodon":{"url":"","error":""},"_links":{"self":[{"href":"https:\/\/www.europesays.com\/es\/wp-json\/wp\/v2\/posts\/123909","targetHints":{"allow":["GET"]}}],"collection":[{"href":"https:\/\/www.europesays.com\/es\/wp-json\/wp\/v2\/posts"}],"about":[{"href":"https:\/\/www.europesays.com\/es\/wp-json\/wp\/v2\/types\/post"}],"author":[{"embeddable":true,"href":"https:\/\/www.europesays.com\/es\/wp-json\/wp\/v2\/users\/2"}],"replies":[{"embeddable":true,"href":"https:\/\/www.europesays.com\/es\/wp-json\/wp\/v2\/comments?post=123909"}],"version-history":[{"count":0,"href":"https:\/\/www.europesays.com\/es\/wp-json\/wp\/v2\/posts\/123909\/revisions"}],"wp:featuredmedia":[{"embeddable":true,"href":"https:\/\/www.europesays.com\/es\/wp-json\/wp\/v2\/media\/123910"}],"wp:attachment":[{"href":"https:\/\/www.europesays.com\/es\/wp-json\/wp\/v2\/media?parent=123909"}],"wp:term":[{"taxonomy":"category","embeddable":true,"href":"https:\/\/www.europesays.com\/es\/wp-json\/wp\/v2\/categories?post=123909"},{"taxonomy":"post_tag","embeddable":true,"href":"https:\/\/www.europesays.com\/es\/wp-json\/wp\/v2\/tags?post=123909"}],"curies":[{"name":"wp","href":"https:\/\/api.w.org\/{rel}","templated":true}]}}