{"id":123913,"date":"2025-09-18T22:21:17","date_gmt":"2025-09-18T22:21:17","guid":{"rendered":"https:\/\/www.europesays.com\/es\/123913\/"},"modified":"2025-09-18T22:21:17","modified_gmt":"2025-09-18T22:21:17","slug":"tenemos-que-adaptarnos-ya-la-liga-no-espera","status":"publish","type":"post","link":"https:\/\/www.europesays.com\/es\/123913\/","title":{"rendered":"Tenemos que adaptarnos ya, la Liga no espera"},"content":{"rendered":"<p>El Balonmano Soria no pudo comenzar su nueva andadura por la Divisi\u00f3n de Plata con un buen resultado, cayendo en casa por 29-40 con Eivissa. Un resultado que hay que dejar atr\u00e1s para centrarse en la\u00a0salida en la Ciudad Condal ante el Bar\u00e7a Atletic el s\u00e1bado a las 16.30 horas.<\/p>\n<p><a target=\"_blank\" href=\"https:\/\/www.desdesoria.es\/ads\/20250917071933876250\" rel=\"nofollow noopener\"> <img loading=\"lazy\" decoding=\"async\" src=\"https:\/\/www.europesays.com\/es\/wp-content\/uploads\/2025\/09\/1758225625_788_2025091707180676234.gif\" alt=\"Publicidad 876250\" width=\"728\" height=\"90\" class=\"lazyload\" \/> <\/a><\/p>\n<p>Para Oriol Castellarnau, t\u00e9cnico amarillo, lo importante es analizar el c\u00f3mo de la derrota, ya que el equipo ha hecho autocr\u00edtica y ahora est\u00e1 \u00abfocalizado\u00bb en el pr\u00f3ximo rival. En ese an\u00e1lisis, est\u00e1 un buen inicio de partido, siguiendo el plan de juego, donde el equipo no logr\u00f3 marcharse en el marcador, algo que en cierto mudo \u00abfrustr\u00f3\u00bb al equipo, sobre todo cuando los ibicencos s\u00ed encarrilaron varios parciales. \u00abEso nos hizo da\u00f1o, no nos supimos reponer\u00bb.<\/p>\n<p>Aunque una derrota abultada siempre duele, lo cierto es que los amarillos tienen que aterrizar en la categor\u00eda, aunque Oriol es rotundo: \u00abTenemos que adaptarnos ya, la Liga no espera. Los t\u00e9cnicos tambi\u00e9n tenemos que cambiar el lenguaje y fijarnos en lo que podemos controlar. Los rivales tambi\u00e9n juegan y tenemos que centrarnos en lo que hacemos\u00bb, valora. La derrota ha supuesto tambi\u00e9n un aprendizaje, y ahora toca buscar las debilidades del Bar\u00e7a para aprovechar las fortalezas sorianas.<\/p>\n<p>Sobre el cuadro cul\u00e9, Castellarnau tiene claro que es un rival muy diferente a Eivissa. \u00abSon muy completos, j\u00f3venes y corren mucho, ser\u00e1 importante replegar r\u00e1pido\u00bb, augura, as\u00ed como controlar las p\u00e9rdidas de bal\u00f3n. Precisamente por la velocidad de juego, habr\u00e1 muchos momentos de partido, y el t\u00e9cnico quiere que los suyos est\u00e9n preparados para todas las situaciones, porque un partido as\u00ed no permite \u00abdesconectar\u00bb.<\/p>\n<p>Lo que el preparador tiene claro es que su equipo \u00abest\u00e1 al nivel\u00bb de la competici\u00f3n, entrenando \u00abmuy bien\u00bb. \u00abHay mucho talento, ahora tenemos que aprender para asentarnos y sacar lo que queremos\u00bb, comenta, en un duelo donde Rub\u00e9n y Enrique son duda y Jon baja.<\/p>\n<p>En la misma l\u00ednea est\u00e1 el meta Paco Revuelta, que cree que el equipo sufri\u00f3 \u00abun golpe de realidad y humildad\u00bb con la derrota. \u00abCada fin de semana es un mundo. Hay que competir cada partido. Ahora toca calma y disciplina que los resultados llegar\u00e1n\u00bb.<\/p>\n","protected":false},"excerpt":{"rendered":"El Balonmano Soria no pudo comenzar su nueva andadura por la Divisi\u00f3n de Plata con un buen resultado,&hellip;\n","protected":false},"author":2,"featured_media":123914,"comment_status":"","ping_status":"","sticky":false,"template":"","format":"standard","meta":{"footnotes":""},"categories":[278],"tags":[376,168,25,24,375,23,167],"class_list":{"0":"post-123913","1":"post","2":"type-post","3":"status-publish","4":"format-standard","5":"has-post-thumbnail","7":"category-balonmano","8":"tag-balonmano","9":"tag-deportes","10":"tag-es","11":"tag-espana","12":"tag-handball","13":"tag-spain","14":"tag-sports"},"share_on_mastodon":{"url":"","error":""},"_links":{"self":[{"href":"https:\/\/www.europesays.com\/es\/wp-json\/wp\/v2\/posts\/123913","targetHints":{"allow":["GET"]}}],"collection":[{"href":"https:\/\/www.europesays.com\/es\/wp-json\/wp\/v2\/posts"}],"about":[{"href":"https:\/\/www.europesays.com\/es\/wp-json\/wp\/v2\/types\/post"}],"author":[{"embeddable":true,"href":"https:\/\/www.europesays.com\/es\/wp-json\/wp\/v2\/users\/2"}],"replies":[{"embeddable":true,"href":"https:\/\/www.europesays.com\/es\/wp-json\/wp\/v2\/comments?post=123913"}],"version-history":[{"count":0,"href":"https:\/\/www.europesays.com\/es\/wp-json\/wp\/v2\/posts\/123913\/revisions"}],"wp:featuredmedia":[{"embeddable":true,"href":"https:\/\/www.europesays.com\/es\/wp-json\/wp\/v2\/media\/123914"}],"wp:attachment":[{"href":"https:\/\/www.europesays.com\/es\/wp-json\/wp\/v2\/media?parent=123913"}],"wp:term":[{"taxonomy":"category","embeddable":true,"href":"https:\/\/www.europesays.com\/es\/wp-json\/wp\/v2\/categories?post=123913"},{"taxonomy":"post_tag","embeddable":true,"href":"https:\/\/www.europesays.com\/es\/wp-json\/wp\/v2\/tags?post=123913"}],"curies":[{"name":"wp","href":"https:\/\/api.w.org\/{rel}","templated":true}]}}