{"id":123915,"date":"2025-09-18T22:22:17","date_gmt":"2025-09-18T22:22:17","guid":{"rendered":"https:\/\/www.europesays.com\/es\/123915\/"},"modified":"2025-09-18T22:22:17","modified_gmt":"2025-09-18T22:22:17","slug":"corrida-de-toros-mixta-en-ugijar-granada","status":"publish","type":"post","link":"https:\/\/www.europesays.com\/es\/123915\/","title":{"rendered":"Corrida de toros mixta en Ugijar (Granada)"},"content":{"rendered":"<p>Hoy ha sido presentado el cartel de la <strong>Feria de Ugijar<\/strong> en la que al final ha quedado cerrado con una m\u00e1s que interesante corrida de toros mixta con un rejoneador y tres y dos matadores de toros nuevos por estos lares.<\/p>\n<p>As\u00ed con toros de la ganader\u00eda de <strong>J\u00f3dar y Ruchena\u00a0<\/strong> har\u00e1n el pase\u00edllo, el rejoneador <strong>Andr\u00e9s Romero<\/strong> y los matadores de toros <strong>Jos\u00e9 Garrido y Filiberto Mart\u00ednez<\/strong>.<\/p>\n<p>Se\u00f1alar que tanto rejoneador como los matadores de toros son nuevos por estas tierras granadinas.<\/p>\n<p>Este festejo se celebrar\u00e1 el pr\u00f3ximo d\u00eda <strong>domingo 12 de octubre a partir de las 16:30 de la tarde<\/strong>.<br \/>Una vez m\u00e1s este festejo cuenta con la colaboraci\u00f3n del Ayuntamiento de la mencionada localidad.<\/p>\n<p>Inform\u00f3 : ROGELIO BURNAO. Ugijar.<\/p>\n","protected":false},"excerpt":{"rendered":"Hoy ha sido presentado el cartel de la Feria de Ugijar en la que al final ha quedado&hellip;\n","protected":false},"author":2,"featured_media":123916,"comment_status":"","ping_status":"","sticky":false,"template":"","format":"standard","meta":{"footnotes":""},"categories":[277],"tags":[373,168,25,24,23,167,374],"class_list":{"0":"post-123915","1":"post","2":"type-post","3":"status-publish","4":"format-standard","5":"has-post-thumbnail","7":"category-toreo","8":"tag-bullfighting","9":"tag-deportes","10":"tag-es","11":"tag-espana","12":"tag-spain","13":"tag-sports","14":"tag-toreo"},"share_on_mastodon":{"url":"","error":""},"_links":{"self":[{"href":"https:\/\/www.europesays.com\/es\/wp-json\/wp\/v2\/posts\/123915","targetHints":{"allow":["GET"]}}],"collection":[{"href":"https:\/\/www.europesays.com\/es\/wp-json\/wp\/v2\/posts"}],"about":[{"href":"https:\/\/www.europesays.com\/es\/wp-json\/wp\/v2\/types\/post"}],"author":[{"embeddable":true,"href":"https:\/\/www.europesays.com\/es\/wp-json\/wp\/v2\/users\/2"}],"replies":[{"embeddable":true,"href":"https:\/\/www.europesays.com\/es\/wp-json\/wp\/v2\/comments?post=123915"}],"version-history":[{"count":0,"href":"https:\/\/www.europesays.com\/es\/wp-json\/wp\/v2\/posts\/123915\/revisions"}],"wp:featuredmedia":[{"embeddable":true,"href":"https:\/\/www.europesays.com\/es\/wp-json\/wp\/v2\/media\/123916"}],"wp:attachment":[{"href":"https:\/\/www.europesays.com\/es\/wp-json\/wp\/v2\/media?parent=123915"}],"wp:term":[{"taxonomy":"category","embeddable":true,"href":"https:\/\/www.europesays.com\/es\/wp-json\/wp\/v2\/categories?post=123915"},{"taxonomy":"post_tag","embeddable":true,"href":"https:\/\/www.europesays.com\/es\/wp-json\/wp\/v2\/tags?post=123915"}],"curies":[{"name":"wp","href":"https:\/\/api.w.org\/{rel}","templated":true}]}}