{"id":123917,"date":"2025-09-18T22:24:08","date_gmt":"2025-09-18T22:24:08","guid":{"rendered":"https:\/\/www.europesays.com\/es\/123917\/"},"modified":"2025-09-18T22:24:08","modified_gmt":"2025-09-18T22:24:08","slug":"rafa-campos-sera-papa-por-segunda-ocasion","status":"publish","type":"post","link":"https:\/\/www.europesays.com\/es\/123917\/","title":{"rendered":"Rafa Campos ser\u00e1 pap\u00e1 por segunda ocasi\u00f3n"},"content":{"rendered":"<p>El golfista puertorrique\u00f1o <b>Rafael \u201cRafa\u201d Campos<\/b> y su esposa Stephanie Casanova anunciaron que <b>ser\u00e1n padres por segunda ocasi\u00f3n.<\/b><\/p>\n<p>L<b>a pareja, que el pr\u00f3ximo noviembre celebrar\u00e1 el primer cumplea\u00f1os de su primog\u00e9nita, Paola Isabel, espera ahora la llegada de un var\u00f3n<\/b> para el 2026, seg\u00fan anunciaron a trav\u00e9s de una emotiva publicaci\u00f3n en las redes sociales. <\/p>\n<p>\u201cMi esposa y yo estamos sumamente felices y agradecidos por esta nueva bendici\u00f3n que Dios nos regala. Con nuestra princesa, poder vivir la experiencia de ser padres por primera vez ha sido incre\u00edble, y ahora, con la llegada de nuestro hijo, sentimos que nuestra familia se completa de una manera muy especial\u201d, expres\u00f3 Campos en declaraciones escritas.<\/p>\n<ol class=\"list-items-wrapper\">\n<li class=\"ArticleTeaser ArticleTeaser--bullets u-section--deportes ContentRecirculation__item\"><a href=\"https:\/\/www.primerahora.com\/deportes\/otros\/notas\/rafa-campos-iniciara-el-2025-en-un-torneo-especial\/\" rel=\"nofollow noopener\" target=\"_blank\">Rafa Campos iniciar\u00e1 el 2025 en un torneo \u201cespecial\u201d<\/a><\/li>\n<li class=\"ArticleTeaser ArticleTeaser--bullets u-section--deportes ContentRecirculation__item\"><a href=\"https:\/\/www.primerahora.com\/deportes\/otros\/notas\/rafa-campos-celebrara-esta-semana-con-su-gente\/\" rel=\"nofollow noopener\" target=\"_blank\">Rafa Campos celebrar\u00e1 esta semana con su gente<\/a><\/li>\n<li class=\"ArticleTeaser ArticleTeaser--bullets u-section--deportes ContentRecirculation__item\"><a href=\"https:\/\/www.primerahora.com\/deportes\/otros\/notas\/rafa-campos-gana-su-primera-copa-en-el-tour-pga\/\" rel=\"nofollow noopener\" target=\"_blank\">Rafa Campos gana su primera copa en el Tour PGA<\/a><\/li>\n<li class=\"ArticleTeaser ArticleTeaser--bullets u-section--deportes ContentRecirculation__item\"><a href=\"https:\/\/www.primerahora.com\/deportes\/otros\/notas\/nace-la-hija-del-golfista-boricua-rafa-campos\/\" rel=\"nofollow noopener\" target=\"_blank\">Nace la hija del golfista boricua Rafa Campos<\/a><\/li>\n<\/ol>\n<p>El anuncio llega en un momento clave en la carrera profesional de Rafa, quien <b>concluy\u00f3 la temporada regular 2025 del PGA Tour en el puesto 188 del FedExCup Standings<\/b> tras competir en el Wyndham Championship en Greensboro, Carolina del Norte.<\/p>\n<p>Actualmente, Campos disputa la <b>temporada de oto\u00f1o del PGA Tour<\/b>, dise\u00f1ada para que los jugadores clasificados entre los puestos 71 al 200 puedan mejorar su posicionamiento con miras a entrar dentro de los primeros 100 y asegurar estatus completo para la temporada 2026.<\/p>\n<p>Despu\u00e9s de su participaci\u00f3n el pasado fin de semana en el Procore Championship de PGA Tour en Napa, California, Rafa continuar\u00e1 su agenda con una serie de torneos claves:<\/p>\n<p>\u2022<b> Sanderson Farms Championship<\/b> (2 de octubre \u2013 Jackson, Mississippi)<\/p>\n<p>\u2022 <b>Bank of Utah Championship<\/b> (23-26 de octubre \u2013 Ivins, Utah)<\/p>\n<p>\u2022 <b>World Wide Technology Championship<\/b> (6-9 de noviembre \u2013 Los Cabos, M\u00e9xico)<\/p>\n<p>\u2022 <b>Butterfield Bermuda Championship<\/b> (13-16 de noviembre), torneo que gan\u00f3 en 2024<\/p>\n<p>\u2022<b> RSM Classic<\/b> (20-23 de noviembre \u2013 St. Simons Island, Georgia)<\/p>\n<p>Independientemente de sus resultados este oto\u00f1o, R<b>afa cuenta con la seguridad de competir en todos los torneos regulares de la temporada 2026 del PGA Tour gracias a su hist\u00f3rica victoria en Bermuda en 2024, la cual le otorg\u00f3 exenci\u00f3n por dos a\u00f1os.<\/b><\/p>\n<p>\u201cEste ha sido un tiempo de mucho aprendizaje y crecimiento, tanto en mi carrera como en mi vida personal. Ser pap\u00e1 me ha dado un prop\u00f3sito m\u00e1s grande, y ahora con la llegada de nuestro segundo beb\u00e9 me siento con m\u00e1s motivaci\u00f3n para seguir representando a Puerto Rico en el PGA Tour\u201d, a\u00f1adi\u00f3 el golfista de 37 a\u00f1os.<\/p>\n","protected":false},"excerpt":{"rendered":"El golfista puertorrique\u00f1o Rafael \u201cRafa\u201d Campos y su esposa Stephanie Casanova anunciaron que ser\u00e1n padres por segunda ocasi\u00f3n.&hellip;\n","protected":false},"author":2,"featured_media":123918,"comment_status":"","ping_status":"","sticky":false,"template":"","format":"standard","meta":{"footnotes":""},"categories":[275],"tags":[3473,168,25,24,329,40548,23,167],"class_list":{"0":"post-123917","1":"post","2":"type-post","3":"status-publish","4":"format-standard","5":"has-post-thumbnail","7":"category-golf","8":"tag-bebes","9":"tag-deportes","10":"tag-es","11":"tag-espana","12":"tag-golf","13":"tag-rafa-campos","14":"tag-spain","15":"tag-sports"},"share_on_mastodon":{"url":"","error":""},"_links":{"self":[{"href":"https:\/\/www.europesays.com\/es\/wp-json\/wp\/v2\/posts\/123917","targetHints":{"allow":["GET"]}}],"collection":[{"href":"https:\/\/www.europesays.com\/es\/wp-json\/wp\/v2\/posts"}],"about":[{"href":"https:\/\/www.europesays.com\/es\/wp-json\/wp\/v2\/types\/post"}],"author":[{"embeddable":true,"href":"https:\/\/www.europesays.com\/es\/wp-json\/wp\/v2\/users\/2"}],"replies":[{"embeddable":true,"href":"https:\/\/www.europesays.com\/es\/wp-json\/wp\/v2\/comments?post=123917"}],"version-history":[{"count":0,"href":"https:\/\/www.europesays.com\/es\/wp-json\/wp\/v2\/posts\/123917\/revisions"}],"wp:featuredmedia":[{"embeddable":true,"href":"https:\/\/www.europesays.com\/es\/wp-json\/wp\/v2\/media\/123918"}],"wp:attachment":[{"href":"https:\/\/www.europesays.com\/es\/wp-json\/wp\/v2\/media?parent=123917"}],"wp:term":[{"taxonomy":"category","embeddable":true,"href":"https:\/\/www.europesays.com\/es\/wp-json\/wp\/v2\/categories?post=123917"},{"taxonomy":"post_tag","embeddable":true,"href":"https:\/\/www.europesays.com\/es\/wp-json\/wp\/v2\/tags?post=123917"}],"curies":[{"name":"wp","href":"https:\/\/api.w.org\/{rel}","templated":true}]}}