{"id":123921,"date":"2025-09-18T22:27:15","date_gmt":"2025-09-18T22:27:15","guid":{"rendered":"https:\/\/www.europesays.com\/es\/123921\/"},"modified":"2025-09-18T22:27:15","modified_gmt":"2025-09-18T22:27:15","slug":"colapinto-en-alerta-un-virus-sacude-el-paddock-de-la-f1-en-baku","status":"publish","type":"post","link":"https:\/\/www.europesays.com\/es\/123921\/","title":{"rendered":"Colapinto en alerta: un virus sacude el paddock de la F1 en Bak\u00fa"},"content":{"rendered":"<p>&#13;<br \/>\n                    &#13;<br \/>\n                        &#13;<br \/>\n&#13;<\/p>\n<p>George Russell debi\u00f3 ausentarse del Media Day del Gran Premio de Azerbaiyan y en Europa aseguran que no ser\u00eda el \u00fanico afectado en la categor\u00eda reina del automovilismo. <\/p>\n<p>&#13;<br \/>\n<img decoding=\"async\" class=\"mainImg r16x9\" width=\"416\" height=\"234\" fetchpriority=\"high\" src=\"https:\/\/www.europesays.com\/es\/wp-content\/uploads\/2025\/09\/1758234432_47_colapinto_416x234.webp\"  alt=\"Colapinto\" title=\"Colapinto\"\/> Colapinto regresa a Bak\u00fa para el Gran Premio de Azerbaiy\u00e1n, circuito donde logr\u00f3 sus primeros puntos en la F1. (Jayce Illman\/Getty Images).<\/p>\n<p><b>Franco Colapinto est\u00e1 de regreso en Bak\u00fa para el <a onclick=\"ga4SelectContentEvent(&quot;Colapinto en alerta: un virus sacude el paddock de la F1 en Bak\\u00fa&quot;, &quot;Automovilismo&quot;, &quot;Nota&quot;);\" href=\"https:\/\/www.tycsports.com\/automovilismo\/colapinto-en-el-gp-de-azerbaiyan-en-f1-horarios-y-cronograma-completo-id686558.html\" target=\"_blank\" rel=\"nofollow noopener\">Gran Premio de Azerbaiy\u00e1n de la F\u00f3rmula 1<\/a><\/b>, <a onclick=\"ga4SelectContentEvent(&quot;Colapinto en alerta: un virus sacude el paddock de la F1 en Bak\\u00fa&quot;, &quot;Automovilismo&quot;, &quot;Nota&quot;);\" href=\"https:\/\/www.tycsports.com\/automovilismo\/colapinto-williams-baku-futuro-formula-1-id686874.html\" target=\"_blank\" rel=\"nofollow noopener\">carrera donde en 2024 logr\u00f3 sus primeros puntos<\/a>. En v\u00edsperas al inicio de las actividades, <b>en el padocck se encendieron todas las alarmas por un virus<\/b> que impidi\u00f3 a George Russell ser parte del Media Day y afect\u00f3 a varios miembros de la categor\u00eda reina del automovilismo.\u00a0<\/p>\n<p>&#13;<\/p>\n<p>        Seg\u00fan SoyMotor, <b>el piloto de Mercedes se encuentra afectado por un cuadro viral <\/b>por el cual desde la escuder\u00eda germana tomaron la determinaci\u00f3n de que no sea parte de las actividades con la prensa y las primeras pruebas junto al resto del equipo.<\/p>\n<p>\u00ab<b>Desafortunadamente, George no se encuentra bien y no podr\u00e1 descansar hoy antes de la carrera de pista de ma\u00f1ana<\/b>\u00ab, indicaron las Flecha Plateadas al informar a sus fan\u00e1ticos del motivo de su ausencia en las actividades caracter\u00edsticas del jueves.<\/p>\n<p><img decoding=\"async\" class=\"mainImg\" fetchpriority=\"low\" loading=\"lazy\" src=\"https:\/\/www.europesays.com\/es\/wp-content\/uploads\/2025\/09\/george-russell-mercedes-_w862.webp.webp\" alt=\"George Russell - Mercedes \" title=\"George Russell - Mercedes \"\/> George Russell no fue parte del Media Day del Gran Premio de Azerabiy\u00e1n de la F\u00f3rmula 1 y encendi\u00f3 todas las alarmas. (Kym Illman\/Getty Images)<\/p>\n<p>        De momento <b>se desconoce si Russell podr\u00e1 ser parte del inicio a los entrenamiento libres <\/b>de este viernes y lo que resta del fin de semana, aunque <b>en el mundo de la F\u00f3rmula 1 crece el temor<\/b> en lo que respecta al resto de los pilotos.\u00a0<\/p>\n<p><b>Miembros de otros equipos tambi\u00e9n se vieron afectados <\/b>y la preocupaci\u00f3n se esparse debido a que <b>casi todos los part\u00edcipes, dentro y fuera de la pista, se encuentran alojados en un mismo hotel<\/b>, el cual ser\u00eda el<b> epicentro del virus <\/b>que impidi\u00f3 a Russell participar.\u00a0<\/p>\n<p class=\"subs-tag\">&#13;<br \/>\n            &#13;<br \/>\n            &#13;<br \/>\n            &#13;<br \/>\n            &#13;<br \/>\n            &#13;<br \/>\n         No te pierdas nada<\/p>\n<p>        &#13;<br \/>\n            Recib\u00ed las \u00faltimas noticias de F1 \u00a1y m\u00e1s!    &#13;<br \/>\n    &#13;<\/p>\n<p>&#13;<br \/>\n    &#13;<br \/>\n       &#13;<br \/>\n&#13;<br \/>\n        Te puede interesar<a href=\"https:\/\/www.tycsports.com\/automovilismo\/colapinto-camiseta-boca-gp-baku-formula-1-id686957.html\" onclick=\"ga4SelectContentEvent(&quot;Colapinto sorprendi\\u00f3 con la camiseta de Boca, antes del GP de Bak\\u00fa&quot;,&quot;Automovilismo&quot;,&quot;page_nota-comun-2024-blo_4109&quot;,&quot;Federico Zbogar&quot;);\" class=\"cardImageHolder\" rel=\"nofollow noopener\" target=\"_blank\">&#13;<br \/>\n                    &#13;<br \/>\n                    &#13;<br \/>\n                <img decoding=\"async\" class=\"cardImage r16x9\" width=\"416\" height=\"234\" fetchpriority=\"low\" loading=\"lazy\" src=\"https:\/\/www.europesays.com\/es\/wp-content\/uploads\/2025\/09\/franco-colapinto-con-la-camiseta-de-boca_416x234.webp\"  alt=\"Colapinto sorprendi\u00f3 con la camiseta de Boca, antes del GP de Bak\u00fa\" title=\"Colapinto sorprendi\u00f3 con la camiseta de Boca, antes del GP de Bak\u00fa\"\/><\/a><a href=\"https:\/\/www.tycsports.com\/automovilismo\/colapinto-en-el-gp-de-azerbaiyan-en-f1-en-vivo-donde-ver-por-tv-y-online-id686561.html\" onclick=\"ga4SelectContentEvent(&quot;Colapinto en el GP de Azerbaiy\\u00e1n en F1, EN VIVO: d\\u00f3nde ver por TV y ONLINE&quot;,&quot;Automovilismo&quot;,&quot;page_nota-comun-2024-blo_4109&quot;,&quot;Lautaro Mourin&quot;);\" class=\"cardImageHolder\" rel=\"nofollow noopener\" target=\"_blank\"><img decoding=\"async\" class=\"cardImage r16x9\" width=\"416\" height=\"234\" fetchpriority=\"low\" loading=\"lazy\" src=\"https:\/\/www.europesays.com\/es\/wp-content\/uploads\/2025\/07\/colapinto-en-el-gp-de-belgica-de-f1-en-vivo-donde-ver-por-tv-y-online_416x234.webp.webp\"  alt=\"Colapinto en el GP de Azerbaiy\u00e1n en F1, EN VIVO: d\u00f3nde ver por TV y ONLINE\" title=\"Colapinto en el GP de Azerbaiy\u00e1n en F1, EN VIVO: d\u00f3nde ver por TV y ONLINE\"\/><\/a><a href=\"https:\/\/www.tycsports.com\/automovilismo\/el-guri-martinez-vuelve-al-tc-pick-up-en-parana-id686919.html\" onclick=\"ga4SelectContentEvent(&quot;El Gur\\u00ed Mart\\u00ednez vuelve al TC Pick Up en Paran\\u00e1&quot;,&quot;Automovilismo&quot;,&quot;page_nota-comun-2024-blo_4109&quot;,&quot;Juan Manuel Collazo&quot;);\" class=\"cardImageHolder\" rel=\"nofollow noopener\" target=\"_blank\"><img decoding=\"async\" class=\"cardImage r16x9\" width=\"416\" height=\"234\" fetchpriority=\"low\" loading=\"lazy\" src=\"https:\/\/www.europesays.com\/es\/wp-content\/uploads\/2025\/09\/guri-martinez_416x234.webp\"  alt=\"El Gur\u00ed Mart\u00ednez vuelve al TC Pick Up en Paran\u00e1\" title=\"El Gur\u00ed Mart\u00ednez vuelve al TC Pick Up en Paran\u00e1\"\/><\/a><a href=\"https:\/\/www.tycsports.com\/automovilismo\/el-futuro-de-yuki-tsunoda-en-la-formula-1-en-duda-no-podemos-hacer-mucho-mas-por-el-id686883.html\" onclick=\"ga4SelectContentEvent(&quot;El futuro de Tsunoda en la F1, en duda: \\&quot;No podemos hacer mucho m\\u00e1s por \\u00e9l\\&quot;&quot;,&quot;Automovilismo&quot;,&quot;page_nota-comun-2024-blo_4109&quot;,&quot;Federico Gullo&quot;);\" class=\"cardImageHolder\" rel=\"nofollow noopener\" target=\"_blank\">&#13;<br \/>\n                    &#13;<br \/>\n                    &#13;<br \/>\n                <img decoding=\"async\" class=\"cardImage r16x9\" width=\"416\" height=\"234\" fetchpriority=\"low\" loading=\"lazy\" src=\"https:\/\/www.europesays.com\/es\/wp-content\/uploads\/2025\/09\/yuki-tsunoda_416x234.webp.webp\"  alt=\"El futuro de Tsunoda en la F1, en duda: &quot;No podemos hacer mucho m\u00e1s por \u00e9l&quot;\" title=\"El futuro de Tsunoda en la F1, en duda: &quot;No podemos hacer mucho m\u00e1s por \u00e9l&quot;\"\/><\/a><a href=\"https:\/\/www.tycsports.com\/automovilismo\/colapinto-williams-baku-futuro-formula-1-id686874.html\" onclick=\"ga4SelectContentEvent(&quot;Colapinto record\\u00f3 su gran carrera con Williams en Bak\\u00fa y habl\\u00f3 sobre su futuro en la F1&quot;,&quot;Automovilismo&quot;,&quot;page_nota-comun-2024-blo_4109&quot;,&quot;Tiziano Pascale&quot;);\" class=\"cardImageHolder\" rel=\"nofollow noopener\" target=\"_blank\">&#13;<br \/>\n                    &#13;<br \/>\n                    &#13;<br \/>\n                <img decoding=\"async\" class=\"cardImage r16x9\" width=\"416\" height=\"234\" fetchpriority=\"low\" loading=\"lazy\" src=\"https:\/\/www.europesays.com\/es\/wp-content\/uploads\/2025\/09\/1758234434_387_franco-colapinto_416x234.webp.webp\"  alt=\"Colapinto record\u00f3 su gran carrera con Williams en Bak\u00fa y habl\u00f3 sobre su futuro en la F1\" title=\"Colapinto record\u00f3 su gran carrera con Williams en Bak\u00fa y habl\u00f3 sobre su futuro en la F1\"\/><\/a><a href=\"https:\/\/www.tycsports.com\/automovilismo\/f1-horarios-de-colapinto-en-las-practicas-libres-del-gp-de-azerbaiyan-y-donde-ver-id686396.html\" onclick=\"ga4SelectContentEvent(&quot;Colapinto en las pr\\u00e1cticas libres en el GP de Azerbaiy\\u00e1n: lo que hay que saber&quot;,&quot;Automovilismo&quot;,&quot;page_nota-comun-2024-blo_4109&quot;,&quot;Lucila Ferreyra&quot;);\" class=\"cardImageHolder\" rel=\"nofollow noopener\" target=\"_blank\"><img decoding=\"async\" class=\"cardImage r16x9\" width=\"416\" height=\"234\" fetchpriority=\"low\" loading=\"lazy\" src=\"https:\/\/www.europesays.com\/es\/wp-content\/uploads\/2025\/09\/1757932508_109_colapinto_416x234.webp\"  alt=\"Colapinto en las pr\u00e1cticas libres en el GP de Azerbaiy\u00e1n: lo que hay que saber\" title=\"Colapinto en las pr\u00e1cticas libres en el GP de Azerbaiy\u00e1n: lo que hay que saber\"\/><\/a>&#13;<br \/>\n&#13;<br \/>\n    &#13;<br \/>\n&#13;<br \/>\n&#13;<br \/>\n                  &#13;<\/p>\n","protected":false},"excerpt":{"rendered":"&#13; &#13; &#13; &#13; George Russell debi\u00f3 ausentarse del Media Day del Gran Premio de Azerbaiyan y en&hellip;\n","protected":false},"author":2,"featured_media":123922,"comment_status":"","ping_status":"","sticky":false,"template":"","format":"standard","meta":{"footnotes":""},"categories":[270],"tags":[1763,168,25,24,306,271,272,23,167],"class_list":{"0":"post-123921","1":"post","2":"type-post","3":"status-publish","4":"format-standard","5":"has-post-thumbnail","7":"category-formula-1","8":"tag-automovilismo","9":"tag-deportes","10":"tag-es","11":"tag-espana","12":"tag-f1","13":"tag-formula-1","14":"tag-formula1","15":"tag-spain","16":"tag-sports"},"share_on_mastodon":{"url":"","error":""},"_links":{"self":[{"href":"https:\/\/www.europesays.com\/es\/wp-json\/wp\/v2\/posts\/123921","targetHints":{"allow":["GET"]}}],"collection":[{"href":"https:\/\/www.europesays.com\/es\/wp-json\/wp\/v2\/posts"}],"about":[{"href":"https:\/\/www.europesays.com\/es\/wp-json\/wp\/v2\/types\/post"}],"author":[{"embeddable":true,"href":"https:\/\/www.europesays.com\/es\/wp-json\/wp\/v2\/users\/2"}],"replies":[{"embeddable":true,"href":"https:\/\/www.europesays.com\/es\/wp-json\/wp\/v2\/comments?post=123921"}],"version-history":[{"count":0,"href":"https:\/\/www.europesays.com\/es\/wp-json\/wp\/v2\/posts\/123921\/revisions"}],"wp:featuredmedia":[{"embeddable":true,"href":"https:\/\/www.europesays.com\/es\/wp-json\/wp\/v2\/media\/123922"}],"wp:attachment":[{"href":"https:\/\/www.europesays.com\/es\/wp-json\/wp\/v2\/media?parent=123921"}],"wp:term":[{"taxonomy":"category","embeddable":true,"href":"https:\/\/www.europesays.com\/es\/wp-json\/wp\/v2\/categories?post=123921"},{"taxonomy":"post_tag","embeddable":true,"href":"https:\/\/www.europesays.com\/es\/wp-json\/wp\/v2\/tags?post=123921"}],"curies":[{"name":"wp","href":"https:\/\/api.w.org\/{rel}","templated":true}]}}