{"id":123925,"date":"2025-09-18T22:29:08","date_gmt":"2025-09-18T22:29:08","guid":{"rendered":"https:\/\/www.europesays.com\/es\/123925\/"},"modified":"2025-09-18T22:29:08","modified_gmt":"2025-09-18T22:29:08","slug":"informacion-sobre-el-plan-de-movilidad-para-el-partido-ante-la-real-sociedad","status":"publish","type":"post","link":"https:\/\/www.europesays.com\/es\/123925\/","title":{"rendered":"Informaci\u00f3n sobre el Plan de Movilidad para el partido ante la Real Sociedad"},"content":{"rendered":"<p>El Ayuntamiento de Sevilla y el resto de organismos y entidades p\u00fablicas -TUSSAM, RENFE y Estadio La Cartuja- han informado de las principales novedades de cara al encuentro ante la Real Sociedad, as\u00ed como los horarios de los trenes de cercan\u00edas tanto para la ida como para la vuelta. \u00c9stas son las novedades:\u00a0<\/p>\n<p>1)\tAparcamientos P7 Norte, P7 Sur y aparcamientos de la Avenida Carlos III (PB01, PB02, PB03 y PB04, tambi\u00e9n denominados P8.1, P8.2, P8.3 y P8.4). A partir de este partido ante la Real Sociedad ser\u00e1n de libre acceso para optimizar su espacio teniendo en cuenta que muchas de las plazas reservadas quedaban sin ocuparse. Por tanto, no ser\u00e1 necesario reservar previamente como hab\u00eda ocurrido en los partidos ante el Deportivo Alav\u00e9s y el Athletic Club.\u00a0<\/p>\n<p>El personal de organizaci\u00f3n y control de La Cartuja abrir\u00e1 las puertas a las 15:00 horas\u00a0y se podr\u00e1 acceder libremente y de forma gratuita hasta completar su capacidad. En caso de que se ocupen en su totalidad, la Polic\u00eda regular\u00e1 el flujo de tr\u00e1fico y derivar\u00e1 a los aficionados a otras zonas. En este sentido, es importante tener en cuenta los accesos a estas plazas para facilitar la llegada y la salida y evitar aglomeraciones. M\u00e1s informaci\u00f3n\u00a0<a href=\"https:\/\/www.realbetisbalompie.es\/noticias\/actualidad\/los-aparcamientos-p7-y-carlos-iii-seran-de-libre-acceso-para-el-partido-ante-la-real-sociedad-31742\" target=\"_blank\" style=\"font-weight: bold; text-decoration-line: underline;\" rel=\"nofollow noopener\">AQU\u00cd<\/a>.\u00a0<\/p>\n<p>2)\tUbicaci\u00f3n de las paradas de autobuses urbanos.\u00a0TUSSAM ha informado de las localizaciones de las paradas de las l\u00edneas 2, C1, C2, y las lanzaderas de Sevilla Este, Puente de la Barqueta y Blas Infante, algunas de las cuales ha sufrido modificaciones con respecto a los dos primeros partidos.\u00a0<\/p>\n<p>Las l\u00edneas C1 y C2 se sit\u00faan en la calle Juan Bautista Mu\u00f1oz, frente al Estadio, mientras que la lanzadera hacia Blas Infante se podr\u00e1 tomarse en Camino de los Descubrimientos &#8211; Laboratorios de Ingenier\u00eda. Toda la informaci\u00f3n est\u00e1 actualizada en la <a href=\"http:\/\/www.betismevoycontigo.es\/plandemovilidad\" target=\"_blank\" style=\"font-weight: bold; text-decoration-line: underline;\" rel=\"nofollow noopener\">plataforma informativa del Plan de Movilidad<\/a>.\u00a0<\/p>\n<p>Los trayectos de ida de las l\u00edneas regulares (2, C1 y C2) se reforzar\u00e1n con 12 veh\u00edculos adicionales desde dos horas antes del partido, mientras que la lanzadera Blas Infante &#8211; Estadio empezar\u00e1 a funcionar desde dos horas y media antes. <\/p>\n<p>Para los trayectos de vuelta, el servicio contar\u00e1 con 26 veh\u00edculos, entre 8 y 10 por l\u00ednea (2, C1 y C2), mientras que la lanzadera Estadio &#8211; Torre Sevilla &#8211; Blas Infante contar\u00e1 con otros 10 veh\u00edculos. Tambi\u00e9n para la vuelta volver\u00e1n a estar disponibles las lanzaderas hacia Sevilla Este y el Puente de la Barqueta.\u00a0<\/p>\n<p>3)\tAmpliaci\u00f3n de los aparcamientos para motocicletas. El Ayuntamiento de Sevilla tambi\u00e9n informa de la ampliaci\u00f3n de las zonas de aparcamiento para motocicletas bajo el viaducto de la SE-30, desde el fin del aparcamiento de motos y patinetes actual hasta la entrada Puerta del Sur del Parque del Alamillo.<\/p>\n<p>4)\tHorarios de los trayectos de trenes. Del mismo modo, RENFE ha detallado los horarios del servicio de cercan\u00edas que se pondr\u00e1n en marcha para e encuentro ante la Real Sociedad entre Santa Justa y el estadio, con parada intermedia en San Jer\u00f3nimo. Son los siguientes:\u00a0\u00a0<\/p>\n<p>&#8211;\tHorarios para los trayectos de ida (l\u00ednea C-2):<\/p>\n<ul>\n<li>17:08 horas<\/li>\n<li>18:13 horas<\/li>\n<li>19:10 horas<\/li>\n<li>19:40 horas<\/li>\n<li>20:30 horas<\/li>\n<\/ul>\n<p>&#8211;\tHorarios para los trayectos de vuelta (L\u00ednea C-2, servicio gratuito):<\/p>\n<p>&#8211;\tHorarios del trayecto de vuelta desde Santa Justa hasta Utrera y Lora del R\u00edo (L\u00ednea C-1):<\/p>\n<ul>\n<li>23:48 horas. Santa Justa &#8211; Utrera (paradas: San Bernardo, Virgen del Roc\u00edo, Jardines de H\u00e9rcules, Bellavista, Dos Hermanas, Cantaelgallo y Utrera).\u00a0<\/li>\n<li>23:48 horas. Santa Justa &#8211; Lora del R\u00edo (paradas: La Rinconada, El C\u00e1\u00f1amo, Brenes, Cantillana, Los Rosales, Guadajoz y Lora del R\u00edo).\u00a0<\/li>\n<\/ul>\n<p>5)\tCortes de Tr\u00e1fico del Parque Cient\u00edfico Tecnol\u00f3gico Cartuja (PCT)<\/p>\n<p>El Ayuntamiento ha explicado los cortes que se producir\u00e1n en el PCT Cartuja desde 3 horas antes del comienzo. Son los siguientes:\u00a0<\/p>\n<p>&#8211;\tCierre de las entradas en Camino de los Descubrimientos, zona norte y zona sur. Los accesos peatonales de la citada calle permanecer\u00e1n abiertos.\u00a0<\/p>\n<p>&#8211;\tApertura de accesos auxiliares de las puertas peatonales de la zona norte.\u00a0<\/p>\n<p>&#8211;\tCierre del carril de acceso en la confluencia Marie Curie con Leonardo da Vinci direcci\u00f3n norte. La misma confluencia en direcci\u00f3n sur se mantiene en horario habitual.\u00a0<\/p>\n<p>&#8211;\tControl de acceso a las pastillas de aparcamiento de Carlos III a trav\u00e9s de Gregor J. Mendel mediante auxiliar y con barreras bajadas, s\u00f3lo con acceso de trabajadores del Parque.\u00a0<\/p>\n<p>&#8211;\tLos accesos por Puerta Norte y a Carlos III desde Hermanos d&#8217;Eluyar estar\u00e1n controlados por Polic\u00eda Local.\u00a0<\/p>\n<p>&#8211;\tSe proceder\u00e1 al cierre de los accesos a la calle Torricelli desde las bolsas de aparcamiento de Carlos III.\u00a0<\/p>\n<p>Y, a continuaci\u00f3n, los cortes de tr\u00e1fico que se producir\u00e1n 2 horas antes del inicio del partido en el PCT Cartuja.\u00a0<\/p>\n<p>&#8211;\tCierre de las salidas en Camino de los Descubrimientos zona norte y la zona sur para facilitar el tr\u00e1nsito de las lanzaderas de TUSSAM. Los accesos peatonales de la citada calle permanecer\u00e1n abiertos.\u00a0<\/p>\n","protected":false},"excerpt":{"rendered":"El Ayuntamiento de Sevilla y el resto de organismos y entidades p\u00fablicas -TUSSAM, RENFE y Estadio La Cartuja-&hellip;\n","protected":false},"author":2,"featured_media":123926,"comment_status":"","ping_status":"","sticky":false,"template":"","format":"standard","meta":{"footnotes":""},"categories":[268],"tags":[14295,291,168,25,24,280,282,798,286,281,23,167],"class_list":{"0":"post-123925","1":"post","2":"type-post","3":"status-publish","4":"format-standard","5":"has-post-thumbnail","7":"category-futbol","8":"tag-balompie","9":"tag-betis","10":"tag-deportes","11":"tag-es","12":"tag-espana","13":"tag-football","14":"tag-futbol","15":"tag-real","16":"tag-real-betis-balompie","17":"tag-soccer","18":"tag-spain","19":"tag-sports"},"share_on_mastodon":{"url":"","error":""},"_links":{"self":[{"href":"https:\/\/www.europesays.com\/es\/wp-json\/wp\/v2\/posts\/123925","targetHints":{"allow":["GET"]}}],"collection":[{"href":"https:\/\/www.europesays.com\/es\/wp-json\/wp\/v2\/posts"}],"about":[{"href":"https:\/\/www.europesays.com\/es\/wp-json\/wp\/v2\/types\/post"}],"author":[{"embeddable":true,"href":"https:\/\/www.europesays.com\/es\/wp-json\/wp\/v2\/users\/2"}],"replies":[{"embeddable":true,"href":"https:\/\/www.europesays.com\/es\/wp-json\/wp\/v2\/comments?post=123925"}],"version-history":[{"count":0,"href":"https:\/\/www.europesays.com\/es\/wp-json\/wp\/v2\/posts\/123925\/revisions"}],"wp:featuredmedia":[{"embeddable":true,"href":"https:\/\/www.europesays.com\/es\/wp-json\/wp\/v2\/media\/123926"}],"wp:attachment":[{"href":"https:\/\/www.europesays.com\/es\/wp-json\/wp\/v2\/media?parent=123925"}],"wp:term":[{"taxonomy":"category","embeddable":true,"href":"https:\/\/www.europesays.com\/es\/wp-json\/wp\/v2\/categories?post=123925"},{"taxonomy":"post_tag","embeddable":true,"href":"https:\/\/www.europesays.com\/es\/wp-json\/wp\/v2\/tags?post=123925"}],"curies":[{"name":"wp","href":"https:\/\/api.w.org\/{rel}","templated":true}]}}