{"id":123927,"date":"2025-09-18T22:30:10","date_gmt":"2025-09-18T22:30:10","guid":{"rendered":"https:\/\/www.europesays.com\/es\/123927\/"},"modified":"2025-09-18T22:30:10","modified_gmt":"2025-09-18T22:30:10","slug":"luz-casal-cuenta-en-el-hormiguero-lo-primero-que-dijo-al-conocer-que-iba-a-ser-marquesa","status":"publish","type":"post","link":"https:\/\/www.europesays.com\/es\/123927\/","title":{"rendered":"Luz Casal cuenta en &#8216;El Hormiguero&#8217; lo primero que dijo al conocer que iba a ser marquesa"},"content":{"rendered":"<p id=\"ejCCc_-30kv\" data-wc=\"67\"><strong>\u00ab\u00bfA\u00fan te puedo llamar Luz o deber\u00eda decir marquesa?\u00bb<\/strong>, pregunt\u00f3 Pablo Motos a una sorprendida Luz Casal que, por supuesto, le permiti\u00f3 dirigirse a ella por su nombre de pila. Es la primera entrevista que da la cantante desde que <a class=\"hm-link ho-link\" href=\"https:\/\/www.hola.com\/actualidad\/20250619839176\/rey-felipe-concede-nadal-luz-casal-teresa-perales-primer-titulo-nobiliario\/\" data-mrf-recirculation=\"article-body-link\" rel=\"nofollow noopener\" target=\"_blank\">fue nombrada marquesa de Luz y Paz\u00a0<\/a>por el rey Felipe y ha revelado su curiosa reacci\u00f3n al enterarse de la distinci\u00f3n que le iban a otorgar.\u00a0<\/p>\n<p> <img src=\"https:\/\/www.europesays.com\/es\/wp-content\/uploads\/2025\/09\/37fc88ed4a9f-luz.jpg\"   width=\"1024\" height=\"569\" loading=\"lazy\" decoding=\"async\" alt=\"Media Image\" fetchpriority=\"auto\" class=\"image ho-image\"\/>\u00a9 Atresmedia<\/p>\n<p id=\"e9L2cLs_x5\" data-wc=\"171\">Siendo Luz una persona \u00abnada cursi\u00bb, seg\u00fan sus palabras, a la hora de expresarse, la sorpresa al conocer la distinci\u00f3n que le iban a otorgar le hizo exclamar: <strong>\u00abYupi\u00bb<\/strong>. Una palabras que no recuerda haber pronunciado nunca hasta ese momento. \u00abPens\u00e9 en mi familia, pens\u00e9 en mi aldea, pens\u00e9 en mi trabajo. Es un honor\u00bb, ha afirmado la artista. Entonces decidi\u00f3 expresar en <a class=\"hm-link ho-link\" href=\"https:\/\/www.hola.com\/actualidad\/20250620839413\/las-primeras-palabras-de-luz-casal-tras-su-nombramiento-como-marquesa-de-luz-y-paz-gracias-majestades-rey-felipe\/\" data-mrf-recirculation=\"article-body-link\" rel=\"nofollow noopener\" target=\"_blank\">una carta abierta<\/a> c\u00f3mo se sent\u00eda. \u00abAqu\u00ed tienen a una mujer que es una mezcla de perplejidad, alegr\u00eda, pudor y agradecimiento\u00bb, comparti\u00f3 entonces con sus seguidores haciendo gala de la misma humildad: \u00a0\u201cA todo este revoltijo de sensaciones se suman las preguntas que varias veces me he hecho sobre el porqu\u00e9 y sobre todo si soy merecedora de esta distinci\u00f3n. S\u00e9 de d\u00f3nde vengo y tengo presente los valores que mis tres padres me ense\u00f1aron: la modestia, la lealtad, la importancia de la palabra dada; la entrega en el trabajo como el camino adecuado para alcanzar los sue\u00f1os intuidos desde ni\u00f1a; el respeto y el amor al pr\u00f3jimo.\u201d<\/p>\n<p> <img src=\"https:\/\/www.europesays.com\/es\/wp-content\/uploads\/2025\/09\/02d1e34cf331-dlu542535182.jpg\"   width=\"682\" height=\"1024\" loading=\"lazy\" decoding=\"async\" alt=\"Media Image\" fetchpriority=\"auto\" class=\"image ho-image\"\/>\u00a9 GTRES<\/p>\n<p id=\"eYYLsun1xf\" data-wc=\"77\">\u00a0En el plat\u00f3 de El Hormiguero\u00a0se produjo tambi\u00e9n una simp\u00e1tica casualidad y es<strong>\u00a0el encuentro entre dos marquesas, la de Luz y Paz y la de Gri\u00f1\u00f3n.<\/strong> <a class=\"hm-link ho-link\" href=\"https:\/\/www.hola.com\/actualidad\/20250918856630\/tamara-falco-se-reencuentra-con-wes-gordon-disenador-de-sus-vestidos-de-novia-dos-anos-despues-de-su-boda\/\" data-mrf-recirculation=\"article-body-link\" rel=\"nofollow noopener\" target=\"_blank\">Tamara Falc\u00f3<\/a>, que esperaba entre bambalinas su turno para salir a la tertulia, no dud\u00f3 en saludarla con la mano desde su posici\u00f3n. \u00ab\u00bfAs\u00ed es como se saludan las marquesa?\u00bb, pregunt\u00f3 Pablo con humor. <strong>\u00abPero ella lo es por m\u00e9rito propio, lo m\u00edo es heredado\u00bb<\/strong>, dijo Tamara con humildad.\u00a0<\/p>\n<p id=\"eeWxG_acU9J\" data-wc=\"87\">Junto al de Luz Casal, Felipe VI concedi\u00f3 el pasado 19 de junio t\u00edtulos nobiliarios a otras cinco<strong>\u00a0figuras destacadas<\/strong> del panorama cultural, cient\u00edfico y deportivo espa\u00f1ol. Adem\u00e1s de la cantante, el tenista Rafa Nadal fue nombrado <strong>Marqu\u00e9s de Llevant de Mallorca<\/strong>. \u00a0La nadadora Teresa Perales<strong>,<\/strong> fue nombrada<strong>\u00a0Marquesa de Perales<\/strong>; \u00a0el exjefe de la Casa Real, Jaime Alfons\u00edn, <strong>M<\/strong><strong>arqu\u00e9s de Alfons\u00edn<\/strong>, con Grandeza de Espa\u00f1a; el bioqu\u00edmico Carlos L\u00f3pez Ot\u00edn, <strong>Marqu\u00e9s de Castillo de Ler\u00e9s<\/strong>; y la fot\u00f3grafa Cristina Garc\u00eda Rodero, <strong>Marquesa del Valle de Alcudia.<\/strong><\/p>\n","protected":false},"excerpt":{"rendered":"\u00ab\u00bfA\u00fan te puedo llamar Luz o deber\u00eda decir marquesa?\u00bb, pregunt\u00f3 Pablo Motos a una sorprendida Luz Casal que,&hellip;\n","protected":false},"author":2,"featured_media":123928,"comment_status":"","ping_status":"","sticky":false,"template":"","format":"standard","meta":{"footnotes":""},"categories":[174],"tags":[517,255,146,147,25,24,256,29738,23],"class_list":{"0":"post-123927","1":"post","2":"type-post","3":"status-publish","4":"format-standard","5":"has-post-thumbnail","7":"category-famosos","8":"tag-actualidad","9":"tag-celebrities","10":"tag-entertainment","11":"tag-entretenimiento","12":"tag-es","13":"tag-espana","14":"tag-famosos","15":"tag-luz-casal","16":"tag-spain"},"share_on_mastodon":{"url":"","error":""},"_links":{"self":[{"href":"https:\/\/www.europesays.com\/es\/wp-json\/wp\/v2\/posts\/123927","targetHints":{"allow":["GET"]}}],"collection":[{"href":"https:\/\/www.europesays.com\/es\/wp-json\/wp\/v2\/posts"}],"about":[{"href":"https:\/\/www.europesays.com\/es\/wp-json\/wp\/v2\/types\/post"}],"author":[{"embeddable":true,"href":"https:\/\/www.europesays.com\/es\/wp-json\/wp\/v2\/users\/2"}],"replies":[{"embeddable":true,"href":"https:\/\/www.europesays.com\/es\/wp-json\/wp\/v2\/comments?post=123927"}],"version-history":[{"count":0,"href":"https:\/\/www.europesays.com\/es\/wp-json\/wp\/v2\/posts\/123927\/revisions"}],"wp:featuredmedia":[{"embeddable":true,"href":"https:\/\/www.europesays.com\/es\/wp-json\/wp\/v2\/media\/123928"}],"wp:attachment":[{"href":"https:\/\/www.europesays.com\/es\/wp-json\/wp\/v2\/media?parent=123927"}],"wp:term":[{"taxonomy":"category","embeddable":true,"href":"https:\/\/www.europesays.com\/es\/wp-json\/wp\/v2\/categories?post=123927"},{"taxonomy":"post_tag","embeddable":true,"href":"https:\/\/www.europesays.com\/es\/wp-json\/wp\/v2\/tags?post=123927"}],"curies":[{"name":"wp","href":"https:\/\/api.w.org\/{rel}","templated":true}]}}