{"id":123929,"date":"2025-09-18T22:31:09","date_gmt":"2025-09-18T22:31:09","guid":{"rendered":"https:\/\/www.europesays.com\/es\/123929\/"},"modified":"2025-09-18T22:31:09","modified_gmt":"2025-09-18T22:31:09","slug":"paris-redescubre-una-obra-de-picasso-oculta-desde-1944","status":"publish","type":"post","link":"https:\/\/www.europesays.com\/es\/123929\/","title":{"rendered":"Par\u00eds redescubre una obra de Picasso oculta desde 1944"},"content":{"rendered":"<p data-gtm-element-container=\"modulo-texto-link\" class=\"paragraph\">Un cuadro \u201cexcepcional\u201d de Pablo Picasso, retrato de su compa\u00f1era Dora Maar, pintado en 1943 y conservado por la familia de su primer propietario desde 1944, fue presentado el jueves en el H\u00f4tel Drouot de Par\u00eds, donde ser\u00e1 subastado el 24 de octubre, informa AFP. Titulado Busto de mujer con sombrero de flores, este lienzo muy colorido, pintado al \u00f3leo y de un tama\u00f1o de 80 x 60 cent\u00edmetros, est\u00e1 \u201cestimado en torno a los ocho millones de euros, un precio de salida que puede dispararse\u201d, seg\u00fan Christophe Lucien, comisario-priseur encargado de la venta.<\/p>\n<p data-gtm-element-container=\"modulo-texto-link\" class=\"paragraph\">Fue pintado por Picasso el 11 de julio de 1943 y adquirido en agosto de 1944 por el abuelo de los actuales herederos, un gran coleccionista franc\u00e9s. Estos \u00faltimos desean venderlo en el marco de una sucesi\u00f3n, precis\u00f3.<\/p>\n<p data-gtm-element-container=\"modulo-texto-link\" class=\"paragraph\">\u201cDesconocido para el p\u00fablico y nunca expuesto, salvo en el taller del maestro espa\u00f1ol en Par\u00eds durante la Ocupaci\u00f3n\u201d, este cuadro es \u201cbastante excepcional y marca un jal\u00f3n en la historia del arte y en la de Picasso\u201d, explic\u00f3 Agn\u00e8s Sevestre-Barb\u00e9, especialista en Picasso presente durante la presentaci\u00f3n de la obra.<\/p>\n<p>    Lee tambi\u00e9n<\/p>\n<p data-gtm-element-container=\"modulo-texto-link\" class=\"paragraph\">De inspiraci\u00f3n \u201ca la vez naturalista y cubista\u201d, muestra a Dora Maar presa de la tristeza pero con un rostro armonioso, luciendo un sombrero floreado y colorido, en el momento en que Picasso la abandona por una mujer m\u00e1s joven, Fran\u00e7oise Gilot.<\/p>\n<p data-gtm-element-container=\"modulo-texto-link\" class=\"paragraph\">Autenticado por la administraci\u00f3n Picasso, este retrato solo era conocido por especialistas y aficionados de Picasso en blanco y negro y a trav\u00e9s del cat\u00e1logo razonado de sus obras (inventario oficial) donde se menciona, seg\u00fan Drouot. Fotos de Brassa\u00ef, amigo de Picasso, tomadas en el taller del pintor, atestiguan igualmente la presencia del cuadro.<\/p>\n","protected":false},"excerpt":{"rendered":"Un cuadro \u201cexcepcional\u201d de Pablo Picasso, retrato de su compa\u00f1era Dora Maar, pintado en 1943 y conservado por&hellip;\n","protected":false},"author":2,"featured_media":123930,"comment_status":"","ping_status":"","sticky":false,"template":"","format":"standard","meta":{"footnotes":""},"categories":[173],"tags":[229,233,231,230,232,234,146,147,25,24,23],"class_list":{"0":"post-123929","1":"post","2":"type-post","3":"status-publish","4":"format-standard","5":"has-post-thumbnail","7":"category-arte-y-diseno","8":"tag-arte","9":"tag-arte-y-diseno","10":"tag-arts","11":"tag-arts-and-design","12":"tag-design","13":"tag-diseno","14":"tag-entertainment","15":"tag-entretenimiento","16":"tag-es","17":"tag-espana","18":"tag-spain"},"share_on_mastodon":{"url":"","error":""},"_links":{"self":[{"href":"https:\/\/www.europesays.com\/es\/wp-json\/wp\/v2\/posts\/123929","targetHints":{"allow":["GET"]}}],"collection":[{"href":"https:\/\/www.europesays.com\/es\/wp-json\/wp\/v2\/posts"}],"about":[{"href":"https:\/\/www.europesays.com\/es\/wp-json\/wp\/v2\/types\/post"}],"author":[{"embeddable":true,"href":"https:\/\/www.europesays.com\/es\/wp-json\/wp\/v2\/users\/2"}],"replies":[{"embeddable":true,"href":"https:\/\/www.europesays.com\/es\/wp-json\/wp\/v2\/comments?post=123929"}],"version-history":[{"count":0,"href":"https:\/\/www.europesays.com\/es\/wp-json\/wp\/v2\/posts\/123929\/revisions"}],"wp:featuredmedia":[{"embeddable":true,"href":"https:\/\/www.europesays.com\/es\/wp-json\/wp\/v2\/media\/123930"}],"wp:attachment":[{"href":"https:\/\/www.europesays.com\/es\/wp-json\/wp\/v2\/media?parent=123929"}],"wp:term":[{"taxonomy":"category","embeddable":true,"href":"https:\/\/www.europesays.com\/es\/wp-json\/wp\/v2\/categories?post=123929"},{"taxonomy":"post_tag","embeddable":true,"href":"https:\/\/www.europesays.com\/es\/wp-json\/wp\/v2\/tags?post=123929"}],"curies":[{"name":"wp","href":"https:\/\/api.w.org\/{rel}","templated":true}]}}