{"id":123931,"date":"2025-09-18T22:33:11","date_gmt":"2025-09-18T22:33:11","guid":{"rendered":"https:\/\/www.europesays.com\/es\/123931\/"},"modified":"2025-09-18T22:33:11","modified_gmt":"2025-09-18T22:33:11","slug":"tierra-amarga-es-la-serie-turca-mas-vista-en-espana-y-se-puede-ver-en-atresplayer","status":"publish","type":"post","link":"https:\/\/www.europesays.com\/es\/123931\/","title":{"rendered":"&#8216;Tierra amarga&#8217; es la serie turca m\u00e1s vista en Espa\u00f1a y se puede ver en Atresplayer"},"content":{"rendered":"<p data-journey-content=\"true\" data-node-id=\"3\" class=\"css-6wxqfj emevuu60\">La serie <a href=\"http:\/\/diezminutos.es\/telenovela-tierra-amarga\/\" target=\"_blank\" data-vars-ga-outbound-link=\"http:\/\/diezminutos.es\/telenovela-tierra-amarga\/\" data-vars-ga-ux-element=\"Hyperlink\" data-vars-ga-call-to-action=\"&#039;Tierra Amarga&#039; (&#039;Bir Zamanlar \u00c7ukurova&#039;)\" data-node-id=\"3.1\" class=\"body-link css-177bzfx emevuu60\" rel=\"nofollow noopener\">&#8216;Tierra Amarga&#8217; (&#8216;Bir Zamanlar \u00c7ukurova&#8217;)<\/a> se ha consolidado como una de las telenovelas turcas m\u00e1s exitosas en Espa\u00f1a, cautivando a la audiencia con su trama apasionante y personajes entra\u00f1ables. <strong data-node-id=\"3.3\">Estrenada en Antena 3 en julio de 2021<\/strong>, la serie r\u00e1pidamente se convirti\u00f3 en un fen\u00f3meno de audiencias, liderando las tardes de la cadena y superando a su competencia directa. Su \u00e9xito fue tal que, en 2023, se emiti\u00f3 en prime time, consolidando su estatus como una de las producciones extranjeras m\u00e1s vistas en la televisi\u00f3n espa\u00f1ola.<\/p>\n<p><img draggable=\"true\" alt=\"el final de la serie tierra amarga en antena 3\" title=\"tierra amarga-serie turca\" loading=\"lazy\" width=\"1200\" height=\"1000\" decoding=\"async\" data-nimg=\"1\" style=\"color:transparent;width:100%;height:auto;\"   src=\"https:\/\/www.europesays.com\/es\/wp-content\/uploads\/2025\/09\/tierra-amarga-final-1624363253.jpg\" class=\"css-0 e1g79fud0\"\/><\/p>\n<p>Tierra Amarga<\/p>\n<p>&#8216;Tierra amarga&#8217;, as\u00ed es su impactante historia<img draggable=\"true\" alt=\"tierra amarga serie turca\" title=\"tierra amarga serie turca\" loading=\"lazy\" width=\"3936\" height=\"2216\" decoding=\"async\" data-nimg=\"1\" style=\"color:transparent;width:100%;height:auto;\"   src=\"https:\/\/www.europesays.com\/es\/wp-content\/uploads\/2025\/09\/tierra-amargaboda-683d7d21a0e48.jpg\" class=\"css-0 e1g79fud0\"\/><\/p>\n<p>Productora<\/p>\n<p data-journey-content=\"true\" data-node-id=\"9\" class=\"css-6wxqfj emevuu60\">La trama de &#8216;<a href=\"https:\/\/www.diezminutos.es\/telenovela\/turcas\/a65250883\/ni-love-is-in-the-air-ni-pecado-original-telenovela-turca-engancha-tierra-amarga-prime-video\/\" target=\"_blank\" data-vars-ga-outbound-link=\"https:\/\/www.diezminutos.es\/telenovela\/turcas\/a65250883\/ni-love-is-in-the-air-ni-pecado-original-telenovela-turca-engancha-tierra-amarga-prime-video\/\" data-vars-ga-ux-element=\"Hyperlink\" data-vars-ga-call-to-action=\"Tierra Amarga\" data-node-id=\"9.1\" class=\"body-link css-177bzfx emevuu60\" rel=\"nofollow noopener\">Tierra Amarga<\/a>&#8216; se desarrolla en la d\u00e9cada de 1970 en la regi\u00f3n de \u00c7ukurova, Turqu\u00eda, y sigue la historia de Z\u00fcleyha y Y\u0131lmaz, dos j\u00f3venes enamorados que, tras un tr\u00e1gico incidente, se ven obligados a huir y comenzar una nueva vida en un entorno hostil. <strong data-node-id=\"9.3\">La serie combina elementos de romance, drama y suspenso<\/strong>, con giros inesperados que mantienen al espectador enganchado episodio tras episodio. Con un elenco destacado, incluyendo a <a href=\"https:\/\/www.diezminutos.es\/telenovela\/turcas\/a42879344\/hilal-altinbilek-nueva-vida-tras-final-tierra-amarga\/\" target=\"_blank\" data-vars-ga-outbound-link=\"https:\/\/www.diezminutos.es\/telenovela\/turcas\/a42879344\/hilal-altinbilek-nueva-vida-tras-final-tierra-amarga\/\" data-vars-ga-ux-element=\"Hyperlink\" data-vars-ga-call-to-action=\"Hilal Alt\u0131nbilek\" data-node-id=\"9.5\" class=\"body-link css-177bzfx emevuu60\" rel=\"nofollow noopener\">Hilal Alt\u0131nbilek<\/a> como Z\u00fcleyha y U\u011fur G\u00fcne\u015f como Y\u0131lmaz, la producci\u00f3n ha sido elogiada por su calidad y profundidad narrativa.<\/p>\n<p data-journey-content=\"true\" data-node-id=\"11\" class=\"css-6wxqfj emevuu60\">Actualmente, &#8216;<a href=\"https:\/\/www.diezminutos.es\/teleprograma\/series-tv\/a36797610\/tierra-amarga-final-novela-antena-3-mujer\/\" target=\"_blank\" data-vars-ga-outbound-link=\"https:\/\/www.diezminutos.es\/teleprograma\/series-tv\/a36797610\/tierra-amarga-final-novela-antena-3-mujer\/\" data-vars-ga-ux-element=\"Hyperlink\" data-vars-ga-call-to-action=\"Tierra Amarga\" data-node-id=\"11.1\" class=\"body-link css-177bzfx emevuu60\" rel=\"nofollow noopener\">Tierra Amarga<\/a>&#8216; est\u00e1 disponible al completo en Atresplayer PREMIUM, permitiendo a los nuevos espectadores disfrutar de esta exitosa serie desde el principio. Con cuatro temporadas y m\u00e1s de 400 episodios, la serie ofrece una experiencia completa para los amantes de las telenovelas turcas. Si te perdiste su emisi\u00f3n en televisi\u00f3n o deseas revivir los momentos m\u00e1s emocionantes, <strong data-node-id=\"11.3\">Atresplayer es la plataforma ideal<\/strong> para sumergirse en la historia de &#8216;Tierra Amarga&#8217;. No dejes pasar la oportunidad de descubrir por qu\u00e9 esta serie ha conquistado a millones de espectadores en todo el mundo.<\/p>\n<p><img src=\"https:\/\/www.europesays.com\/es\/wp-content\/uploads\/2025\/09\/1758234791_677_43af9b8f-983e-4e74-8e74-9a7479b0966b_1681831601.file\" alt=\"Headshot of Pilar Mart\u00ednez\" title=\"Headshot of Pilar Mart\u00ednez\" width=\"100%\" height=\"100%\" decoding=\"async\" loading=\"lazy\" class=\"css-o0wq4v ev8dhu53\"\/><\/p>\n<p>Pilar Mart\u00ednez es periodista especializada en contenidos de televisi\u00f3n y cultura, se gradu\u00f3 en la carrera en Periodismo en la Facultad de Ciencias de la Informaci\u00f3n (Universidad Complutense de Madrid) en el a\u00f1o 2018. Desde entonces ha pasado por las redacciones de Ecoteuve (El Economista), donde realiz\u00f3 sus primeras pr\u00e1cticas durante el verano del 2016.<\/p>\n<p>Posteriormente, concretamente, en el a\u00f1o 2017 se pas\u00f3 al grupo Hearst Espa\u00f1a, donde comenz\u00f3 su andadura en las revistas de televisi\u00f3n: Supertele, Teleprograma, Telenovela. Ahora colabora con Diez Minutos, en su versi\u00f3n web, donde se encarga de realizar los avances semanales de las ficciones diarias de moda, as\u00ed como entrevistas y art\u00edculos sobre los melodramas o telenovelas que aterrizan en nuestro pa\u00eds y aquellos que est\u00e1n por venir.<\/p>\n<p>Toda una cazadora de exclusivas. A esto, se suma su puesto como redactora jefe de la secci\u00f3n de novela narrativa en la revista Culturamas, medio digital de alto impacto al que lleva unida desde el a\u00f1o 2013. \u00c1vida lectora, cin\u00e9fila y seri\u00e9fila de primer nivel, ha hecho de su vocaci\u00f3n su oficio. \u00a0<\/p>\n","protected":false},"excerpt":{"rendered":"La serie &#8216;Tierra Amarga&#8217; (&#8216;Bir Zamanlar \u00c7ukurova&#8217;) se ha consolidado como una de las telenovelas turcas m\u00e1s exitosas&hellip;\n","protected":false},"author":2,"featured_media":123932,"comment_status":"","ping_status":"","sticky":false,"template":"","format":"standard","meta":{"footnotes":""},"categories":[171],"tags":[253,146,147,25,24,23,214],"class_list":{"0":"post-123931","1":"post","2":"type-post","3":"status-publish","4":"format-standard","5":"has-post-thumbnail","7":"category-tv","8":"tag-discover","9":"tag-entertainment","10":"tag-entretenimiento","11":"tag-es","12":"tag-espana","13":"tag-spain","14":"tag-tv"},"share_on_mastodon":{"url":"","error":""},"_links":{"self":[{"href":"https:\/\/www.europesays.com\/es\/wp-json\/wp\/v2\/posts\/123931","targetHints":{"allow":["GET"]}}],"collection":[{"href":"https:\/\/www.europesays.com\/es\/wp-json\/wp\/v2\/posts"}],"about":[{"href":"https:\/\/www.europesays.com\/es\/wp-json\/wp\/v2\/types\/post"}],"author":[{"embeddable":true,"href":"https:\/\/www.europesays.com\/es\/wp-json\/wp\/v2\/users\/2"}],"replies":[{"embeddable":true,"href":"https:\/\/www.europesays.com\/es\/wp-json\/wp\/v2\/comments?post=123931"}],"version-history":[{"count":0,"href":"https:\/\/www.europesays.com\/es\/wp-json\/wp\/v2\/posts\/123931\/revisions"}],"wp:featuredmedia":[{"embeddable":true,"href":"https:\/\/www.europesays.com\/es\/wp-json\/wp\/v2\/media\/123932"}],"wp:attachment":[{"href":"https:\/\/www.europesays.com\/es\/wp-json\/wp\/v2\/media?parent=123931"}],"wp:term":[{"taxonomy":"category","embeddable":true,"href":"https:\/\/www.europesays.com\/es\/wp-json\/wp\/v2\/categories?post=123931"},{"taxonomy":"post_tag","embeddable":true,"href":"https:\/\/www.europesays.com\/es\/wp-json\/wp\/v2\/tags?post=123931"}],"curies":[{"name":"wp","href":"https:\/\/api.w.org\/{rel}","templated":true}]}}