{"id":123943,"date":"2025-09-18T22:39:07","date_gmt":"2025-09-18T22:39:07","guid":{"rendered":"https:\/\/www.europesays.com\/es\/123943\/"},"modified":"2025-09-18T22:39:07","modified_gmt":"2025-09-18T22:39:07","slug":"hay-algo-misterioso-en-el-cometa-interestelar-3i-atlas-y-varios-telescopios-lo-confirman","status":"publish","type":"post","link":"https:\/\/www.europesays.com\/es\/123943\/","title":{"rendered":"Hay algo misterioso en el cometa interestelar 3I\/Atlas y varios telescopios lo confirman"},"content":{"rendered":"<p>El cometa interestelar 3I\/Atlas se comporta de una forma verdaderamente extra\u00f1a. Conocido como <strong>el tercer objeto interestelar que ha cruzado el Sistema Solar<\/strong>, muestra que algo profundamente misterioso est\u00e1 ocurriendo, mucho m\u00e1s all\u00e1 de lo que imagin\u00e1bamos. As\u00ed lo revelan nuevas observaciones realizadas por los telescopios <a data-offer-url=\"https:\/\/arxiv.org\/abs\/2508.02934\" class=\"external-link\" data-event-click=\"{&quot;element&quot;:&quot;ExternalLink&quot;,&quot;outgoingURL&quot;:&quot;https:\/\/arxiv.org\/abs\/2508.02934&quot;}\" href=\"https:\/\/arxiv.org\/abs\/2508.02934\" rel=\"nofollow noopener\" target=\"_blank\">Hubble<\/a>, <a data-offer-url=\"https:\/\/arxiv.org\/abs\/2508.15469\" class=\"external-link\" data-event-click=\"{&quot;element&quot;:&quot;ExternalLink&quot;,&quot;outgoingURL&quot;:&quot;https:\/\/arxiv.org\/abs\/2508.15469&quot;}\" href=\"https:\/\/arxiv.org\/abs\/2508.15469\" rel=\"nofollow noopener\" target=\"_blank\">Spherex<\/a>, <a data-offer-url=\"https:\/\/arxiv.org\/abs\/2508.18209\" class=\"external-link\" data-event-click=\"{&quot;element&quot;:&quot;ExternalLink&quot;,&quot;outgoingURL&quot;:&quot;https:\/\/arxiv.org\/abs\/2508.18209&quot;}\" href=\"https:\/\/arxiv.org\/abs\/2508.18209\" rel=\"nofollow noopener\" target=\"_blank\">JWST<\/a> y <a data-offer-url=\"https:\/\/arxiv.org\/abs\/2507.21967\" class=\"external-link\" data-event-click=\"{&quot;element&quot;:&quot;ExternalLink&quot;,&quot;outgoingURL&quot;:&quot;https:\/\/arxiv.org\/abs\/2507.21967&quot;}\" href=\"https:\/\/arxiv.org\/abs\/2507.21967\" rel=\"nofollow noopener\" target=\"_blank\">TESS<\/a> de la NASA y la ESA (Agencia Espacial Europea), que captaron al cometa interestelar dirigi\u00e9ndose hacia el Sol (todas las observaciones est\u00e1n disponibles en el archivo en l\u00ednea de arXiv).<\/p>\n<p>El cometa interestelar 3I\/Atlas<\/p>\n<p>El <strong>cometa interestelar<\/strong>, recordemos brevemente, atrajo la atenci\u00f3n de la comunidad cient\u00edfica el 1 de julio de 2025, cuando fue descubierto por el Sistema de \u00daltima Alerta de Impacto Terrestre de Asteroides (ATLAS) en R\u00edo Hurtado, Chile. Desde entonces, astr\u00f3nomos de todo el mundo han intentado aprovechar al m\u00e1ximo este per\u00edodo para estudiarlo, ya que la ventana temporal se est\u00e1 volviendo muy limitada. Su aproximaci\u00f3n m\u00e1s cercana al Sol, conocida como perihelio, ocurrir\u00e1 el 29 de octubre, pero al estar al otro lado del Sol con respecto a la Tierra, quedar\u00e1 oculto por el resplandor de nuestra estrella. Esto significa que el mejor momento para observar el cometa interestelar se est\u00e1 desvaneciendo r\u00e1pidamente, por lo que hemos desplegado algunos de nuestros instrumentos m\u00e1s potentes para llevar a cabo esta importante tarea.<\/p>\n<p>Las rarezas de 3I\/Atlas<\/p>\n<p>Como se destaca en un art\u00edculo de ScienceAlert, debemos comenzar recordando que, aunque se define como un cometa interestelar, los datos nos cuentan una historia con m\u00e1s matices: es decir, que se trata de <strong>un objeto verdaderamente extra\u00f1o<\/strong> y, por lo tanto, ser\u00e1 estudiado durante muchos a\u00f1os. <a href=\"https:\/\/es.wired.com\/articulos\/el-telescopio-james-webb-fotografia-por-primera-vez-al-cometa-interestelar-3i-atlas\" rel=\"nofollow noopener\" target=\"_blank\">Nuevas observaciones multiespectrales de James Webb<\/a> y <strong>Spherex<\/strong> han demostrado que la coma de 3I\/Atlas contiene un porcentaje muy alto de di\u00f3xido de carbono, cuya relaci\u00f3n di\u00f3xido de carbono\/agua es la m\u00e1s alta jam\u00e1s observada en un cometa. Espec\u00edficamente, seg\u00fan los datos del <strong>JWST<\/strong>, el di\u00f3xido de carbono y el agua est\u00e1n presentes en la coma en una proporci\u00f3n de 8 a 1. Adem\u00e1s, el telescopio <strong>TESS<\/strong> (que ya hab\u00eda identificado el cometa interestelar el pasado mes de mayo, dos meses antes de su descubrimiento oficial) sugiri\u00f3 que este ya era brillante y activo cuando estaba a 6 unidades astron\u00f3micas del Sol, mucho m\u00e1s all\u00e1 de la \u00f3rbita de J\u00fapiter y mucho m\u00e1s lejos que la mayor\u00eda de los cometas. Esto sugiere que el despertar temprano del cometa podr\u00eda depender de su composici\u00f3n (como la elevada cantidad de di\u00f3xido de carbono). Finalmente el <strong>Hubble<\/strong>, que nos proporcion\u00f3 la imagen de mayor resoluci\u00f3n hasta la fecha, revel\u00f3 que el cometa en s\u00ed tiene un radio de unos 2.8 kil\u00f3metros.<\/p>\n<p>M\u00e1s observaciones, m\u00e1s informaci\u00f3n<\/p>\n<p>Si bien estos resultados preliminares son solo el comienzo, en el futuro podr\u00edan revelarnos informaci\u00f3n sobre el entorno en el que se form\u00f3 <strong>el cometa interestelar 3I\/Atlas<\/strong>, las condiciones espaciales por las que viaj\u00f3 y su composici\u00f3n. Sin embargo, para comprender mejor este fascinante objeto se necesitar\u00e1n m\u00e1s observaciones y m\u00e1s informaci\u00f3n. \u201cNuestras observaciones son consistentes con un n\u00facleo intr\u00ednsecamente rico en CO\u2082, lo que podr\u00eda indicar que 3I\/Atlas contiene hielos expuestos a niveles m\u00e1s altos de radiaci\u00f3n que los cometas del Sistema Solar, o que se form\u00f3 cerca de la l\u00ednea de hielo de CO\u2082 en su disco protoplanetario de origen\u201d, explicaron los investigadores en uno de los art\u00edculos. \u201cUna baja abundancia de gas H\u2082O en la coma tambi\u00e9n podr\u00eda estar implicada, por ejemplo, debido a la inhibici\u00f3n de la penetraci\u00f3n de calor en el n\u00facleo, lo que podr\u00eda suprimir la tasa de sublimaci\u00f3n del H\u2082O en relaci\u00f3n con el CO\u2082 y el CO\u201d.<\/p>\n<p>Art\u00edculo originalmente publicado en <a href=\"https:\/\/www.wired.it\/article\/cometa-interstellare-3i-atlas-ha-qualcosa-di-strano-conferma-telescopi-hubble-jwst-tess-spherex\/\" rel=\"nofollow noopener\" target=\"_blank\">WIRED Italia<\/a>. Adaptado por Andrea Baranenko.<\/p>\n","protected":false},"excerpt":{"rendered":"El cometa interestelar 3I\/Atlas se comporta de una forma verdaderamente extra\u00f1a. Conocido como el tercer objeto interestelar que&hellip;\n","protected":false},"author":2,"featured_media":123944,"comment_status":"","ping_status":"","sticky":false,"template":"","format":"standard","meta":{"footnotes":""},"categories":[81],"tags":[119,123,124,25,10558,24,117,121,122,23,118,120],"class_list":{"0":"post-123943","1":"post","2":"type-post","3":"status-publish","4":"format-standard","5":"has-post-thumbnail","7":"category-ciencia-y-tecnologia","8":"tag-ciencia","9":"tag-ciencia-y-tecnologia","10":"tag-cienciaytecnologia","11":"tag-es","12":"tag-espacio","13":"tag-espana","14":"tag-science","15":"tag-science-and-technology","16":"tag-scienceandtechnology","17":"tag-spain","18":"tag-technology","19":"tag-tecnologia"},"share_on_mastodon":{"url":"","error":""},"_links":{"self":[{"href":"https:\/\/www.europesays.com\/es\/wp-json\/wp\/v2\/posts\/123943","targetHints":{"allow":["GET"]}}],"collection":[{"href":"https:\/\/www.europesays.com\/es\/wp-json\/wp\/v2\/posts"}],"about":[{"href":"https:\/\/www.europesays.com\/es\/wp-json\/wp\/v2\/types\/post"}],"author":[{"embeddable":true,"href":"https:\/\/www.europesays.com\/es\/wp-json\/wp\/v2\/users\/2"}],"replies":[{"embeddable":true,"href":"https:\/\/www.europesays.com\/es\/wp-json\/wp\/v2\/comments?post=123943"}],"version-history":[{"count":0,"href":"https:\/\/www.europesays.com\/es\/wp-json\/wp\/v2\/posts\/123943\/revisions"}],"wp:featuredmedia":[{"embeddable":true,"href":"https:\/\/www.europesays.com\/es\/wp-json\/wp\/v2\/media\/123944"}],"wp:attachment":[{"href":"https:\/\/www.europesays.com\/es\/wp-json\/wp\/v2\/media?parent=123943"}],"wp:term":[{"taxonomy":"category","embeddable":true,"href":"https:\/\/www.europesays.com\/es\/wp-json\/wp\/v2\/categories?post=123943"},{"taxonomy":"post_tag","embeddable":true,"href":"https:\/\/www.europesays.com\/es\/wp-json\/wp\/v2\/tags?post=123943"}],"curies":[{"name":"wp","href":"https:\/\/api.w.org\/{rel}","templated":true}]}}