{"id":123947,"date":"2025-09-18T22:41:10","date_gmt":"2025-09-18T22:41:10","guid":{"rendered":"https:\/\/www.europesays.com\/es\/123947\/"},"modified":"2025-09-18T22:41:10","modified_gmt":"2025-09-18T22:41:10","slug":"eeuu-despliega-cazas-f-35b-en-puerto-rico-para-las-operaciones-militares-contra-el-narcotrafico-en-el-caribe","status":"publish","type":"post","link":"https:\/\/www.europesays.com\/es\/123947\/","title":{"rendered":"EEUU despliega cazas F-35B en Puerto Rico para las operaciones militares contra el narcotr\u00e1fico en el Caribe"},"content":{"rendered":"<p class=\"c-paragraph\">El Departamento de Guerra de <a href=\"https:\/\/www.20minutos.es\/tags\/temas\/eeuu.html\" title=\"EEUU\" rel=\"nofollow noopener\" target=\"_blank\">EEUU <\/a>ha confirmado este jueves que ha enviado <b>cazas de \u00faltima generaci\u00f3n F-35B a <a href=\"https:\/\/www.20minutos.es\/tags\/lugares\/puerto-rico.html\" title=\"Puerto Rico\" rel=\"nofollow noopener\" target=\"_blank\">Puerto Rico<\/a> <\/b>para que participen en el operativo que Washington ha activado para combatir el narcotr\u00e1fico en el Caribe. Un despliegue que Venezuela ha denunciado por considerar que busca forzar un cambio de Gobierno en Caracas.\u00a0<\/p>\n<p class=\"c-paragraph\">\u00abLos cazas F-35B Lightning II del Escuadr\u00f3n de Ataque de la Infanter\u00eda de Marina 225 ya se encuentran en Puerto Rico.<b> Est\u00e1n listos para combatir contra los c\u00e1rteles<\/b> cuyas actividades il\u00edcitas han tenido devastadoras consecuencias para los estadounidenses durante d\u00e9cadas\u00bb, ha se\u00f1alado el Departamento de Guerra en un escueto mensaje en redes sociales.\u00a0<\/p>\n<p class=\"c-paragraph\">La configuraci\u00f3n B del F-35 es la que permite el <b>despegue en corta distancia y el aterrizaje en vertical,<\/b> por lo que te\u00f3ricamente tiene capacidad para realizar estas operaciones desde las cubiertas de tres de los buques que EEUU tiene desplegados en el sur del Caribe.<\/p>\n<p class=\"c-paragraph\">Medios locales ya informaron a principio de la semana de que<b> al menos cinco aviones de combate F-35 <\/b>hab\u00edan aterrizado en la pista del aeropuerto regional Jos\u00e9 Aponte de la Torre, la antigua base Roosevelt Roads, en el municipio de Ceiba, en el noreste de Puerto Rico.\u00a0<\/p>\n<p class=\"c-paragraph\">El operativo, cuya efectividad ha sido puesta en duda por expertos que se\u00f1alan que el Caribe no es una ruta usada a gran escala por los narcotraficantes para introducir narc\u00f3ticos en EEUU, ha sido duramente criticado por Venezuela. La Administraci\u00f3n de Nicol\u00e1s Maduro ha activado unas <b>maniobras militares en la isla de La Orchila<\/b>, en el Caribe venezolano, para dar respuesta a lo que ha calificado como \u00abamenaza\u00bb de Washington.\u00a0<\/p>\n","protected":false},"excerpt":{"rendered":"El Departamento de Guerra de EEUU ha confirmado este jueves que ha enviado cazas de \u00faltima generaci\u00f3n F-35B&hellip;\n","protected":false},"author":2,"featured_media":123948,"comment_status":"","ping_status":"","sticky":false,"template":"","format":"standard","meta":{"footnotes":""},"categories":[42],"tags":[17,18,40556,1779,12022,115,15512,13,14,11,61,62,63,64,19,20,9,10,15,16,12,21,22,65,66,67],"class_list":{"0":"post-123947","1":"post","2":"type-post","3":"status-publish","4":"format-standard","5":"has-post-thumbnail","7":"category-internacional","8":"tag-breaking-news","9":"tag-breakingnews","10":"tag-cazas","11":"tag-confirma","12":"tag-despliegue","13":"tag-eeuu","14":"tag-f","15":"tag-featured-news","16":"tag-featurednews","17":"tag-headlines","18":"tag-internacional","19":"tag-international","20":"tag-international-news","21":"tag-internationalnews","22":"tag-latest-news","23":"tag-latestnews","24":"tag-news","25":"tag-noticias","26":"tag-noticias-destacadas","27":"tag-noticiasdestacadas","28":"tag-titulares","29":"tag-ultimas-noticias","30":"tag-ultimasnoticias","31":"tag-world","32":"tag-world-news","33":"tag-worldnews"},"share_on_mastodon":{"url":"","error":""},"_links":{"self":[{"href":"https:\/\/www.europesays.com\/es\/wp-json\/wp\/v2\/posts\/123947","targetHints":{"allow":["GET"]}}],"collection":[{"href":"https:\/\/www.europesays.com\/es\/wp-json\/wp\/v2\/posts"}],"about":[{"href":"https:\/\/www.europesays.com\/es\/wp-json\/wp\/v2\/types\/post"}],"author":[{"embeddable":true,"href":"https:\/\/www.europesays.com\/es\/wp-json\/wp\/v2\/users\/2"}],"replies":[{"embeddable":true,"href":"https:\/\/www.europesays.com\/es\/wp-json\/wp\/v2\/comments?post=123947"}],"version-history":[{"count":0,"href":"https:\/\/www.europesays.com\/es\/wp-json\/wp\/v2\/posts\/123947\/revisions"}],"wp:featuredmedia":[{"embeddable":true,"href":"https:\/\/www.europesays.com\/es\/wp-json\/wp\/v2\/media\/123948"}],"wp:attachment":[{"href":"https:\/\/www.europesays.com\/es\/wp-json\/wp\/v2\/media?parent=123947"}],"wp:term":[{"taxonomy":"category","embeddable":true,"href":"https:\/\/www.europesays.com\/es\/wp-json\/wp\/v2\/categories?post=123947"},{"taxonomy":"post_tag","embeddable":true,"href":"https:\/\/www.europesays.com\/es\/wp-json\/wp\/v2\/tags?post=123947"}],"curies":[{"name":"wp","href":"https:\/\/api.w.org\/{rel}","templated":true}]}}