{"id":123949,"date":"2025-09-18T22:42:12","date_gmt":"2025-09-18T22:42:12","guid":{"rendered":"https:\/\/www.europesays.com\/es\/123949\/"},"modified":"2025-09-18T22:42:12","modified_gmt":"2025-09-18T22:42:12","slug":"el-pp-y-vox-tumban-la-iniciativa-legislativa-popular-para-climatizar-y-aislar-los-colegios-de-madrid-noticias-de-madrid","status":"publish","type":"post","link":"https:\/\/www.europesays.com\/es\/123949\/","title":{"rendered":"El PP y Vox tumban la iniciativa legislativa popular para climatizar y aislar los colegios de Madrid | Noticias de Madrid"},"content":{"rendered":"<p class=\"\">Este jueves, el Instituto Arturo Soria en Manoteras ha cancelado la s\u00e9ptima hora de la jornada escolar ante la imposibilidad de garantizar el bienestar del alumnado. Con el regreso a las aulas ha vuelto el debate de la <a href=\"https:\/\/elpais.com\/espana\/madrid\/2025-06-09\/los-termometros-en-las-aulas-de-madrid-siguen-llegando-a-los-30-grados-pese-a-ocho-anos-de-denuncias.html\" target=\"_self\" rel=\"nofollow noopener\" title=\"https:\/\/elpais.com\/espana\/madrid\/2025-06-09\/los-termometros-en-las-aulas-de-madrid-siguen-llegando-a-los-30-grados-pese-a-ocho-anos-de-denuncias.html\">climatizaci\u00f3n y el aislamiento en los colegios madrile\u00f1os<\/a>, asunto que tambi\u00e9n ha llegado al pleno de la Asamblea con la presentaci\u00f3n de una iniciativa legislativa popular para <a href=\"https:\/\/elpais.com\/espana\/madrid\/2025-06-28\/los-205-aires-acondicionados-para-las-aulas-que-la-comunidad-de-madrid-licito-en-abril-siguen-sin-llegar.html\" target=\"_self\" rel=\"nofollow noopener\" title=\"https:\/\/elpais.com\/espana\/madrid\/2025-06-28\/los-205-aires-acondicionados-para-las-aulas-que-la-comunidad-de-madrid-licito-en-abril-siguen-sin-llegar.html\">paliar las temperaturas extremas<\/a> en los centros de ense\u00f1anza. Pero el PP y Vox se han posicionado en contra del texto, por lo que se espera que en la votaci\u00f3n, que tendr\u00e1 lugar a \u00faltima hora de la tarde, la medida no salga adelante. <\/p>\n<p class=\"\">Solo el PSOE y M\u00e1s Madrid se han mostrado a favor de la propuesta impulsada por la Federaci\u00f3n de <a href=\"https:\/\/elpais.com\/espana\/madrid\/2020-10-20\/padres-y-directores-de-instituto-dicen-basta-ya-y-exigen-medios-y-profesores-para-garantizar-la-educacion-en-madrid.html\" target=\"_self\" rel=\"nofollow noopener\" title=\"https:\/\/elpais.com\/espana\/madrid\/2020-10-20\/padres-y-directores-de-instituto-dicen-basta-ya-y-exigen-medios-y-profesores-para-garantizar-la-educacion-en-madrid.html\">Asociaciones de Padres y Madres del Alumnado Francisco Giner de los R\u00edos<\/a> (FAPA), los sindicatos Comisiones Obreras y UGT, adem\u00e1s de la Federaci\u00f3n Regional de Asociaciones Vecinales de Madrid (FRAVM). Parece que la iniciativa legislativa popular queda archivada sin avanzar hacia la tramitaci\u00f3n parlamentaria para consolidarse como ley, pese a que la propuesta ciudadana fue apoyada con m\u00e1s de 72.000 firmas, superando las 50.000 exigidas. Su admisi\u00f3n a tr\u00e1mite se produjo el 1 de abril.<\/p>\n<p class=\"\">El rechazo del PP y Vox llega despu\u00e9s de que la Inspecci\u00f3n de Trabajo exigiese este lunes a la Consejer\u00eda de Educaci\u00f3n de la Comunidad de Madrid la planificaci\u00f3n de \u201c<a href=\"https:\/\/elpais.com\/espana\/madrid\/2025-09-15\/la-inspeccion-de-trabajo-exige-a-la-comunidad-de-madrid-medidas-inmediatas-para-controlar-el-calor-en-los-colegios.html\" target=\"_self\" rel=\"nofollow noopener\" title=\"https:\/\/elpais.com\/espana\/madrid\/2025-09-15\/la-inspeccion-de-trabajo-exige-a-la-comunidad-de-madrid-medidas-inmediatas-para-controlar-el-calor-en-los-colegios.html\">medidas inmediatas de climatizaci\u00f3n<\/a> y aislamiento en los centros educativos\u201d, en un plazo m\u00e1ximo de dos meses, tras comprobar durante el verano que<a href=\"https:\/\/elpais.com\/espana\/madrid\/2025-06-09\/los-termometros-en-las-aulas-de-madrid-siguen-llegando-a-los-30-grados-pese-a-ocho-anos-de-denuncias.html\" rel=\"nofollow noopener\" target=\"_blank\"> los colegios superaban los l\u00edmites de temperatura establecidos<\/a>, entre los 17 y los 27 grados. <\/p>\n<p class=\"\">Ya no son noticia los mareos o desmayos por el calor en los centros educativos, que llevan a\u00f1os col\u00e1ndose entre los titulares cuando empiezan a subir las temperaturas. Una de las primeras veces que se habl\u00f3 del tema fue hace casi una d\u00e9cada, cuando Comisiones Obreras recibi\u00f3 varias denuncias al respecto. Pero \u00cd\u00f1igo Henr\u00edquez de Luna, diputado por Vox, considera que a la iniciativa legislativa popular le falta rigor t\u00e9cnico. \u201cM\u00e1s que aspirar a mejorar la climatizaci\u00f3n, aspira a hacer proselitismo de la <a href=\"https:\/\/elpais.com\/clima-y-medio-ambiente\/2024-03-31\/las-debilidades-del-negacionismo.html\" target=\"_self\" rel=\"nofollow noopener\" title=\"https:\/\/elpais.com\/clima-y-medio-ambiente\/2024-03-31\/las-debilidades-del-negacionismo.html\">nueva religi\u00f3n catastrofista clim\u00e1tica<\/a>\u201d, ha espetado.<\/p>\n<p class=\"\">Henr\u00edquez de Luna se ha posicionado a favor de reverdecer los patios, pero no de impulsar huertos ecol\u00f3gicos escolares, que a su juicio van en contra de la agricultura tradicional. \u201cLas placas solares en los tejadillos son de todo menos eficientes. Sentido com\u00fan s\u00ed, centros de adoctrinamiento clim\u00e1tico, no\u201d, ha expresado. Mirina Cort\u00e9s, diputada de la Asamblea por el PP, tampoco ha mostrado su aprobaci\u00f3n a la iniciativa legislativa popular. Ha trasladado que no es el recurso m\u00e1s id\u00f3neo en este caso, antes de enumerar diferentes medidas impulsadas por su partido, que a su juicio favorecen la climatizaci\u00f3n en los centros. <\/p>\n<p class=\"\">Cort\u00e9s no ha cerrado la puerta a trabajar en iniciativas por otra v\u00eda y ha acusado al PSOE de querer \u201csacar tajada\u201d con la iniciativa legislativa popular. El Consejero de Educaci\u00f3n, Emilio Viciana, tambi\u00e9n ha mostrado su inter\u00e9s en reunirse con las entidades proponentes, pero ha respaldado la opini\u00f3n de su compa\u00f1era de partido. <\/p>\n<p class=\"\">La decepci\u00f3n del portavoz socialista Esteban \u00c1lvarez ha sido palpable. Ha mostrado su descontento tras la decisi\u00f3n. \u201cEsta iniciativa no tiene color pol\u00edtico, tiene color humano\u201d, ha expresado tras advertir que solo se han aclimatado 200 centros de 1.800. \u201cSi seguimos a este ritmo, tardar\u00edamos 50 a\u00f1os en acondicionarlos todos. Igual que un ni\u00f1o no puede aprender con hambre, <a href=\"https:\/\/elpais.com\/espana\/madrid\/2020-10-30\/colectas-para-paliar-el-frio-en-las-aulas-de-madrid.html\" target=\"_self\" rel=\"nofollow noopener\" title=\"https:\/\/elpais.com\/espana\/madrid\/2020-10-30\/colectas-para-paliar-el-frio-en-las-aulas-de-madrid.html\">tampoco lo puede hacer sudando o con fr\u00edo<\/a>\u201d, ha lamentado.<\/p>\n<p class=\"\">\u00c1lvarez ha argumentado que los centros est\u00e1n muy anticuados y que sus sistemas de calefacci\u00f3n \u201cson uno de los principales contaminantes de la ciudad\u201d. Si el aire no se renueva de forma correcta, es normal percibir cansancio y somnolencia entre el alumnado, a su juicio. \u201cEsto es un enorme error con consecuencias serias para la comunidad educativa. <a href=\"https:\/\/elpais.com\/el-tiempo\/2025-09-17\/el-calor-se-intensifica-con-maximas-de-hasta-40-grados-en-el-sur-y-ascensos-notables-en-el-norte.html\" target=\"_self\" rel=\"nofollow noopener\" title=\"https:\/\/elpais.com\/el-tiempo\/2025-09-17\/el-calor-se-intensifica-con-maximas-de-hasta-40-grados-en-el-sur-y-ascensos-notables-en-el-norte.html\">El problema engordar\u00e1 a\u00f1o tras a\u00f1o<\/a> y esto ser\u00e1 una bola de nieve\u201d, ha lamentado tras recordar que el gasto por alumno en la educaci\u00f3n p\u00fablica madrile\u00f1a es de 6.039 euros, mientras la media espa\u00f1ola es de 7.384.<\/p>\n<p class=\"\">\u201cSe est\u00e1n saltando la ley que garantiza las condiciones dignas de los trabajadores. Hay centros educativos a 29 grados a las 9.00 de la ma\u00f1ana. Los ni\u00f1os madrile\u00f1os tienen el mismo derecho a estudiar en condiciones dignas que los valencianos o los andaluces. No creo que un aire acondicionado sea ideol\u00f3gico\u201d, ha expresado Pablo Padilla, diputado por M\u00e1s Madrid.<\/p>\n<p>Zonas verdes y paneles solares t\u00e9rmicos<\/p>\n<p class=\"\">La iniciativa legislativa popular presentada pretende regular las condiciones m\u00ednimas de habitabilidad tanto en los centros existentes como en los de nueva construcci\u00f3n. Entre otras cuestiones, esta propuesta incluye: sistemas de aislamiento t\u00e9rmico en fachadas; renovaci\u00f3n de instalaciones el\u00e9ctricas y cambios de unidades de climatizaci\u00f3n. Tambi\u00e9n aboga por la mejora de aislamiento de carpinter\u00eda, los nuevos sistemas de calefacci\u00f3n y climatizaci\u00f3n y la colocaci\u00f3n de toldos o alternativas m\u00e1s eficaces en ventanas y patios de recreo. <\/p>\n<p class=\"\">La apuesta por la <a href=\"https:\/\/elpais.com\/extra\/colegios\/2025-03-09\/patios-inclusivos-que-abrazan-la-naturaleza.html\" target=\"_self\" rel=\"nofollow noopener\" title=\"https:\/\/elpais.com\/extra\/colegios\/2025-03-09\/patios-inclusivos-que-abrazan-la-naturaleza.html\">generaci\u00f3n de zonas verdes<\/a> y los espacios de sombra en el exterior de los edificios es clara en el texto. Tambi\u00e9n la eliminaci\u00f3n de elementos que generen islas de calor, la instalaci\u00f3n de paneles solares t\u00e9rmicos o fotovoltaicos en tejados y aparcamientos o el uso de pinturas que favorezcan la menor absorci\u00f3n de calor.<\/p>\n<p class=\"\">La iniciativa legislativa popular pretende, adem\u00e1s, elaborar un protocolo para hacer frente a las situaciones de adversidad clim\u00e1tica y medioambiental, para minimizar el incremento de riesgo de estr\u00e9s t\u00e9rmico por calor y fr\u00edo. Adem\u00e1s, quiere desarrollar en los centros educativos actuaciones dirigidas a la reducci\u00f3n de las emisiones de gases de efecto invernadero y realizar auditor\u00edas energ\u00e9ticas que permitan detectar las deficiencias existentes en los centros.<\/p>\n<p class=\"\">\u201cTenemos patios que son aut\u00e9nticos solares, no hay quien est\u00e9 ah\u00ed. Solo pedimos condiciones dignas para los ni\u00f1os, pasan much\u00edsimo tiempo en los colegios e institutos\u201d, ha reivindicado Mar\u00eda Carmen Morillas, presidenta de la FAPA. <a href=\"https:\/\/elpais.com\/educacion\/2025-07-18\/menos-ninos-mas-plazas-publicas-y-amplia-competencia-el-25-de-escuelas-infantiles-privadas-ha-cerrado-en-los-ultimos-cinco-anos.html\" target=\"_self\" rel=\"nofollow noopener\" title=\"https:\/\/elpais.com\/educacion\/2025-07-18\/menos-ninos-mas-plazas-publicas-y-amplia-competencia-el-25-de-escuelas-infantiles-privadas-ha-cerrado-en-los-ultimos-cinco-anos.html\">En las escuelas infantiles<\/a>, cuyo calendario escolar se alarga hasta el mes de julio incluido, la situaci\u00f3n es preocupante. \u201cLas familias recibimos muchas veces notificaciones en las que nos piden evitar llevar a los beb\u00e9s a las aulas\u201d, ha contado Morillas.<\/p>\n<p class=\"\">A\u00edda San Mill\u00e1n, portavoz de Comisiones Obreras, ha pedido que se establezcan las condiciones m\u00ednimas de habitabilidad en los centros p\u00fablicos. \u201cSe est\u00e1n construyendo colegios e institutos nuevos con las mismas condiciones que se constru\u00edan en los a\u00f1os sesenta\u201d, ha se\u00f1alado tras recalcar que las partidas presupuestarias de los centros son m\u00ednimas. \u201cLes piden que bajen la calefacci\u00f3n en mitad de olas de fr\u00edo, no puede ser\u201d, ha reprochado antes de enumerar varios episodios de golpes de calor tanto en ni\u00f1os como adultos dentro de los centros educativos: \u201cHa habido que llamar a ambulancias, es una negligencia\u201d.<\/p>\n<p class=\"\">El presidente de la FRAVM, Jorge Nacarino, ha mostrado su sorpresa ante lo sucedido. \u201cEn la recogida de firmas no encontramos diferencias entre barrios del norte y barrios del sur, era algo con lo que todo el mundo estaba de acuerdo. Si esto hubiera salido adelante, ser\u00eda la primera vez en la historia de la Comunidad de Madrid que se aprobar\u00eda una iniciativa legislativa popular\u201d, ha expresado.<\/p>\n<p class=\"\">Nacarino ha trasladado al PP que, tanto desde la comunidad educativa como desde el movimiento vecinal, recogen la mano que les han tendido, a pesar de no aprobar su iniciativa, para impulsar un pacto regional por la climatizaci\u00f3n de los centros escolares.<\/p>\n","protected":false},"excerpt":{"rendered":"Este jueves, el Instituto Arturo Soria en Manoteras ha cancelado la s\u00e9ptima hora de la jornada escolar ante&hellip;\n","protected":false},"author":2,"featured_media":123950,"comment_status":"","ping_status":"","sticky":false,"template":"","format":"standard","meta":{"footnotes":""},"categories":[8],"tags":[30365,17,18,4922,23370,40557,1467,2026,25,24,9486,367,13,14,16249,11,3515,19,20,205,11388,9,10,15,16,8150,956,23369,1699,23,12,21,22,624],"class_list":{"0":"post-123949","1":"post","2":"type-post","3":"status-publish","4":"format-standard","5":"has-post-thumbnail","7":"category-espana","8":"tag-aulas","9":"tag-breaking-news","10":"tag-breakingnews","11":"tag-calor","12":"tag-centros-educativos","13":"tag-climatizacion","14":"tag-comunidad-de-madrid","15":"tag-educacion","16":"tag-es","17":"tag-espana","18":"tag-estudiantes","19":"tag-familia","20":"tag-featured-news","21":"tag-featurednews","22":"tag-frio","23":"tag-headlines","24":"tag-isabel-diaz-ayuso","25":"tag-latest-news","26":"tag-latestnews","27":"tag-madrid","28":"tag-mas-madrid","29":"tag-news","30":"tag-noticias","31":"tag-noticias-destacadas","32":"tag-noticiasdestacadas","33":"tag-politica-educativa","34":"tag-pp","35":"tag-profesorado","36":"tag-psoe","37":"tag-spain","38":"tag-titulares","39":"tag-ultimas-noticias","40":"tag-ultimasnoticias","41":"tag-vox"},"share_on_mastodon":{"url":"","error":""},"_links":{"self":[{"href":"https:\/\/www.europesays.com\/es\/wp-json\/wp\/v2\/posts\/123949","targetHints":{"allow":["GET"]}}],"collection":[{"href":"https:\/\/www.europesays.com\/es\/wp-json\/wp\/v2\/posts"}],"about":[{"href":"https:\/\/www.europesays.com\/es\/wp-json\/wp\/v2\/types\/post"}],"author":[{"embeddable":true,"href":"https:\/\/www.europesays.com\/es\/wp-json\/wp\/v2\/users\/2"}],"replies":[{"embeddable":true,"href":"https:\/\/www.europesays.com\/es\/wp-json\/wp\/v2\/comments?post=123949"}],"version-history":[{"count":0,"href":"https:\/\/www.europesays.com\/es\/wp-json\/wp\/v2\/posts\/123949\/revisions"}],"wp:featuredmedia":[{"embeddable":true,"href":"https:\/\/www.europesays.com\/es\/wp-json\/wp\/v2\/media\/123950"}],"wp:attachment":[{"href":"https:\/\/www.europesays.com\/es\/wp-json\/wp\/v2\/media?parent=123949"}],"wp:term":[{"taxonomy":"category","embeddable":true,"href":"https:\/\/www.europesays.com\/es\/wp-json\/wp\/v2\/categories?post=123949"},{"taxonomy":"post_tag","embeddable":true,"href":"https:\/\/www.europesays.com\/es\/wp-json\/wp\/v2\/tags?post=123949"}],"curies":[{"name":"wp","href":"https:\/\/api.w.org\/{rel}","templated":true}]}}