{"id":12395,"date":"2025-07-29T20:04:11","date_gmt":"2025-07-29T20:04:11","guid":{"rendered":"https:\/\/www.europesays.com\/es\/12395\/"},"modified":"2025-07-29T20:04:11","modified_gmt":"2025-07-29T20:04:11","slug":"verifactu-el-fin-de-las-facturas-invisibles-rtve-es","status":"publish","type":"post","link":"https:\/\/www.europesays.com\/es\/12395\/","title":{"rendered":"Verifactu: el fin de las facturas invisibles &#8211; RTVE.es"},"content":{"rendered":"<ol>\n<li><a href=\"https:\/\/news.google.com\/rss\/articles\/CBMimgFBVV95cUxNalNGMXZOajU4ai10aDRmc0NqbkktT25BOTY4M2hFY2dMVTQ5Wnk4dUwtcjh1OHBoNXMybFc3LWFjVFpmOGFjY0xuWXRUazg4bG0tSUEyR0dBRHZ4ekVkQUZiZDY5RlJfeXRkVnJlQnNUNko4a1J0bHhtU21LTjdPUkJHRmZwRWdyNDVfU004c2hDN3NFTWlGanhR?oc=5\" target=\"_blank\" rel=\"nofollow noopener\">Verifactu: el fin de las facturas invisibles<\/a>&nbsp;&nbsp;RTVE.es<\/li>\n<li><a href=\"https:\/\/news.google.com\/rss\/articles\/CBMilwFBVV95cUxPQmxFWXIzTXhmQlg0NTFqU3k0UzZhM09ZcV85SVM0TGk3c0lSeGxyTmxjRTZLbzJKUWZFbVY2UW9yVHhIWnNENnRaMkpFTUstRmNvRjNPRHVIOWdmaHd5ejlKUEFrVUhvdXJKajBFamEtWjZFWlJzWEUySEdLMmEyLTFyRjVqT1Y5YlkxeGsyeTlTV18xZGlJ0gGcAUFVX3lxTE1rQmtsSm5pUlQtYmJTUjB4Uy12cWdmdFFycFUtSGhnQ2lialQ0Q1NNdDY4VjhnbkxEakZuQ3RtZzZmN1FlTXJPcXJtMDVaN003ekZyenFpSzVUazZwYXpJY3VSS2o5X25zR0tZcnUtRW1iSTlDS0N0V3ctNGN1blEzUzVzWWUtTUNIXzE2RnZfYXlpTEd4Y19vSEtpLQ?oc=5\" target=\"_blank\" rel=\"nofollow noopener\">Hacienda empieza a perseguir la contabilidad en B de siete millones de pymes y aut\u00f3nomos<\/a>&nbsp;&nbsp;The Objective<\/li>\n<li><a href=\"https:\/\/news.google.com\/rss\/articles\/CBMi-AFBVV95cUxON1JGTnZCbms3QXVDQmhnUmJPOVJqR3pOZ3lKZ1NVUDR5X2c2Zk9ZRDMyOXFkZUhqdlREWlRjY3kyU2tjd2h5MGFLMTNha01kS2ZlS1hUVHM0aUxvcXlWYkZNbGVIa2VNU0MwczZQQXBvUHZFN0txMU4yV1BrWm40d0xWaUp2SktDU3VCY2NDZld6X0Y1LVBsOFpDN0xTbUZFdDdWOFhqaWlDZzd6emZGaHRQYVlDaVFRZzFxWWRRTTB0Sy1ndnJ6NW1rQ0lqa3RPV2wweUZrTmlFcXd0UjJqYzlFT1c4R1B1LXQxeTZjMUUzRFUwV1plQQ?oc=5\" target=\"_blank\" rel=\"nofollow noopener\">Los desarrolladores de software de facturaci\u00f3n, obligados a adaptar sus programas a Verifactu a partir de hoy<\/a>&nbsp;&nbsp;La Vanguardia<\/li>\n<li><a href=\"https:\/\/news.google.com\/rss\/articles\/CBMi-AFBVV95cUxPTGFVYXFNRmpscmhDbUdVUk5jcTFURFJzWUVuVGZIMUtlRlhBLXc5NThmMmVPTGtZOGhRMXNFZlFfUDBWYnJhVmVPcnZuc3JSUWtfUlZHeHNHQ0I3Mkd1VFE0dnZGVkU4UkU0LS1hNWtmVEFzbGJoZy1CdDhRUG9jTFNubVZzLU1zaWFERW1LUFZLWm9CUVE5dFVaSXAxLWkxMVZkQ2V2X2p5Z192UVlyWmhqRFlpcWxVRVd0Z2ZEVTNZb2E2elN0a01EUmFTNFhnU01XM09DbDEtWUdhSVVYLUdIa2doQXFqVEdlaTNlZkdOeVFRTXJYZg?oc=5\" target=\"_blank\" rel=\"nofollow noopener\">Alerta a pymes y aut\u00f3nomos: Hacienda controlar\u00e1 y revisar\u00e1 sus facturas sin emitir y les obligar\u00e1 a guardarlas<\/a>&nbsp;&nbsp;La Raz\u00f3n<\/li>\n<li><a href=\"https:\/\/news.google.com\/rss\/articles\/CBMiuAJBVV95cUxOY2JxaWdnZ1hhVDA2QnFRemlrNTNpdFc5Y2R3enVOdElKTWZ4VF9wTHJmX2xDTHN6ejNfM1NUSFNaakJMNVozbTZBdDY4NFFsWXR0TDFXWmJ4NkMybU03NUNaaHpyVUlVMldVNzdPamNqYlgxNFdocVNuWHZVV3QzRngyazBEenNpbjVoN1VkakV0Y05aRWdkTDdpc096cGtiaFk2UlU1LU1KR2ZCODBVMHhDMEJBV2ZsMzRfUjMxLWJpZ2NkUDJRSmdLREtud1NYenprRE9QTHcyMVJJQW5TZFBWb1U4X0RuQ01TMWZGN1JLRGJBOThhZ2cxX2JBTC1TS2k5Sm5zS1lSV2FPRHpnb3l4WENNMWtVLWJaamVQaG9JQi1yRGpJVGsxX2hHYTU3d3EwQ1dzT3jSAbgCQVVfeXFMTUE3eC1OdGtiUUpmYTNxUHp5a01PaV94OHVWNGZiYms5bWVRUXNhWEc1Z2RrSDdxSW9aVkQyb3hWWFdUblYwdnZldmd0dVpuMU9ENEZ1Z3hES2hGMjhMcWZlQjZKZlVSeC1oTVRzaGNiUmNkZC1taTJrZEVEZnRnUXUwSTB6a0FKbWVUMjIzdzQ0VnBmUDFxQ2FwOEpBSXJyb0NQbW10X182MEVpWU5ueHQzWDNRUmswalctSm5XRXdpUFpkT0hxT0VMY09jb2hQbHBxbGo5MmNtMFo0YjA5bmxqWWM3MEZ6YkJHOThxNVlSb3ZEWlkxX2lYSlhUY1dLX2dFWnhMNW5rMTlfUmxTZ0NPOWJCTGFOLVNkcHpDMWtDbG1PUEMxb21UeUlFeGJ5NW5KNVJmRWFT?oc=5\" target=\"_blank\" rel=\"nofollow noopener\">El Colegio de Economistas de Castell\u00f3n llama a empresas y aut\u00f3nomos a anticiparse al nuevo sistema de facturac<\/a>&nbsp;&nbsp;Onda Cero<\/li>\n<\/ol>\n","protected":false},"excerpt":{"rendered":"Verifactu: el fin de las facturas invisibles&nbsp;&nbsp;RTVE.es Hacienda empieza a perseguir la contabilidad en B de siete millones&hellip;\n","protected":false},"author":2,"featured_media":12396,"comment_status":"","ping_status":"","sticky":false,"template":"","format":"standard","meta":{"footnotes":""},"categories":[80],"tags":[82,95,94,25,24,8651,133,1448,1986,1987,23,8652],"class_list":{"0":"post-12395","1":"post","2":"type-post","3":"status-publish","4":"format-standard","5":"has-post-thumbnail","7":"category-economia","8":"tag-business","9":"tag-economia","10":"tag-economy","11":"tag-es","12":"tag-espana","13":"tag-fin-de-mes","14":"tag-online","15":"tag-radio","16":"tag-rne","17":"tag-rtve-play","18":"tag-spain","19":"tag-verifactu-el-fin-de-las-facturas-invisibles"},"share_on_mastodon":{"url":"","error":""},"_links":{"self":[{"href":"https:\/\/www.europesays.com\/es\/wp-json\/wp\/v2\/posts\/12395","targetHints":{"allow":["GET"]}}],"collection":[{"href":"https:\/\/www.europesays.com\/es\/wp-json\/wp\/v2\/posts"}],"about":[{"href":"https:\/\/www.europesays.com\/es\/wp-json\/wp\/v2\/types\/post"}],"author":[{"embeddable":true,"href":"https:\/\/www.europesays.com\/es\/wp-json\/wp\/v2\/users\/2"}],"replies":[{"embeddable":true,"href":"https:\/\/www.europesays.com\/es\/wp-json\/wp\/v2\/comments?post=12395"}],"version-history":[{"count":0,"href":"https:\/\/www.europesays.com\/es\/wp-json\/wp\/v2\/posts\/12395\/revisions"}],"wp:featuredmedia":[{"embeddable":true,"href":"https:\/\/www.europesays.com\/es\/wp-json\/wp\/v2\/media\/12396"}],"wp:attachment":[{"href":"https:\/\/www.europesays.com\/es\/wp-json\/wp\/v2\/media?parent=12395"}],"wp:term":[{"taxonomy":"category","embeddable":true,"href":"https:\/\/www.europesays.com\/es\/wp-json\/wp\/v2\/categories?post=12395"},{"taxonomy":"post_tag","embeddable":true,"href":"https:\/\/www.europesays.com\/es\/wp-json\/wp\/v2\/tags?post=12395"}],"curies":[{"name":"wp","href":"https:\/\/api.w.org\/{rel}","templated":true}]}}