{"id":123951,"date":"2025-09-18T22:43:09","date_gmt":"2025-09-18T22:43:09","guid":{"rendered":"https:\/\/www.europesays.com\/es\/123951\/"},"modified":"2025-09-18T22:43:09","modified_gmt":"2025-09-18T22:43:09","slug":"la-rectora-conchi-lopez-anuncia-la-puesta-en-marcha-de-un-proyecto-tic-estrategico-para-el-curso-2026-2027","status":"publish","type":"post","link":"https:\/\/www.europesays.com\/es\/123951\/","title":{"rendered":"La rectora Conchi L\u00f3pez anuncia la puesta en marcha de un proyecto TIC estrat\u00e9gico para el curso 2026-2027"},"content":{"rendered":"<p>&#13;<br \/>\n                        &#13;<br \/>\n                        &#13;<br \/>\n                        &#13;<br \/>\n                        La rectora Conchi L\u00f3pez anuncia la puesta en marcha de un proyecto TIC estrat\u00e9gico para el curso 2026-2027&#13;<br \/>\n                        &#13;\n                    <\/p>\n<p>&#13;<br \/>\n                        &#13;<br \/>\n                        &#13;<br \/>\n                        La iniciativa comenzar\u00e1 con la configuraci\u00f3n de un centro que agrupe Ingenier\u00eda Inform\u00e1tica y de Telecomunicaciones y con la ampliaci\u00f3n de plazas y titulaciones en este \u00e1mbito&#13;<br \/>\n                        &#13;\n                    <\/p>\n<p>\u00a0<\/p>\n<p>&#13;<br \/>\n   \u00a0<\/p>\n<p>\u00a0<\/p>\n<p style=\"text-align:left;\">La rectora de la Universidad de Cantabria (UC), &#13;<br \/>\n   <strong>Conchi L\u00f3pez Fern\u00e1ndez<\/strong>, ha anunciado la puesta en marcha de un proyecto TIC que agrupe Ingenier\u00eda Inform\u00e1tica y de Comunicaciones para el curso 2026\/2027, \u201cque, esperamos, pueda servir para aglutinar y potenciar nuestras capacidades, que son muchas en este \u00e1mbito, y para facilitar la coordinaci\u00f3n interna y externa\u00bb.\u00a0<\/p>\n<p style=\"text-align:left;\">La rectora desvel\u00f3 este proyecto durante la ceremonia de inauguraci\u00f3n oficial del curso acad\u00e9mico 2025\/2026, un acto que rompi\u00f3 con el formato tradicional y reuni\u00f3 en el Paraninfo a cerca de 500 personas. La jornada, centrada en la divulgaci\u00f3n cient\u00edfica, la sostenibilidad y la inteligencia artificial, combin\u00f3 mon\u00f3logos y puestas en escena innovadoras que ofrecieron una manera original de dar la bienvenida a toda la comunidad universitaria.\u00a0<\/p>\n<p style=\"text-align:left;\">\u201cHoy quiero anunciar que estamos trabajando activamente para que a partir del curso 2026-2027 podamos ver ampliada la oferta de plazas y titulaciones en el \u00e1mbito TIC. No ser\u00e1 el \u00fanico cambio en nuestra oferta de titulaciones, pero s\u00ed el m\u00e1s ambicioso ya que llegar\u00e1 acompa\u00f1ado de diversas medidas de reestructuraci\u00f3n y eficiencia interna y de un trabajo conjunto con las empresas e instituciones y el gobierno de la regi\u00f3n para poder acometerlo\u00bb, a\u00f1adi\u00f3 la rectora sobre este futuro proyecto en su &#13;<br \/>\n   <a href=\"https:\/\/web.unican.es\/noticias\/Documents\/2025\/20250918%20_Discurso%20Rectora%20Acto%20Inauguraci%c3%b3n%20Curso%2025-26.pdf\" rel=\"nofollow noopener\" target=\"_blank\">discurso<\/a>.\u00a0\u00a0<\/p>\n<p style=\"text-align:left;\">\u00a0<img decoding=\"async\" src=\"https:\/\/www.europesays.com\/es\/wp-content\/uploads\/2025\/09\/rectora UC.jpg\" alt=\"rectora UC.jpg\" style=\"margin:5px;\"\/>\u00a0<\/p>\n<p>El futuro de Cantabria, inevitablemente ligado al futuro de su Universidad<\/p>\n<p style=\"text-align:left;\">Con la convicci\u00f3n de que \u201clas tecnolog\u00edas digitales y las TIC en general no son el futuro, son el presente y una apuesta estrat\u00e9gica muy importante de nuestra regi\u00f3n\u00bb, L\u00f3pez se dirigi\u00f3 a la presidenta del Ejecutivo regional para afirmar que \u201cel futuro de Cantabria est\u00e1 inevitablemente ligado al futuro de su Universidad. Y por eso necesitamos y queremos caminar de la mano de todas las instituciones que gobiernan y representan a esta Comunidad. Les pedimos apoyo no solo en lo econ\u00f3mico, sino tambi\u00e9n en lo simb\u00f3lico y en lo pol\u00edtico: que la Universidad sea siempre vista como una prioridad estrat\u00e9gica, como la palanca que multiplica las oportunidades de nuestra regi\u00f3n\u00bb porque \u201csi la Universidad de Cantabria crece, Cantabria crece con ella\u00bb.\u00a0<\/p>\n<p style=\"text-align:left;\">La rectora tambi\u00e9n subray\u00f3 la necesidad de \u201cincrementar la a\u00fan baja tasa de innovaci\u00f3n de la econom\u00eda c\u00e1ntabra\u00bb como \u201cuno de\u00a0los grandes desaf\u00edos que enfrentamos como regi\u00f3n\u00bb y se comprometi\u00f3 a \u201cimpulsar los mecanismos de cooperaci\u00f3n universidad-empresa que puedan\u00a0contribuir a lograrlo\u00bb, e hizo referencia a la \u201ctransformaci\u00f3n cultural sin precedentes\u00bb que est\u00e1 viviendo la regi\u00f3n, que \u201cva a convertir a Santander en un polo cultural de referencia (MUPAC, el Centro Bot\u00edn, el Faro Santander, la presencia del Museo Reina Sof\u00eda). La UC debe estar presente en esta transformaci\u00f3n, colaborando con las instituciones que la impulsan y aportando el talento, el conocimiento y la creatividad de nuestra comunidad\u00bb.\u00a0<\/p>\n<p style=\"text-align:left;\">El \u00abhito hist\u00f3rico\u00bb de haber conseguido \u201cla mejor posici\u00f3n en el influyente ranking de Shangh\u00e1i desde que formamos parte de \u00e9l\u00bb, la elaboraci\u00f3n actualmente de los Estatutos y de un nuevo Plan Estrat\u00e9gico para la Universidad fueron otros de los puntos destacados por la rectora, quien tambi\u00e9n se refiri\u00f3 a asuntos internos como la promoci\u00f3n de la plantilla docente e investigadora, \u201cen un proceso ambicioso y dialogado con los sindicatos\u00bb, as\u00ed como la reestructuraci\u00f3n \u201cdel personal t\u00e9cnico de gesti\u00f3n, administraci\u00f3n y servicios, cuyo trabajo sostiene de manera silenciosa pero decisiva cada paso que damos como instituci\u00f3n\u00bb.\u00a0<\/p>\n<p style=\"text-align:left;\">Conchi L\u00f3pez hizo tambi\u00e9n referencia al nuevo formato de inauguraci\u00f3n, pues \u201cqueremos una universidad que tambi\u00e9n innove en c\u00f3mo se comunica y en c\u00f3mo se presenta a la sociedad, capaz de combinar el rigor acad\u00e9mico con la fascinaci\u00f3n\u00bb, ya que \u201cen tiempos de desinformaci\u00f3n, el conocimiento es nuestro mayor ant\u00eddoto\u00bb.\u00a0<\/p>\n<p style=\"text-align:left;\">&#13;<br \/>\n   <strong>Helena Gonz\u00e1lez Bur\u00f3n,<\/strong> doctora en Biomedicina, fundadora y directora de Big Van Ciencia, ya avis\u00f3 desde el principio que \u201ceste a\u00f1o, el acto inaugural ser\u00e1\u2026 un poco menos &#8216;acto&#8217; y un poco m\u00e1s &#8216;inaugural&#8217; (\u2026) Como siempre, repasaremos las principales actividades de la Universidad durante el a\u00f1o pasado, escucharemos el discurso de bienvenida de nuestra rectora y nuestra presidenta, por supuesto, entonaremos el tradicional Gaudeamus Igitur. Pero, adem\u00e1s, este a\u00f1o a\u00f1adimos algo de humor: habr\u00e1 mon\u00f3logos que nos har\u00e1n re\u00edr, charlas que nos har\u00e1n pensar\u2026 e incluso re\u00edr y pensar al mismo tiempo, que es lo m\u00e1s parecido a hacer cardio intelectual\u00bb.\u00a0<\/p>\n<p>Buruaga: el Gobierno y la UC van de la mano<\/p>\n<p style=\"text-align:left;\">La presidenta de Cantabria, &#13;<br \/>\n   <strong>Mar\u00eda Jos\u00e9 S\u00e1enz de Buruaga<\/strong>, destac\u00f3 que el Gobierno y la UC \u201cvan de la mano\u00bb en los \u201cejes de transformaci\u00f3n\u00bb de la econom\u00eda y la sociedad regional, \u201cunidos por el firme compromiso con la comunidad aut\u00f3noma y la igualdad de oportunidades\u00bb.\u00a0\u00a0 \u00a0<\/p>\n<p style=\"text-align:left;\">En su intervenci\u00f3n, la presidenta afirm\u00f3 que compartir el marco estrat\u00e9gico com\u00fan con la UC es \u201cgarant\u00eda de acierto\u00bb, mostr\u00e1ndose optimista ante lo \u201cmuch\u00edsimo\u00bb que la universidad p\u00fablica puede aportar \u201ca la construcci\u00f3n de una comunidad m\u00e1s avanzada, m\u00e1s sostenible e inclusiva y capaz de convertir los anhelos en realidades tangibles\u00bb. \u00a0<\/p>\n<p style=\"text-align:left;\">En el marco de esta estrategia compartida, S\u00e1enz de Buruaga transmiti\u00f3 el apoyo del Ejecutivo regional a la creaci\u00f3n del centro TIC agrupado de Inform\u00e1tica y Telecomunicaciones que la UC va a poner en marcha tal y como hab\u00eda anunciado previamente la rectora.\u00a0<\/p>\n<p style=\"text-align:left;\">Por su parte, el secretario general,\u00a0<strong>Julio \u00c1lvarez Rubio<\/strong>, sintetiz\u00f3 la Memoria del curso anterior, destacando datos como los 12.535 estudiantes matriculados (2.190 de nuevo ingreso), y el personal adscrito a la UC: los 2.072 docentes e investigadores (PDI), 1.121 profesionales de administraci\u00f3n, gesti\u00f3n y servicios (PTGAS) y 630 contratados por proyectos de investigaci\u00f3n. \u201cEn total, m\u00e1s de 3.800 personas que trabajan con el objetivo de garantizar la excelencia en la misi\u00f3n de la Universidad para con la sociedad\u00bb, expuso.\u00a0<\/p>\n<p style=\"text-align:left;\">Posteriormente, realiz\u00f3 un breve recorrido por los hitos m\u00e1s relevantes del curso 2024\/2025, como la toma de posesi\u00f3n de la rectora el pasado 14 de febrero o los relevos en los decanatos y direcciones de las Facultades de Enfermer\u00eda, Educaci\u00f3n, Medicina, Ciencias, en la Escuela Polit\u00e9cnica de Ingenier\u00eda de Minas y Energ\u00eda, as\u00ed como en la Escuela de Doctorado, \u201clo que supone la consolidaci\u00f3n de nuevos liderazgos acad\u00e9micos\u00bb.\u00a0\u00a0<\/p>\n<p style=\"text-align:left;\"><img decoding=\"async\" src=\"https:\/\/www.europesays.com\/es\/wp-content\/uploads\/2025\/09\/rectora y presidenta con doctores.jpg\" alt=\"rectora y presidenta con doctores.jpg\" style=\"margin:5px;\"\/>\u00a0\u00a0<\/p>\n<p>Inteligencia Artificial Verde<\/p>\n<p style=\"text-align:left;\">&#13;<br \/>\n   <strong>Ver\u00f3nica Bol\u00f3n Canedo<\/strong>, profesora titular de la Universidad de La Coru\u00f1a y directora de la C\u00e1tedra UDC-Inditex de IA en Algoritmos Verdes, fue la encargada de pronunciar la lecci\u00f3n inaugural: &#8216;Inteligencia Artificial Verde: hacia un futuro sostenible&#8217;. Bol\u00f3n Canedo hizo suya la normativa de la Uni\u00f3n Europea sobre que \u201cla prioridad del Parlamento es garantizar que los sistemas de IA utilizados en la UE sean seguros, transparentes, trazables, o discriminatorios y respetuosos con el medio ambiente\u00bb.\u00a0<\/p>\n<p style=\"text-align:left;\">En este sentido, para esta experta, \u201cel desarrollo de normativas y regulaciones es clave para garantizar que la IA avance de manera responsable\u00bb, al mismo tiempo que \u201cla IA no solo tiene que dejar de ser un problema ambiental como tecnolog\u00eda, sino que tambi\u00e9n puede ser parte de la soluci\u00f3n\u00bb, apostando por el binomio IA y sostenibilidad.\u00a0\u00a0<\/p>\n<p style=\"text-align:left;\"><img decoding=\"async\" src=\"https:\/\/www.europesays.com\/es\/wp-content\/uploads\/2025\/09\/Ver\u00f3nica Bol\u00f3n.jpg\" alt=\"Ver\u00f3nica Bol\u00f3n.jpg\" style=\"margin:5px;\"\/>\u00a0<\/p>\n<p style=\"text-align:left;\">El profesor &#13;<br \/>\n   <strong>Alberto Coz Fern\u00e1ndez<\/strong>, catedr\u00e1tico de Ingenier\u00eda Qu\u00edmica y director de \u00c1rea de Comunicaci\u00f3n Cient\u00edfica UC, present\u00f3 un mon\u00f3logo cient\u00edfico entre pescados, cuchillos, un delantal y un maniqu\u00ed, para explicar a una divertida audiencia las partes que se tienen en cuenta para que un proyecto ambiental tenga un futuro sostenible. Par ello, us\u00f3 como ejemplo un proyecto de investigaci\u00f3n que dirige acerca de la obtenci\u00f3n de biodi\u00e9sel a partir de residuos de pesca en Cantabria. \u00a0<\/p>\n<p style=\"text-align:left;\">&#13;<br \/>\n   <strong>Alicia Otero Garc\u00eda<\/strong>, profesora del departamento de Patolog\u00eda Animal de la Facultad de Veterinaria e investigadora del Centro de Encefalopat\u00edas y Enfermedades Transmisibles Emergentes de la Universidad de Zaragoza, present\u00f3 dos mon\u00f3logos, con el aval de haber sido la reciente ganadora del certamen nacional organizado por la Fundaci\u00f3n Espa\u00f1ola para la Ciencia y Tecnolog\u00eda (<a href=\"https:\/\/www.solodeciencia.es\/\" rel=\"nofollow noopener\" target=\"_blank\">FECYT): &#8216;Solo de Ciencia&#8217;<\/a>.<\/p>\n<p style=\"text-align:left;\">En &#8216;Gossip sapiens&#8217;, Otero combin\u00f3 la neurociencia y la antropolog\u00eda para explicar el origen y la funci\u00f3n social del cotilleo, as\u00ed como los mecanismos cerebrales y neurotransmisores implicados en nuestro irresistible inter\u00e9s por la vida ajena, mientras que en el mon\u00f3logo &#8216;Un intruso en tu cerebro&#8217;, present\u00f3 el fen\u00f3meno de los pensamientos intrusivos, explorando c\u00f3mo surgen, por qu\u00e9 se repiten y qu\u00e9 papel juega la ansiedad en este proceso.\u00a0<\/p>\n<p style=\"text-align:left;\">Entre los asistentes, adem\u00e1s de un amplio n\u00famero de miembros de la comunidad universitaria y representantes del tejido empresarial, social y cultural, estuvieron presentes la presidenta del Parlamento de Cantabria, &#13;<br \/>\n   <strong>Mar\u00eda Jos\u00e9 Gonz\u00e1lez Revuelta<\/strong>; el delegado del Gobierno en Cantabria, &#13;<br \/>\n   <strong>Pedro Casares Honta\u00f1\u00f3n<\/strong>; la alcaldesa de Santander; &#13;<br \/>\n   <strong>Gema Igual Ortiz<\/strong>; el consejero de Educaci\u00f3n, FP y Universidades, &#13;<br \/>\n   <strong>Sergio Silva Fern\u00e1ndez<\/strong>, y la directora general de Universidades y Pol\u00edtica Universitaria, &#13;<br \/>\n   <strong>Marta Pascual S\u00e1ez<\/strong>.\u00a0<\/p>\n<p style=\"text-align:left;\"><img decoding=\"async\" src=\"https:\/\/www.europesays.com\/es\/wp-content\/uploads\/2025\/09\/mesa presidencial.jpg\" alt=\"mesa presidencial.jpg\" style=\"margin:5px;\"\/>\u00a0\u00a0<\/p>\n<p style=\"text-align:left;\">El acto cont\u00f3 con la interpretaci\u00f3n de la Camerata Coral de la UC, bajo la direcci\u00f3n de Ra\u00fal Su\u00e1rez.\u00a0 Toda la ceremonia puede volver a verse a trav\u00e9s del enlace:\u00a0<a href=\"https:\/\/youtube.com\/live\/I--3gBa7enw?feature=share\" rel=\"nofollow noopener\" target=\"_blank\">https:\/\/youtube.com\/live\/I&#8211;3gBa7enw?feature=share<\/a>\u00a0.\u00a0<\/p>\n<p style=\"text-align:justify;\">&#13;<br \/>\n   Pies de fotos: en el centro, imagen de la comitiva acad\u00e9mica. En el interior, por orden: la rectora de la UC,\u00a0 la presidenta de Cantabria con la rectora y los doctores, Ver\u00f3nica Bol\u00f3n y fotograf\u00eda de la mesa presidencial.<\/p>\n<p>\u00a0\u00a0<\/p>\n","protected":false},"excerpt":{"rendered":"&#13; &#13; &#13; &#13; La rectora Conchi L\u00f3pez anuncia la puesta en marcha de un proyecto TIC estrat\u00e9gico&hellip;\n","protected":false},"author":2,"featured_media":123952,"comment_status":"","ping_status":"","sticky":false,"template":"","format":"standard","meta":{"footnotes":""},"categories":[5],"tags":[17,18,2771,25,24,13,14,11,19,20,9,10,15,16,964,23,12,10956,21,22,2845],"class_list":{"0":"post-123951","1":"post","2":"type-post","3":"status-publish","4":"format-standard","5":"has-post-thumbnail","7":"category-titulares","8":"tag-breaking-news","9":"tag-breakingnews","10":"tag-cantabria","11":"tag-es","12":"tag-espana","13":"tag-featured-news","14":"tag-featurednews","15":"tag-headlines","16":"tag-latest-news","17":"tag-latestnews","18":"tag-news","19":"tag-noticias","20":"tag-noticias-destacadas","21":"tag-noticiasdestacadas","22":"tag-santander","23":"tag-spain","24":"tag-titulares","25":"tag-torrelavega","26":"tag-ultimas-noticias","27":"tag-ultimasnoticias","28":"tag-universidad"},"share_on_mastodon":{"url":"","error":""},"_links":{"self":[{"href":"https:\/\/www.europesays.com\/es\/wp-json\/wp\/v2\/posts\/123951","targetHints":{"allow":["GET"]}}],"collection":[{"href":"https:\/\/www.europesays.com\/es\/wp-json\/wp\/v2\/posts"}],"about":[{"href":"https:\/\/www.europesays.com\/es\/wp-json\/wp\/v2\/types\/post"}],"author":[{"embeddable":true,"href":"https:\/\/www.europesays.com\/es\/wp-json\/wp\/v2\/users\/2"}],"replies":[{"embeddable":true,"href":"https:\/\/www.europesays.com\/es\/wp-json\/wp\/v2\/comments?post=123951"}],"version-history":[{"count":0,"href":"https:\/\/www.europesays.com\/es\/wp-json\/wp\/v2\/posts\/123951\/revisions"}],"wp:featuredmedia":[{"embeddable":true,"href":"https:\/\/www.europesays.com\/es\/wp-json\/wp\/v2\/media\/123952"}],"wp:attachment":[{"href":"https:\/\/www.europesays.com\/es\/wp-json\/wp\/v2\/media?parent=123951"}],"wp:term":[{"taxonomy":"category","embeddable":true,"href":"https:\/\/www.europesays.com\/es\/wp-json\/wp\/v2\/categories?post=123951"},{"taxonomy":"post_tag","embeddable":true,"href":"https:\/\/www.europesays.com\/es\/wp-json\/wp\/v2\/tags?post=123951"}],"curies":[{"name":"wp","href":"https:\/\/api.w.org\/{rel}","templated":true}]}}