{"id":123957,"date":"2025-09-18T22:47:12","date_gmt":"2025-09-18T22:47:12","guid":{"rendered":"https:\/\/www.europesays.com\/es\/123957\/"},"modified":"2025-09-18T22:47:12","modified_gmt":"2025-09-18T22:47:12","slug":"el-torneazo-de-la-sella-decisivo-para-el-let","status":"publish","type":"post","link":"https:\/\/www.europesays.com\/es\/123957\/","title":{"rendered":"El torneazo de La Sella, decisivo para el LET"},"content":{"rendered":"<p data-mrf-recirculation=\"Links P\u00e1rrafos\" class=\"ue-c-article__paragraph paragraph ue-c-article--first-letter-highlighted\">E<strong>l Ladies European Tour afronta su tramo decisivo de la temporada<\/strong> en La Sella Open, donde las cinco primeras clasificadas de la Orden de M\u00e9rito, lideradas por la inglesa Mimi Rhodes, se dar\u00e1n cita en La Sella Golf (D\u00e9nia, Espa\u00f1a), desde este jueves hasta el domingo, con el sobresaliente bot\u00edn de un mill\u00f3n de euros en premios, cifra in\u00e9dita en nuestro pa\u00eds.<\/p>\n<p data-mrf-recirculation=\"Links P\u00e1rrafos\" class=\"ue-c-article__paragraph paragraph\"><strong>Shannon Tan, Sara Kouskov\u00e1, Cara Gainer y Casandra Alexander encabezan, adem\u00e1s, un plantel de 132 jugadoras<\/strong> que disputar\u00e1n 72 hoyos bajo el formato stroke play en uno de los campos m\u00e1s emblem\u00e1ticos de la costa mediterr\u00e1nea. Tras las dos primeras rondas (36 hoyos), las 60 mejores profesionales continuar\u00e1n en la lucha por el t\u00edtulo tras superar el corte.<\/p>\n<p data-mrf-recirculation=\"Links P\u00e1rrafos\" class=\"ue-c-article__paragraph paragraph\"><strong>En 2024, la alemana Helen Briem se proclam\u00f3 campeona tras firmar una espectacular ronda final de 66 golpes<\/strong> (-6), libre de bogeys, que le permiti\u00f3 alcanzar un total de -18 y conquistar su primer t\u00edtulo en el Ladies European Tour.<\/p>\n<p data-mrf-recirculation=\"Links P\u00e1rrafos\" class=\"ue-c-article__paragraph paragraph\"><strong>Elegido Torneo del A\u00f1o por las jugadoras en 2023, La Sella Open se ha consolidado como un referente del golf femenino en Europa<\/strong>. Su excelencia organizativa y la apuesta por ofrecer la mayor bolsa de premios en Espa\u00f1a, junto a una de las m\u00e1s destacadas del continente, lo sit\u00faan como una cita imprescindible en el calendario internacional<\/p>\n<p>El l\u00edderato de Rhodes<\/p>\n<p data-mrf-recirculation=\"Links P\u00e1rrafos\" class=\"ue-c-article__paragraph paragraph\"><strong>Rhodes, que ya suma tres victorias en el LET esta temporada y viene de brillar con un hoyo en uno<\/strong> en el Women\u2019s AIG British Open, vivir\u00e1 su primera experiencia en La Sella Open con la ilusi\u00f3n de dar continuidad a su gran momento de forma.<\/p>\n<p data-mrf-recirculation=\"Links P\u00e1rrafos\" class=\"ue-c-article__paragraph paragraph\"><strong>\u201cLo tengo en mente, pero no me estresa demasiado el liderato\u00bb, dec\u00eda la inglesa<\/strong>. \u00abMe siento bien, la semana pasada estuve trabajando en Inglaterra con mi entrenador de juego corto y me noto muy c\u00f3moda, as\u00ed que afronto con ilusi\u00f3n esta semana\u201d.\u00a0La inglesa subray\u00f3 adem\u00e1s la conexi\u00f3n personal que le une a esta cita pues el campo le recuerda mucho a Sotogrande, donde reside desde ni\u00f1a. \u201cAunque no sea mi casa, es muy especial poder tener aqu\u00ed a mi padre; vinimos juntos en coche desde C\u00e1diz\u201d, apunta.<\/p>\n<p data-mrf-recirculation=\"Links P\u00e1rrafos\" class=\"ue-c-article__paragraph paragraph\"><strong>La checa Sara Kouskov\u00e1 tambi\u00e9n guarda una relaci\u00f3n especial con Espa\u00f1a, <\/strong>pa\u00eds en el que ya ha conquistado dos t\u00edtulos, incluido el Tenerife Open del pasado mes de mayo, donde super\u00f3 por un golpe a Helen Briem, campeona de La Sella Open 2024.\u00a0\u201cMe gusta mucho Espa\u00f1a; me encanta la comida, el ambiente relajado y el buen clima casi todo el tiempo, y eso me hace sentir feliz en el campo. Solo quiero concentrarme en la mentalidad adecuada, en jugar mi golf sin distraerme demasiado por los resultados o las posiciones\u201d.<\/p>\n<p><img decoding=\"async\" width=\"600\" height=\"400\" class=\"ue-c-article__image lazyload\" alt=\"Carolina L\u00f3pez Chacarra\" loading=\"lazy\" src=\"https:\/\/www.europesays.com\/es\/wp-content\/uploads\/2025\/09\/68cadfa66d619.jpeg\"\/><\/p>\n<p>Carolina L\u00f3pez Chacarra<\/p>\n<p>Un debut esperado<\/p>\n<p data-mrf-recirculation=\"Links P\u00e1rrafos\" class=\"ue-c-article__paragraph paragraph\"><strong>Esta semana debuta en el LET la amateur espa\u00f1ola Carolina L\u00f3pez-Chacarra, de 22 a\u00f1os,\u00a0<\/strong>quien ya brill\u00f3 en su primera participaci\u00f3n en un grande al terminar 36\u00aa en el US Women\u2019s Open, siendo una de las pocas amateurs en pasar el corte. Debutar en Espa\u00f1a es para la madrile\u00f1a \u00abmuy especial, el campo es maravilloso y adem\u00e1s tener aqu\u00ed a mi familia lo hace a\u00fan mejor. Tambi\u00e9n hay varias amigas con las que jugu\u00e9 en la universidad y me emociona reencontrarme con ellas y competir juntas\u00bb.<\/p>\n","protected":false},"excerpt":{"rendered":"El Ladies European Tour afronta su tramo decisivo de la temporada en La Sella Open, donde las cinco&hellip;\n","protected":false},"author":2,"featured_media":123958,"comment_status":"","ping_status":"","sticky":false,"template":"","format":"standard","meta":{"footnotes":""},"categories":[275],"tags":[168,25,24,329,23,167],"class_list":{"0":"post-123957","1":"post","2":"type-post","3":"status-publish","4":"format-standard","5":"has-post-thumbnail","7":"category-golf","8":"tag-deportes","9":"tag-es","10":"tag-espana","11":"tag-golf","12":"tag-spain","13":"tag-sports"},"share_on_mastodon":{"url":"","error":""},"_links":{"self":[{"href":"https:\/\/www.europesays.com\/es\/wp-json\/wp\/v2\/posts\/123957","targetHints":{"allow":["GET"]}}],"collection":[{"href":"https:\/\/www.europesays.com\/es\/wp-json\/wp\/v2\/posts"}],"about":[{"href":"https:\/\/www.europesays.com\/es\/wp-json\/wp\/v2\/types\/post"}],"author":[{"embeddable":true,"href":"https:\/\/www.europesays.com\/es\/wp-json\/wp\/v2\/users\/2"}],"replies":[{"embeddable":true,"href":"https:\/\/www.europesays.com\/es\/wp-json\/wp\/v2\/comments?post=123957"}],"version-history":[{"count":0,"href":"https:\/\/www.europesays.com\/es\/wp-json\/wp\/v2\/posts\/123957\/revisions"}],"wp:featuredmedia":[{"embeddable":true,"href":"https:\/\/www.europesays.com\/es\/wp-json\/wp\/v2\/media\/123958"}],"wp:attachment":[{"href":"https:\/\/www.europesays.com\/es\/wp-json\/wp\/v2\/media?parent=123957"}],"wp:term":[{"taxonomy":"category","embeddable":true,"href":"https:\/\/www.europesays.com\/es\/wp-json\/wp\/v2\/categories?post=123957"},{"taxonomy":"post_tag","embeddable":true,"href":"https:\/\/www.europesays.com\/es\/wp-json\/wp\/v2\/tags?post=123957"}],"curies":[{"name":"wp","href":"https:\/\/api.w.org\/{rel}","templated":true}]}}