{"id":123961,"date":"2025-09-18T22:50:08","date_gmt":"2025-09-18T22:50:08","guid":{"rendered":"https:\/\/www.europesays.com\/es\/123961\/"},"modified":"2025-09-18T22:50:08","modified_gmt":"2025-09-18T22:50:08","slug":"la-formula-1-cambiara-de-manera-radical-en-2026-con-un-nuevo-reglamento","status":"publish","type":"post","link":"https:\/\/www.europesays.com\/es\/123961\/","title":{"rendered":"La F\u00f3rmula 1 cambiar\u00e1 de manera radical en 2026 con un nuevo reglamento"},"content":{"rendered":"<p>La <a href=\"https:\/\/www.mendovoz.com\/deportes\/automovilismo\/2025\/9\/16\/franco-colapinto-en-el-gp-de-azerbaiyan-2025-cronograma-horarios-161564.html\" target=\"_blank\" rel=\"nofollow noopener\"><strong>F\u00f3rmula 1 <\/strong><\/a>cambiar\u00e1 de manera radical en 2026 con un nuevo <strong>reglamento <\/strong>que reducir\u00e1 el tama\u00f1o de los autos, modificar\u00e1 la aerodin\u00e1mica y transformar\u00e1 la motorizaci\u00f3n hacia un esquema mitad combusti\u00f3n y mitad el\u00e9ctrico.<\/p>\n<p><strong>Leer tambi\u00e9n<\/strong>:\u00a0<a href=\"https:\/\/www.mendovoz.com\/deportes\/polideportivo\/2025\/9\/18\/mas-de-100-jugadores-participaran-del-ii-encuentro-de-newcom-senior-161633.html\" target=\"_blank\" rel=\"nofollow noopener\">M\u00e1s de 100 jugadores participar\u00e1n del II Encuentro de Newcom Senior<\/a><\/p>\n<p>El objetivo es mayor eficiencia, menor consumo y velocidades punta cercanas a los 400 km\/h. El cambio obliga a todas las escuder\u00edas a concentrarse en esa temporada y abre expectativas para <strong>Alpine<\/strong>, que adem\u00e1s espera resolver la continuidad de <strong>Franco Colapinto.<\/strong><\/p>\n<p><img loading=\"lazy\" decoding=\"async\" alt=\"\" height=\"960\" src=\"https:\/\/www.europesays.com\/es\/wp-content\/uploads\/2025\/09\/f768x1-232644_232771_5050.jpg\" width=\"768\"\/>&#13;<br \/>\nAlpine abre expectativas con Colapinto.&#13;<\/p>\n<p>La principal novedad ser\u00e1 la aerodin\u00e1mica activa: <strong>el piloto podr\u00e1 accionar a voluntad los alerones delantero y traser<\/strong>o para reducir la resistencia y ganar velocidad en recta.<\/p>\n<p>La maniobra dejar\u00e1 de ser un recurso para los sobrepasos y pasar\u00e1 a ser una herramienta de eficiencia. Paralelamente, los autos ser\u00e1n 10 cent\u00edmetros m\u00e1s angostos, 20 m\u00e1s cortos y 30 kilos m\u00e1s livianos, con neum\u00e1ticos m\u00e1s estrechos y un cinco por ciento menos de adherencia. La estimaci\u00f3n es que giren un segundo m\u00e1s lentos por vuelta.<\/p>\n<p><strong>Leer m\u00e1s:<\/strong>\u00a0<a href=\"https:\/\/www.mendovoz.com\/deportes\/polideportivo\/2025\/9\/12\/datos-deportivos-que-sorprenden-en-mendoza-161386.html\" target=\"_blank\" rel=\"nofollow noopener\">Datos deportivos que sorprenden en Mendoza<\/a><\/p>\n<p>En cuanto al <strong>motor<\/strong>, el equilibrio ser\u00e1 50\/50 entre combusti\u00f3n y energ\u00eda el\u00e9ctrica. El V6 turbo aportar\u00e1 500 caballos y el MGU-K, que triplica su capacidad, entregar\u00e1 otros 500 caballos el\u00e9ctricos.<\/p>\n<p>El MGU-H desaparecer\u00e1 y en su lugar se incorporar\u00e1 un sistema tipo \u201cpush-to-pass\u201d, que dar\u00e1 un extra de bater\u00eda al piloto que est\u00e9 a menos de un segundo del auto de adelante.&#13;<br \/>\n&#13;\n<\/p>\n<p>Los an\u00e1lisis iniciales anticipan que <strong>Mercedes <\/strong>podr\u00eda tener la ventaja en el desarrollo del nuevo motor, como sucedi\u00f3 en el inicio de la era h\u00edbrida. Aston Martin conf\u00eda en su sociedad con <strong>Honda <\/strong>y el aporte de Adrian Newey, mientras que <strong>Alpine <\/strong>apuesta al motor Mercedes y al 30 por ciento extra de tiempo en el t\u00fanel de viento, beneficio derivado de ser el peor equipo del campeonato actual.&#13;<br \/>\n&#13;\n<\/p>\n<p><img loading=\"lazy\" decoding=\"async\" alt=\"\" height=\"959\" src=\"https:\/\/www.europesays.com\/es\/wp-content\/uploads\/2025\/09\/f768x1-232759_232886_4934.jpg\" width=\"768\"\/>&#13;<br \/>\nFranco Colapinto\u00a0integrar\u00eda la dupla con Pierre Gasly en 2026.&#13;<\/p>\n<p>La continuidad de <strong>Colapinto <\/strong>todav\u00eda no est\u00e1 confirmada, aunque<strong> desde la escuder\u00eda transmiten se\u00f1ales favorables para que integre la dupla con Pierre Gasly<\/strong> en 2026. Las inc\u00f3gnitas comenzar\u00e1n a despejarse con las pruebas de Barcelona y Bahr\u00e9in, pero la verdadera medida llegar\u00e1 reci\u00e9n en el <strong>GP de Australia,<\/strong> el 7 de marzo de 2026.&#13;<br \/>\n&#13;<br \/>\n\t\t\t&#13;<br \/>\n\t\t\t&#13;<br \/>\n\t\t\t&#13;\n\t\t\t<\/p>\n","protected":false},"excerpt":{"rendered":"La F\u00f3rmula 1 cambiar\u00e1 de manera radical en 2026 con un nuevo reglamento que reducir\u00e1 el tama\u00f1o de&hellip;\n","protected":false},"author":2,"featured_media":123962,"comment_status":"","ping_status":"","sticky":false,"template":"","format":"standard","meta":{"footnotes":""},"categories":[270],"tags":[3076,3463,168,25,24,306,271,272,23,167],"class_list":{"0":"post-123961","1":"post","2":"type-post","3":"status-publish","4":"format-standard","5":"has-post-thumbnail","7":"category-formula-1","8":"tag-3076","9":"tag-cambios","10":"tag-deportes","11":"tag-es","12":"tag-espana","13":"tag-f1","14":"tag-formula-1","15":"tag-formula1","16":"tag-spain","17":"tag-sports"},"share_on_mastodon":{"url":"","error":""},"_links":{"self":[{"href":"https:\/\/www.europesays.com\/es\/wp-json\/wp\/v2\/posts\/123961","targetHints":{"allow":["GET"]}}],"collection":[{"href":"https:\/\/www.europesays.com\/es\/wp-json\/wp\/v2\/posts"}],"about":[{"href":"https:\/\/www.europesays.com\/es\/wp-json\/wp\/v2\/types\/post"}],"author":[{"embeddable":true,"href":"https:\/\/www.europesays.com\/es\/wp-json\/wp\/v2\/users\/2"}],"replies":[{"embeddable":true,"href":"https:\/\/www.europesays.com\/es\/wp-json\/wp\/v2\/comments?post=123961"}],"version-history":[{"count":0,"href":"https:\/\/www.europesays.com\/es\/wp-json\/wp\/v2\/posts\/123961\/revisions"}],"wp:featuredmedia":[{"embeddable":true,"href":"https:\/\/www.europesays.com\/es\/wp-json\/wp\/v2\/media\/123962"}],"wp:attachment":[{"href":"https:\/\/www.europesays.com\/es\/wp-json\/wp\/v2\/media?parent=123961"}],"wp:term":[{"taxonomy":"category","embeddable":true,"href":"https:\/\/www.europesays.com\/es\/wp-json\/wp\/v2\/categories?post=123961"},{"taxonomy":"post_tag","embeddable":true,"href":"https:\/\/www.europesays.com\/es\/wp-json\/wp\/v2\/tags?post=123961"}],"curies":[{"name":"wp","href":"https:\/\/api.w.org\/{rel}","templated":true}]}}